{"id":11535,"date":"2011-07-29T09:09:08","date_gmt":"2011-07-29T08:09:08","guid":{"rendered":"http:\/\/www.hohenlohe-ungefiltert.de\/?p=11535"},"modified":"2011-07-29T11:09:20","modified_gmt":"2011-07-29T10:09:20","slug":"obdachlosenhilfe-tagestreff-schuppachburg-in-schwabisch-hall-macht-sommerpause-%e2%80%93-ehrenamtliche-helfer-gesucht","status":"publish","type":"post","link":"https:\/\/www.hohenlohe-ungefiltert.de\/?p=11535","title":{"rendered":"&#8222;Obdachlosenhilfe: Tagestreff Schuppachburg in Schw\u00e4bisch Hall macht Sommerpause&#8220; \u2013 Ehrenamtliche Helfer gesucht"},"content":{"rendered":"<p><strong>Der Tagestreff Schuppachburg der Erlacher H\u00f6he Hohenlohe-Franken in Schw\u00e4bisch Hall macht vom Montag, 1. August 2011 bis einschlie\u00dflich Montag, 29. August 2011 eine Sommerpause. In dieser Zeit wird die K\u00fcche des Tagestreffs renoviert. Die K\u00fcchenrenovierung wurde durch eine Spende des Lions-Clubs m\u00f6glich. Ab Dienstag, 30. August 2011, ist die Schuppachburg wieder t\u00e4glich au\u00dfer montags von 9 Uhr bis 17 Uhr ge\u00f6ffnet.<\/strong><\/p>\n<p><em>Von der Erlacher H\u00f6he Hohenlohe-Franken, Schw\u00e4bisch Hall<\/em><\/p>\n<p><strong>Ehrenamtliche Helfer gesucht<\/strong><\/p>\n<p>\u00dcber ehrenamtliche Unterst\u00fctzung w\u00fcrde sich das Team der Schuppachburg sehr freuen. Helfer werden in der K\u00fcche bei der Zubereitung des Mittagessens und in der Besucherbetreuung gesucht. Bei Interesse an einer ehrenamtlichen Mitarbeit freut sich das Team der Erlacher H\u00f6he Hohenlohe-Franken \u00fcber einen Anruf. Auch eine Stelle im Rahmen des Bundesfreiwilligendienstes ist noch zu besetzen.<\/p>\n<p><strong>Not\u00fcbernachtung Kelkertor und Fachberatungsstelle ge\u00f6ffnet<\/strong><\/p>\n<p>Die Not\u00fcbernachtung Kelkertor und die Fachberatungsstelle f\u00fcr Menschen in sozialen Notlagen sind auch in den Sommerferien regul\u00e4r ge\u00f6ffnet.<\/p>\n<p><strong>Weitere Informationen und Kontakt:<\/strong><\/p>\n<p>Tagestreff Schuppachburg Schw\u00e4bisch Hall, Am Schuppach 5, 74523 Schw\u00e4bisch Hall<\/p>\n<p>Telefon: 07 91 \u2013 64 11<\/p>\n<p>Fax: 0791 \u2013 97 82 734<\/p>\n<p>E-Mail: schuppachburg@erlacher-hoehe.de<\/p>\n<p><strong>Fachberatungsstelle und Not\u00fcbernachtung: <\/strong><\/p>\n<p>Telefon: 0791 9782733<\/p>\n<p>E-Mail: regina.buck@erlacher-hoehe.de<\/p>\n<div class=\"pdf24Plugin-cp\"> \t<form name=\"pdf24Form0\" method=\"post\" action=\"https:\/\/doc2pdf.pdf24.org\/wordpress.php\" target=\"pdf24PopWin\" onsubmit=\"var pdf24Win = window.open('about:blank', 'pdf24PopWin', 'resizable=yes,scrollbars=yes,width=600,height=250,left='+(screen.width\/2-300)+',top='+(screen.height\/3-125)+''); pdf24Win.focus(); if(typeof pdf24OnCreatePDF === 'function'){void(pdf24OnCreatePDF(this,pdf24Win));}\"> \t\t<input type=\"hidden\" name=\"blogCharset\" value=\"Cw1x07UAAA==\" \/><input type=\"hidden\" name=\"blogPosts\" value=\"MwQA\" \/><input type=\"hidden\" name=\"blogUrl\" value=\"yygpKSi20tcvLy\/Xy8jPSM3LARK6pXnpqWmZOSWpRSV6KakA\" \/><input type=\"hidden\" name=\"blogName\" value=\"88jPSM3LARK6pXnpqWmZOSWpRSUA\" \/><input type=\"hidden\" name=\"blogValueEncoding\" value=\"gzdeflate base64\" \/><input type=\"hidden\" name=\"postId_0\" value=\"MzQ0NTYFAA==\" \/><input type=\"hidden\" name=\"postTitle_0\" value=\"U1O2MDIysvZPSklMzsjJL07Ny8jMSUu1UghJTE8tLilKTUtTCE7OKC0oAMonlRalK2TmgQTKDy9JyixOzlDwSMzJUcgFSpYoBOfn5qYWFSSWFqeqgYw1sFZ41DBZwTWjKDUvMbckJzM5I1XBIxVofJEC0PBSoB4A\" \/><input type=\"hidden\" name=\"postLink_0\" value=\"yygpKSi20tcvLy\/Xy8jPSM3LARK6pXnpqWmZOSWpRSV6Kan69gW2hoamxqYA\" \/><input type=\"hidden\" name=\"postAuthor_0\" value=\"AwA=\" \/><input type=\"hidden\" name=\"postDateTime_0\" value=\"MzIwNNQ1MNc1slQwsLQyMLcysAAA\" \/><input type=\"hidden\" name=\"postContent_0\" value=\"jVRLThtBEN3nFHUAe8A2xNiyrEAAERFnEUIisevx1My03NNj9QdHXuUO2UZiwxlYeTc3yUlS1R4b\/EFkY3VP1at+9V6VB9PhwDpT6mx4jga+iQzpimkKN+PcT6dinMfeZJBQ8MIoutLhqnrKEa7KHLWin+alEXqCGqRm1Kx6jKUd53AllIKCIA7uywJGpXYia0ArglOfeeugfdhqAeUCSk0AJbF6UJKQq9R2bzOX8hBuyqJAMxXeYgSfNCQSLZG6Q+lgJk3CH+C6WhBVom1f9GTBoC7vJRoXwfk6S6++ep3BzJuEcN4QjeVzU9TJstJnWWrb\/Kh8bKGonjLmSgRjrqVtYNw53GDcAEknJrQp50wiK+qqx1AEhK8e6F6Evi3JpaEHt7kJ6rS64Zhh9ZSmGl00OKgtGxxMh+8GZCEWw++E+R+XGjseDQ4Ivi5Vl77ISRVROKZHVVClyBSsJzt33q\/+xBTFDcitdmisqxZuHnStFiys5W4TQa6gKALfTWEsFYHUoEcdrV6dISHDdHF+7WyMMlzvPD1N1vMb7NFIOseGW3IEvE5WsLNAHU2MNAqes+tmIgpJmiNiyygQOvi+1Y7mwoLQNGRMz+3p5M39qBZBJqqu4VQbn\/KsrOfMoVIIsoCvIi9Qh27OqAO09KCcSaVkRqMYRo1CPFi6JPTckxgW3Zwk23bxS+nCo5q3kJu+RjWh8S9N0OaSZUcjOGTtksB6zHZc5o15oyBP+r6iKbkPI+QtXzppy7kUis5UUJFf9EUSXrAcwTFd7zkNAHVMi5t5VT1ubsFmrz\/IG\/KQrExLUwhHy0pAZnXNazVx\/Z2OXv27216RBpwWzylw3IDu0XG7s2eV6sKoMC11Hw670GvB31+\/4f0RtFqr+KX4ybE61OvCSRu6naNV+KI5ElL1wb4k9QHr+WrmJeYYJbitwD7luf9t0\/qwq8QzYSLV6560u53ONh0yQWoRxX48eYXMPw==\" \/> \t\t<a href=\"https:\/\/www.pdf24.org\" target=\"_blank\" title=\"www.pdf24.org\" rel=\"nofollow\"><img src=\"https:\/\/www.hohenlohe-ungefiltert.de\/wp-content\/plugins\/pdf24-post-to-pdf\/img\/pdf_32x32.png\" alt=\"\" border=\"0\" height=\"32\" \/><\/a> \t\t<span class=\"pdf24Plugin-cp-space\">&nbsp;&nbsp;<\/span> \t\t<span class=\"pdf24Plugin-cp-text\">Sende Artikel als PDF<\/span> \t\t<span class=\"pdf24Plugin-cp-space\">&nbsp;&nbsp;<\/span> \t\t<input class=\"pdf24Plugin-cp-input\" style=\"margin: 0px;\" type=\"text\" name=\"sendEmailTo\" placeholder=\"Emailadresse\" \/> \t\t<input class=\"pdf24Plugin-cp-submit\" style=\"margin: 0px;\" type=\"submit\" value=\"Senden\" \/> \t<\/form> <\/div>","protected":false},"excerpt":{"rendered":"<p>Der Tagestreff Schuppachburg der Erlacher H\u00f6he Hohenlohe-Franken in Schw\u00e4bisch Hall macht vom Montag, 1. August 2011 bis einschlie\u00dflich Montag, 29. August 2011 eine Sommerpause. In dieser Zeit wird die K\u00fcche des Tagestreffs renoviert. Die K\u00fcchenrenovierung wurde durch eine Spende des Lions-Clubs m\u00f6glich. Ab Dienstag, 30. August 2011, ist die Schuppachburg wieder t\u00e4glich au\u00dfer montags von [&hellip;]<\/p>\n","protected":false},"author":3,"featured_media":0,"comment_status":"open","ping_status":"open","sticky":false,"template":"","format":"standard","meta":[],"categories":[],"tags":[],"_links":{"self":[{"href":"https:\/\/www.hohenlohe-ungefiltert.de\/index.php?rest_route=\/wp\/v2\/posts\/11535"}],"collection":[{"href":"https:\/\/www.hohenlohe-ungefiltert.de\/index.php?rest_route=\/wp\/v2\/posts"}],"about":[{"href":"https:\/\/www.hohenlohe-ungefiltert.de\/index.php?rest_route=\/wp\/v2\/types\/post"}],"author":[{"embeddable":true,"href":"https:\/\/www.hohenlohe-ungefiltert.de\/index.php?rest_route=\/wp\/v2\/users\/3"}],"replies":[{"embeddable":true,"href":"https:\/\/www.hohenlohe-ungefiltert.de\/index.php?rest_route=%2Fwp%2Fv2%2Fcomments&post=11535"}],"version-history":[{"count":4,"href":"https:\/\/www.hohenlohe-ungefiltert.de\/index.php?rest_route=\/wp\/v2\/posts\/11535\/revisions"}],"predecessor-version":[{"id":11538,"href":"https:\/\/www.hohenlohe-ungefiltert.de\/index.php?rest_route=\/wp\/v2\/posts\/11535\/revisions\/11538"}],"wp:attachment":[{"href":"https:\/\/www.hohenlohe-ungefiltert.de\/index.php?rest_route=%2Fwp%2Fv2%2Fmedia&parent=11535"}],"wp:term":[{"taxonomy":"category","embeddable":true,"href":"https:\/\/www.hohenlohe-ungefiltert.de\/index.php?rest_route=%2Fwp%2Fv2%2Fcategories&post=11535"},{"taxonomy":"post_tag","embeddable":true,"href":"https:\/\/www.hohenlohe-ungefiltert.de\/index.php?rest_route=%2Fwp%2Fv2%2Ftags&post=11535"}],"curies":[{"name":"wp","href":"https:\/\/api.w.org\/{rel}","templated":true}]}}