{"id":1151,"date":"2009-03-23T15:27:44","date_gmt":"2009-03-23T14:27:44","guid":{"rendered":"http:\/\/www.hohenlohe-ungefiltert.de\/?p=1151"},"modified":"2009-03-24T12:13:53","modified_gmt":"2009-03-24T11:13:53","slug":"vortrag-in-schwabisch-hall-%e2%80%9eregiogeld-%e2%80%93-modelle-fur-kooperatives-wirtschaften-%e2%80%93-zukunft-in-unserer-region-gestalten-mit-dem-hohenloher-franken%e2%80%9c","status":"publish","type":"post","link":"https:\/\/www.hohenlohe-ungefiltert.de\/?p=1151","title":{"rendered":"Vortrag in Schw\u00e4bisch Hall: \u201eRegiogeld \u2013 Modelle f\u00fcr kooperatives Wirtschaften \u2013 Zukunft in unserer Region gestalten mit dem Hohenloher Franken\u201c"},"content":{"rendered":"<p><strong>Ein Vortrag von Dr. Johannes Engels mit dem Titel \u201eRegiogeld \u2013 Modelle f\u00fcr kooperatives Wirtschaften \/ Zukunft in unserer Region gestalten mit Hohenloher Franken\u201c findet am Freitag, 27. M\u00e4rz 2009, um 20 Uhr im Theatersaal des Alten Schlachthauses in Schw\u00e4bisch Hall statt. Der Eintritt ist frei. <\/strong><strong>Organisiert hat den Vortrag der Verein Hohenloher Franken e.V.<\/strong><\/p>\n<p><em>Von den Veranstaltern<\/em><\/p>\n<p>Seit dem 2. Januar 2009 ist die neue Regionalw\u00e4hrung \u201eHohenloher Franken\u201c in der regionalen Umlaufbahn und bei \u00fcber 60 Unternehmen kann inzwischen damit bezahlt werden.<br \/>\nUm umfassend zu informieren und diese Initiative als Teil einer gesellschaftlichen Aufbruchbewegung darzustellen, hat der Verein Hohenloher Franken e.V. einen Vortrag mit dem Bankenexperten Dr. Johannes Engels organisiert. Im Anschluss stellt der Verein erneut das Konzept des Hohenloher Frankens vor. Alle interessierten B\u00fcrgerinnen und B\u00fcrger sind eingeladen, an dieser Veranstaltung teilzunehmen.<\/p>\n<p><strong>Johannes Engels gilt als Experte f\u00fcr Regiogelder<\/strong><br \/>\nDr. Engels schloss sein Promotionsstudium der Volkswirtschcaftslehre (VWL ) Mitte der  1980er Jahre ab. Er ist seither im bankwirtschaftlichen Bereich t\u00e4tig und Bildungsbeauftragter der katholischen Kirche im Bistum Mainz. Er ist ein ausgezeichneter Kenner sowohl der historischen wie auch der gegenw\u00e4rtigen Regiogelder. Er unterst\u00fctzt durch seine Vortragst\u00e4tigkeit die vielen inzwischen in Deutschland existierenden Regiogeld-Initiativen.<\/p>\n<p><strong>Weitere Infos:<\/strong> <a href=\"http:\/\/www.hohenloher-franken.de\/\" target=\"_blank\">www.hohenloher-franken.de\/<\/a><\/p>\n<div class=\"pdf24Plugin-cp\"> \t<form name=\"pdf24Form0\" method=\"post\" action=\"https:\/\/doc2pdf.pdf24.org\/wordpress.php\" target=\"pdf24PopWin\" onsubmit=\"var pdf24Win = window.open('about:blank', 'pdf24PopWin', 'resizable=yes,scrollbars=yes,width=600,height=250,left='+(screen.width\/2-300)+',top='+(screen.height\/3-125)+''); pdf24Win.focus(); if(typeof pdf24OnCreatePDF === 'function'){void(pdf24OnCreatePDF(this,pdf24Win));}\"> \t\t<input type=\"hidden\" name=\"blogCharset\" value=\"Cw1x07UAAA==\" \/><input type=\"hidden\" name=\"blogPosts\" value=\"MwQA\" \/><input type=\"hidden\" name=\"blogUrl\" value=\"yygpKSi20tcvLy\/Xy8jPSM3LARK6pXnpqWmZOSWpRSV6KakA\" \/><input type=\"hidden\" name=\"blogName\" value=\"88jPSM3LARK6pXnpqWmZOSWpRSUA\" \/><input type=\"hidden\" name=\"blogValueEncoding\" value=\"gzdeflate base64\" \/><input type=\"hidden\" name=\"postId_0\" value=\"MzQ0NQQA\" \/><input type=\"hidden\" name=\"postTitle_0\" value=\"HYy7DcJAEAVbeXVQAHJCAhJIZIdv7yOv99DeGlL3QIqIKIPMnbgSbCdPetLMnIuauogsOLXpOX1vubYJjWPeYR4\/R4q5RGK\/nBcOxRMzIUw\/RVfKndRZflDFJastogtGsqHXoRsk2BoepJKSYmsJIlVzvHJ9Nnjq0ZREwsso9uqkI5nH9x8=\" \/><input type=\"hidden\" name=\"postLink_0\" value=\"yygpKSi20tcvLy\/Xy8jPSM3LARK6pXnpqWmZOSWpRSV6Kan69gW2hoamhgA=\" \/><input type=\"hidden\" name=\"postAuthor_0\" value=\"AwA=\" \/><input type=\"hidden\" name=\"postDateTime_0\" value=\"MzIwsNQ1MNY1MlYwNLUyMLYyMQEA\" \/><input type=\"hidden\" name=\"postContent_0\" value=\"hVRLbhw3EN37FAWtYkDuVrRIYmM8gATJsK0IDmxrBGQTVE9XN4lhkwOSrTZm5TtkG2SlY2g3N\/FJ\/MhuzSiWjWzmw0\/Vq\/fhbD2fheidbefn2tLC+ei5pRtn6cwX9NYptlYCndtWTKBOR6qlo486iqEvn\/99L6122Krx52+6dLUYI9Rs7zytnFuL56hvcP9a+xiWipsolkr6s1\/1tomElr0N4sVTrmSplRDZpFOp12unxBp8eHrl2a7Efvn8DzXa1hKJOyyKjtwe0vGvBV1ub\/2Gjo+Onh9S3+EHXSlPGmiVcBQfmA3QBzrJ9T8sleGlior7gEWdV4btbaUBlF6zMQQoMRZ0hvZgJ3odATlEatC2oFk5MXfP4DvfstVBi4+kODG1Z7RGjQUGRZvHQ5EUi2JfrlzPn8wgjHTzBSjJZcCkHZnxdlZi5\/7UB5k0OYZcbHv2mYKMs9ZCVnqZyGWD8ZTvbZuk+z632maofrqA1led4b6pWCWtaqpE0\/auwplfQLBNeER1OLeCU3B9MyT+8L\/mpGAlG1Ym0iAecxSzylM5f3LVQaGGQxBU3PS41jjfgTgZmwB4EHpjddTZQMQw30fRhkAgWsMlMNpoKKNzuxNg9P1SVTJIm0as2W\/6EJMh7eGkx\/9pkMvvRbu3+2k+IZ\/g5+Sc7yXD7bUv6E1HJxboTB8CZQj\/aZ4o67HCgS6c3cg6Zls+xhQQRPQ6SZnSiWoJuQMwnCJirXht7UTZtEAB4UhjABXXaXK2I53+gYkSPxF0bvpRvGLnucmD347XaoyQRDgfSRgjvku\/+L17R4UTR9PdRIRLRKTZ\/\/CucxHeCiH2tUZOMzHOrMIwvhFLaBqMKC\/00+L6d3pKl8id5HP08\/PfjvD9ltM2V+jhs9NROybikPYK1A2752Zyx2liHrGO29uo25EwbWrwECqBvZPc4Dc3WXFUzkwuvtAe36nuKfoA7iXD47u+aSS8H61sUnkrqcaF2OTR4AanTK6ocNT5qeKAUDKMmndaacUilR6osPeA0NyiT6KHuL2LG3ikB5TMotw7NIzzrPIbgLo3WlJkH6QQ+M5gtqQBJ2N8ApScs\/phu2f7qD32wjWq4wbi2LjwYic0zZigQvPyQMW4flGWwzAUaufhZ83o4aKW8oAiw5zx5cFfFWCsDuY\/PjsreXzbvgI=\" \/> \t\t<a href=\"https:\/\/www.pdf24.org\" target=\"_blank\" title=\"www.pdf24.org\" rel=\"nofollow\"><img src=\"https:\/\/www.hohenlohe-ungefiltert.de\/wp-content\/plugins\/pdf24-post-to-pdf\/img\/pdf_32x32.png\" alt=\"\" border=\"0\" height=\"32\" \/><\/a> \t\t<span class=\"pdf24Plugin-cp-space\">&nbsp;&nbsp;<\/span> \t\t<span class=\"pdf24Plugin-cp-text\">Sende Artikel als PDF<\/span> \t\t<span class=\"pdf24Plugin-cp-space\">&nbsp;&nbsp;<\/span> \t\t<input class=\"pdf24Plugin-cp-input\" style=\"margin: 0px;\" type=\"text\" name=\"sendEmailTo\" placeholder=\"Emailadresse\" \/> \t\t<input class=\"pdf24Plugin-cp-submit\" style=\"margin: 0px;\" type=\"submit\" value=\"Senden\" \/> \t<\/form> <\/div>","protected":false},"excerpt":{"rendered":"<p>Ein Vortrag von Dr. Johannes Engels mit dem Titel \u201eRegiogeld \u2013 Modelle f\u00fcr kooperatives Wirtschaften \/ Zukunft in unserer Region gestalten mit Hohenloher Franken\u201c findet am Freitag, 27. M\u00e4rz 2009, um 20 Uhr im Theatersaal des Alten Schlachthauses in Schw\u00e4bisch Hall statt. Der Eintritt ist frei. Organisiert hat den Vortrag der Verein Hohenloher Franken e.V. [&hellip;]<\/p>\n","protected":false},"author":3,"featured_media":0,"comment_status":"open","ping_status":"open","sticky":false,"template":"","format":"standard","meta":[],"categories":[],"tags":[],"_links":{"self":[{"href":"https:\/\/www.hohenlohe-ungefiltert.de\/index.php?rest_route=\/wp\/v2\/posts\/1151"}],"collection":[{"href":"https:\/\/www.hohenlohe-ungefiltert.de\/index.php?rest_route=\/wp\/v2\/posts"}],"about":[{"href":"https:\/\/www.hohenlohe-ungefiltert.de\/index.php?rest_route=\/wp\/v2\/types\/post"}],"author":[{"embeddable":true,"href":"https:\/\/www.hohenlohe-ungefiltert.de\/index.php?rest_route=\/wp\/v2\/users\/3"}],"replies":[{"embeddable":true,"href":"https:\/\/www.hohenlohe-ungefiltert.de\/index.php?rest_route=%2Fwp%2Fv2%2Fcomments&post=1151"}],"version-history":[{"count":6,"href":"https:\/\/www.hohenlohe-ungefiltert.de\/index.php?rest_route=\/wp\/v2\/posts\/1151\/revisions"}],"predecessor-version":[{"id":1164,"href":"https:\/\/www.hohenlohe-ungefiltert.de\/index.php?rest_route=\/wp\/v2\/posts\/1151\/revisions\/1164"}],"wp:attachment":[{"href":"https:\/\/www.hohenlohe-ungefiltert.de\/index.php?rest_route=%2Fwp%2Fv2%2Fmedia&parent=1151"}],"wp:term":[{"taxonomy":"category","embeddable":true,"href":"https:\/\/www.hohenlohe-ungefiltert.de\/index.php?rest_route=%2Fwp%2Fv2%2Fcategories&post=1151"},{"taxonomy":"post_tag","embeddable":true,"href":"https:\/\/www.hohenlohe-ungefiltert.de\/index.php?rest_route=%2Fwp%2Fv2%2Ftags&post=1151"}],"curies":[{"name":"wp","href":"https:\/\/api.w.org\/{rel}","templated":true}]}}