{"id":11491,"date":"2011-07-26T20:06:34","date_gmt":"2011-07-26T19:06:34","guid":{"rendered":"http:\/\/www.hohenlohe-ungefiltert.de\/?p=11491"},"modified":"2011-07-26T20:06:34","modified_gmt":"2011-07-26T19:06:34","slug":"kein-frieden-mit-der-bundeswehr-%e2%80%93-demo-und-kundgebung-am-antikriegstag-in-schwabisch-hall","status":"publish","type":"post","link":"https:\/\/www.hohenlohe-ungefiltert.de\/?p=11491","title":{"rendered":"&#8222;Kein Frieden mit der Bundeswehr&#8220; \u2013 Demo und Kundgebung am Antikriegstag in Schw\u00e4bisch Hall"},"content":{"rendered":"<p><strong>Der Club alpha 60 in Schw\u00e4bisch Hall ruft zu einer Kundgebung und Demonstration am Antikriegstag (1. September 2011) auf. Als Kundgebungsrednerin spricht Heidi Scharf, 1. Bevollm\u00e4chtigte der IG Metall Verwaltungsstelle Schw\u00e4bisch Hall. Die Kundgebung und Demo finden ab 17 Uhr auf dem Marktplatz und der Michaelstreppe in Schw\u00e4bisch Hall statt.<\/strong><\/p>\n<p><em>Von Siegfried Hubele, Schw\u00e4bisch Hall<\/em><\/p>\n<p><strong>Bundeswehr wirbt f\u00fcr neues Kanonenfutter an Schulen, Unis und Arbeits\u00e4mtern<br \/>\n<\/strong><\/p>\n<p>Schon 1968 haben hunderte AntimilitaristInnen auf der Michaelstreppe in Hall gegen den Krieg in Vietnam protestiert. Seit zehn Jahren f\u00fchrt die Bundeswehr Krieg in Afghanistan. Die deutschen R\u00fcstungsexporte sind mit die h\u00f6chsten weltweit. Unter der verharmlosenden Bezeichnung &#8222;Zivilmilit\u00e4rische Zusammenarbeit (ZMZ)&#8220; wird der Einsatz der Bundeswehr im Inneren, gegen Streikende und Globalisierungsgegner (Heiligendamm) trainiert und vorbereitet. Die vom Grundgesetz strikt auf Verteidigung beschr\u00e4nkte Bundeswehr wurde zur Berufsarmee umgewidmet, sie wirbt f\u00fcr neues &#8222;Kanonenfutter&#8220; verst\u00e4rkt an Schulen, Unis und in Arbeits\u00e4mtern. Der weltweite Einsatz der Bundeswehr, f\u00fcr die Interessen der deutschen Wirtschaft, soll zum &#8222;Normalfall&#8220; werden.<\/p>\n<p><strong>Wir entsprechen nicht dieser &#8222;Normalit\u00e4t&#8220; des Krieges !<\/strong><\/p>\n<p>Deshalb demonstrieren wir am 1. September 2011, an dem Tag als die Wehrmacht 1939 Polen \u00fcberfallen und einen Eroberungs- und Vernichtungskrieg nie gekannten Ausma\u00dfes, entfacht hat. Kampf dem Krieg ! Nie wieder Faschismus !<\/p>\n<div class=\"pdf24Plugin-cp\"> \t<form name=\"pdf24Form0\" method=\"post\" action=\"https:\/\/doc2pdf.pdf24.org\/wordpress.php\" target=\"pdf24PopWin\" onsubmit=\"var pdf24Win = window.open('about:blank', 'pdf24PopWin', 'resizable=yes,scrollbars=yes,width=600,height=250,left='+(screen.width\/2-300)+',top='+(screen.height\/3-125)+''); pdf24Win.focus(); if(typeof pdf24OnCreatePDF === 'function'){void(pdf24OnCreatePDF(this,pdf24Win));}\"> \t\t<input type=\"hidden\" name=\"blogCharset\" value=\"Cw1x07UAAA==\" \/><input type=\"hidden\" name=\"blogPosts\" value=\"MwQA\" \/><input type=\"hidden\" name=\"blogUrl\" value=\"yygpKSi20tcvLy\/Xy8jPSM3LARK6pXnpqWmZOSWpRSV6KakA\" \/><input type=\"hidden\" name=\"blogName\" value=\"88jPSM3LARK6pXnpqWmZOSWpRSUA\" \/><input type=\"hidden\" name=\"blogValueEncoding\" value=\"gzdeflate base64\" \/><input type=\"hidden\" name=\"postId_0\" value=\"MzQ0sTQEAA==\" \/><input type=\"hidden\" name=\"postTitle_0\" value=\"U1O2MDIysvZOzcxTcCvKTE1JzVPIzSxRSEktUnAqzUtJLS5PzShSA6kysFZ41DBZwSU1N18BKKPgDSTSU5NK89IVEnMVHPNKMrOBBqQXlySmKwBNC07OKD+8JCmzODlDwSMxJwcA\" \/><input type=\"hidden\" name=\"postLink_0\" value=\"yygpKSi20tcvLy\/Xy8jPSM3LARK6pXnpqWmZOSWpRSV6Kan69gW2hoYmloYA\" \/><input type=\"hidden\" name=\"postAuthor_0\" value=\"AwA=\" \/><input type=\"hidden\" name=\"postDateTime_0\" value=\"MzIwNNQ1MNc1MlMwMrAyMLcyNgEA\" \/><input type=\"hidden\" name=\"postContent_0\" value=\"dZTBThxHEIbveYqyIlkgbRaWSLaRV0hLcIAgrCjEWOLWw9TMlLa7Z9Tds2vxMrnsM\/jEbV4sf\/UAAi8+MVq6q\/7\/q79r3h3NYwqtr49OONAfti\/I2K4x9G6fxNPVbbMeNoXE24bOjLUU+irRXU8sHucvel\/WXPS+JnzRCbvWo5xJ0noyjhY+yTII1zGZmnZmU7riLrErcPdgfzbbJdNXU1rY+KxUDFyiOLrHLshtk+iMpRTVYkI1IVQ55lVrrRs2+K\/UialEwfNTuuSkIq85rI1NWismtpa3fEzpRPg1+VSJLxniC5q9py9NUIUo7+jShGXqrEl3+bB2vIQ6wxaOuev4VV4wntJ0vvcAeb7XHf0yB3R2R9dgdAU2FQCVdNYXbHmyVWG+h6NP1x7KHEMBxzVD3lpCkaga7gN57hkgjW89+6pPCRJN1tRb9hP64iVm7YtQsKQ4bByO+HkRaA\/lf9SIe1A4O3z3gRpTgEmjXQNo61idWEkmSEzn3iuwjOk1JplDzTUOKdkLzYP+fi2cPELShTZxTILSmg9Bvrjx9JdpAo7DWRMSlRjXM9dPRRZV3Rj4SsaPMy25T2CHm\/8M9zFngL91rcqOGC05GYs1w\/fbBunwtGab1mg7BSBFpi5WHBA2Z9vIOQ7HfMcw5jUqb3\/9cHBw8PFGVmIzhWETdFxMN300zrE3mS\/t3Fze7ObT+x91TmNoPomPGiL9fuZIHCnIoIMaYV0BoSy1fx7aqW0LYyWCk5rCGX2BO3gbVnC8ROddwtsTryTzlVULISiSOI1wVq2j05BTHxkaMCVZpjy7a50snlmtFguGnzBs\/DK9wL7uA9Tc9VAOFVUEIoY6V\/NaSsdpAsa8HckHYi+S+cgFpKMSVBmvZVVn\/CKucALfj0Pjn\/CcjP110uc6VY4x5y88C8hXCfplKtWNfQJj7lHr5zY4YytE92mADO9++uNTRBFin7CqOBf1eWOhb0SvF8U0KOmxWqkvVUOMv2+2nt4Jx8bYQvdOXqiiuVCuulS3tuhEyemK+hdL1mCXquuvgOCMapkd\/n5If7fASsM97qgpfCtc3eKePoW2GEP1W\/4VUcgu9Je8vWGKEcql8V4fzKKPzgz\/cZyo8yo3aQwidmFcNy7L8X2+oc85Dqzc\/zRgLdH12TB8\/g8=\" \/> \t\t<a href=\"https:\/\/www.pdf24.org\" target=\"_blank\" title=\"www.pdf24.org\" rel=\"nofollow\"><img src=\"https:\/\/www.hohenlohe-ungefiltert.de\/wp-content\/plugins\/pdf24-post-to-pdf\/img\/pdf_32x32.png\" alt=\"\" border=\"0\" height=\"32\" \/><\/a> \t\t<span class=\"pdf24Plugin-cp-space\">&nbsp;&nbsp;<\/span> \t\t<span class=\"pdf24Plugin-cp-text\">Sende Artikel als PDF<\/span> \t\t<span class=\"pdf24Plugin-cp-space\">&nbsp;&nbsp;<\/span> \t\t<input class=\"pdf24Plugin-cp-input\" style=\"margin: 0px;\" type=\"text\" name=\"sendEmailTo\" placeholder=\"Emailadresse\" \/> \t\t<input class=\"pdf24Plugin-cp-submit\" style=\"margin: 0px;\" type=\"submit\" value=\"Senden\" \/> \t<\/form> <\/div>","protected":false},"excerpt":{"rendered":"<p>Der Club alpha 60 in Schw\u00e4bisch Hall ruft zu einer Kundgebung und Demonstration am Antikriegstag (1. September 2011) auf. Als Kundgebungsrednerin spricht Heidi Scharf, 1. Bevollm\u00e4chtigte der IG Metall Verwaltungsstelle Schw\u00e4bisch Hall. Die Kundgebung und Demo finden ab 17 Uhr auf dem Marktplatz und der Michaelstreppe in Schw\u00e4bisch Hall statt. Von Siegfried Hubele, Schw\u00e4bisch Hall [&hellip;]<\/p>\n","protected":false},"author":3,"featured_media":0,"comment_status":"open","ping_status":"open","sticky":false,"template":"","format":"standard","meta":[],"categories":[],"tags":[],"_links":{"self":[{"href":"https:\/\/www.hohenlohe-ungefiltert.de\/index.php?rest_route=\/wp\/v2\/posts\/11491"}],"collection":[{"href":"https:\/\/www.hohenlohe-ungefiltert.de\/index.php?rest_route=\/wp\/v2\/posts"}],"about":[{"href":"https:\/\/www.hohenlohe-ungefiltert.de\/index.php?rest_route=\/wp\/v2\/types\/post"}],"author":[{"embeddable":true,"href":"https:\/\/www.hohenlohe-ungefiltert.de\/index.php?rest_route=\/wp\/v2\/users\/3"}],"replies":[{"embeddable":true,"href":"https:\/\/www.hohenlohe-ungefiltert.de\/index.php?rest_route=%2Fwp%2Fv2%2Fcomments&post=11491"}],"version-history":[{"count":3,"href":"https:\/\/www.hohenlohe-ungefiltert.de\/index.php?rest_route=\/wp\/v2\/posts\/11491\/revisions"}],"predecessor-version":[{"id":11502,"href":"https:\/\/www.hohenlohe-ungefiltert.de\/index.php?rest_route=\/wp\/v2\/posts\/11491\/revisions\/11502"}],"wp:attachment":[{"href":"https:\/\/www.hohenlohe-ungefiltert.de\/index.php?rest_route=%2Fwp%2Fv2%2Fmedia&parent=11491"}],"wp:term":[{"taxonomy":"category","embeddable":true,"href":"https:\/\/www.hohenlohe-ungefiltert.de\/index.php?rest_route=%2Fwp%2Fv2%2Fcategories&post=11491"},{"taxonomy":"post_tag","embeddable":true,"href":"https:\/\/www.hohenlohe-ungefiltert.de\/index.php?rest_route=%2Fwp%2Fv2%2Ftags&post=11491"}],"curies":[{"name":"wp","href":"https:\/\/api.w.org\/{rel}","templated":true}]}}