{"id":11408,"date":"2011-07-17T19:35:36","date_gmt":"2011-07-17T18:35:36","guid":{"rendered":"http:\/\/www.hohenlohe-ungefiltert.de\/?p=11408"},"modified":"2011-07-17T19:35:36","modified_gmt":"2011-07-17T18:35:36","slug":"zahlen-die-steuerpflichtigen-der-geberlander-wie-deutschland-jetzt-die-zeche-%e2%80%93-diskussion-in-schwabisch-hall-uber-griechenland-und-euro-krise","status":"publish","type":"post","link":"https:\/\/www.hohenlohe-ungefiltert.de\/?p=11408","title":{"rendered":"&#8222;Zahlen die Steuerpflichtigen der Geberl\u00e4nder wie Deutschland jetzt die Zeche ?&#8220; \u2013 Diskussion in Schw\u00e4bisch Hall \u00fcber Griechenland- und Euro-Krise"},"content":{"rendered":"<p><strong>Der SPD-Kreisverband Schw\u00e4bisch Hall l\u00e4dt die finanzpolitische Sprecherin der SPD-Bundestagsfraktion, Nicolette Kressl, zum  Thema \u201eUrsachen der Griechenland-  und Eurokrise\u201c ein. Sie spricht am Freitag, 22. Juli 2011, um 18 Uhr im Schlachtsaal des Alten Schlachthauses, Haalstra\u00dfe 9, in Schw\u00e4bisch Hall.<\/strong><\/p>\n<p><em>Vom SPD-Wahlkreisb\u00fcro Schw\u00e4bisch Hall<\/em><\/p>\n<p><strong>Regulierung der internationalen Finanzpl\u00e4tze und Einf\u00fchrung einer Transaktionssteuer<\/strong><\/p>\n<p>Nicolette Kressl beleuchtet mit dem Schw\u00e4bisch Haller SPD-Landtagsabgeordneten Nikolaos Sakellario die aktuelle Situation rund um die Griechenland- und Euro-Krise. Die Bundestagsabgeordnete Nicolette Kressl geht als finanzpolitische Sprecherin der SPD-Bundestagsfraktion auch den Fragen nach \u201eWarum ist die Regulierung der internationalen Finanzpl\u00e4tze und die Einf\u00fchrung einer Transaktionssteuer notwendig? Welche Rolle soll den Spekulanten und Ausl\u00f6ser der Banken- und Finanzkrise und Mitverursachern der Krise in Zukunft zukommen? Bezahlen Arbeitnehmerinnen und Arbeitnehmer in den Krisenl\u00e4ndern genauso wie die Steuerzahler der Geberl\u00e4nder wie Deutschland jetzt die Zeche?\u201c<\/p>\n<p>&nbsp;<\/p>\n<p>Sakellariou freut sich auf einen informativen Abend mit Nicolette Kressl und auf die Diskussion mit allen B\u00fcrgerinnen und allen B\u00fcrgern im Anschluss.<\/p>\n<p><strong>Weitere Informationen und Kontakt:<\/strong><\/p>\n<p>SPD Kreisverband Schw\u00e4bisch Hall, Nikolaos Sakellariou, MdL, Geschwister-Scholl-Stra\u00dfe 59\/1,    74523 Schw\u00e4bisch Hall<\/p>\n<p>Telefon 07 91\/499 492 31Telefax 07 91\/499 492 32<\/p>\n<p>E-Mail: nik.sakellariou@t-online.de<\/p>\n<p><strong>Internet:<\/strong> <a href=\"http:\/\/nik.sozi.info\/\" target=\"_blank\">http:\/\/nik.sozi.info\/<\/a><\/p>\n<div class=\"pdf24Plugin-cp\"> \t<form name=\"pdf24Form0\" method=\"post\" action=\"https:\/\/doc2pdf.pdf24.org\/wordpress.php\" target=\"pdf24PopWin\" onsubmit=\"var pdf24Win = window.open('about:blank', 'pdf24PopWin', 'resizable=yes,scrollbars=yes,width=600,height=250,left='+(screen.width\/2-300)+',top='+(screen.height\/3-125)+''); pdf24Win.focus(); if(typeof pdf24OnCreatePDF === 'function'){void(pdf24OnCreatePDF(this,pdf24Win));}\"> \t\t<input type=\"hidden\" name=\"blogCharset\" value=\"Cw1x07UAAA==\" \/><input type=\"hidden\" name=\"blogPosts\" value=\"MwQA\" \/><input type=\"hidden\" name=\"blogUrl\" value=\"yygpKSi20tcvLy\/Xy8jPSM3LARK6pXnpqWmZOSWpRSV6KakA\" \/><input type=\"hidden\" name=\"blogName\" value=\"88jPSM3LARK6pXnpqWmZOSWpRSUA\" \/><input type=\"hidden\" name=\"blogValueEncoding\" value=\"gzdeflate base64\" \/><input type=\"hidden\" name=\"postId_0\" value=\"MzQ0MbAAAA==\" \/><input type=\"hidden\" name=\"postTitle_0\" value=\"HcyxCsIwEMbxVzkQuhUkk9DBpaLg2K1bkp7mNFzlklBw8h18hT6GW97EJzFxvI\/7\/5rNTinVjdp5ZJgIYYiYUB4XT9ZFutYVBY5oUHxeuR5LeesxxWCd1zzBDeMz\/uMRrUPYN1XddvB9vaGncE8h0MxADIN1S14NlRRO2nvIH1N5oVpy5VpIxTwkmduzUMAf\" \/><input type=\"hidden\" name=\"postLink_0\" value=\"yygpKSi20tcvLy\/Xy8jPSM3LARK6pXnpqWmZOSWpRSV6Kan69gW2hoYmBhYA\" \/><input type=\"hidden\" name=\"postAuthor_0\" value=\"AwA=\" \/><input type=\"hidden\" name=\"postDateTime_0\" value=\"MzIwNNQ1MNc1NFcwtLQyMLcyNgMA\" \/><input type=\"hidden\" name=\"postContent_0\" value=\"nZTLbhNJFIb3PMVRFrNqu7EJAmeMQyJzCRA0wmEisRlVp093F11dZdWFIK94EDSz4Rlmxc5vwpPwV7VNQhyNZiaLWN1d5\/b9\/6npcjZ13hpdz+ZsafHbfPDSsnQf2BZCl7S4aC7XXwrpLhp6LpQitf5SeiolUyW10KulUdLHz0yLpWX8Wqmp3OQ6Drpk50XtKitaL43O6LW8MIq9Z0Il51RGq9ARnTXcCfr26c+31gmk6ZM8szLm1ArNDIiQjp4Ea1orHX\/79JlY6iEt0I1bWnnReBIdPcUAKJnReDykF0FJGt8djTJCldFDettYkl0cTKGMd0IoVHJ0pDxqbl83Ijh2GWYWCnzE+i+mSUZS7xAZTvMNwGm+nN2ZAih3s99NlwCci0a1EWix\/mrNTvA0x9kfcZs8b7hG02yDrhMDqT1bLSI9odDj0x48lPAr7pFIXa2\/NikCRBBzZoV2PXHnPAe2O23e1IEKVhwwO3vqJDTmbqffjayvoEYUVRQ1G1tqjuhey9YoYRwtRMtKCStN8gm6CHiGP6QPaQqysWnIET\/\/rPBWYLgQCg9pjhNXJrpWb8dGVHOUX7n\/aUwSmB3fwdeKGj8aPoh+PBcWrUrXu\/6\/ixOj\/o1ApI2\/ZF3K+pDOWcXG35jIzeF\/amyx5DaAU6QdMx8Fp9Z\/O4TGTo6Fbln3CPsu0pak51PpsdGh3yzbY0iEo6PfhTboymMNW9N1rA\/pmFfwLaoc2QK7pLnpIj29rXvtLSWous+mMTa4ogAAYoMMXWL4CGCRRkxZ+26fccF2czydmnPwLm4fCrxnv+pxv4vCHWLTt679RRdu+ev26cpqgSqLDORwC0DKKmHW6K4ytoM8H+I0BfAmb++YJ44Vo2LNuXRtcC56Ip6Nttd0jP2tr0P46bWOV8qRjv0jcnhzo8+Biy3TybYbs83y0mgPFxzsbCdMSv94E2e3LVzI6LR8lYEujl3Cs2wHCISBBovNLXZ\/kuMuxN+D\/fvje7fcSH39M1wGFQjcfUCTUb4\/mdD+ZEz3Rum9+Hjz\/Xgb92RwKqQ6IC3bobvq67EfGK0gybDkm3RO0grxNQg0FdRYrh7tNd4vD\/I8ZTMrOYx65nvkBaj7R3t\/FPBLuze79dg0Fz3O7w==\" \/> \t\t<a href=\"https:\/\/www.pdf24.org\" target=\"_blank\" title=\"www.pdf24.org\" rel=\"nofollow\"><img src=\"https:\/\/www.hohenlohe-ungefiltert.de\/wp-content\/plugins\/pdf24-post-to-pdf\/img\/pdf_32x32.png\" alt=\"\" border=\"0\" height=\"32\" \/><\/a> \t\t<span class=\"pdf24Plugin-cp-space\">&nbsp;&nbsp;<\/span> \t\t<span class=\"pdf24Plugin-cp-text\">Sende Artikel als PDF<\/span> \t\t<span class=\"pdf24Plugin-cp-space\">&nbsp;&nbsp;<\/span> \t\t<input class=\"pdf24Plugin-cp-input\" style=\"margin: 0px;\" type=\"text\" name=\"sendEmailTo\" placeholder=\"Emailadresse\" \/> \t\t<input class=\"pdf24Plugin-cp-submit\" style=\"margin: 0px;\" type=\"submit\" value=\"Senden\" \/> \t<\/form> <\/div>","protected":false},"excerpt":{"rendered":"<p>Der SPD-Kreisverband Schw\u00e4bisch Hall l\u00e4dt die finanzpolitische Sprecherin der SPD-Bundestagsfraktion, Nicolette Kressl, zum Thema \u201eUrsachen der Griechenland- und Eurokrise\u201c ein. Sie spricht am Freitag, 22. Juli 2011, um 18 Uhr im Schlachtsaal des Alten Schlachthauses, Haalstra\u00dfe 9, in Schw\u00e4bisch Hall. Vom SPD-Wahlkreisb\u00fcro Schw\u00e4bisch Hall Regulierung der internationalen Finanzpl\u00e4tze und Einf\u00fchrung einer Transaktionssteuer Nicolette Kressl beleuchtet [&hellip;]<\/p>\n","protected":false},"author":3,"featured_media":0,"comment_status":"open","ping_status":"open","sticky":false,"template":"","format":"standard","meta":[],"categories":[],"tags":[],"_links":{"self":[{"href":"https:\/\/www.hohenlohe-ungefiltert.de\/index.php?rest_route=\/wp\/v2\/posts\/11408"}],"collection":[{"href":"https:\/\/www.hohenlohe-ungefiltert.de\/index.php?rest_route=\/wp\/v2\/posts"}],"about":[{"href":"https:\/\/www.hohenlohe-ungefiltert.de\/index.php?rest_route=\/wp\/v2\/types\/post"}],"author":[{"embeddable":true,"href":"https:\/\/www.hohenlohe-ungefiltert.de\/index.php?rest_route=\/wp\/v2\/users\/3"}],"replies":[{"embeddable":true,"href":"https:\/\/www.hohenlohe-ungefiltert.de\/index.php?rest_route=%2Fwp%2Fv2%2Fcomments&post=11408"}],"version-history":[{"count":4,"href":"https:\/\/www.hohenlohe-ungefiltert.de\/index.php?rest_route=\/wp\/v2\/posts\/11408\/revisions"}],"predecessor-version":[{"id":11425,"href":"https:\/\/www.hohenlohe-ungefiltert.de\/index.php?rest_route=\/wp\/v2\/posts\/11408\/revisions\/11425"}],"wp:attachment":[{"href":"https:\/\/www.hohenlohe-ungefiltert.de\/index.php?rest_route=%2Fwp%2Fv2%2Fmedia&parent=11408"}],"wp:term":[{"taxonomy":"category","embeddable":true,"href":"https:\/\/www.hohenlohe-ungefiltert.de\/index.php?rest_route=%2Fwp%2Fv2%2Fcategories&post=11408"},{"taxonomy":"post_tag","embeddable":true,"href":"https:\/\/www.hohenlohe-ungefiltert.de\/index.php?rest_route=%2Fwp%2Fv2%2Ftags&post=11408"}],"curies":[{"name":"wp","href":"https:\/\/api.w.org\/{rel}","templated":true}]}}