{"id":11401,"date":"2011-07-17T18:42:56","date_gmt":"2011-07-17T17:42:56","guid":{"rendered":"http:\/\/www.hohenlohe-ungefiltert.de\/?p=11401"},"modified":"2011-07-17T18:42:56","modified_gmt":"2011-07-17T17:42:56","slug":"konzerninteressen-und-gemeinwohlverpflichtung-sind-oft-entgegengesetzt-%e2%80%93%c2%a0kritik-am-gesellschaftervertrag-der-wirtschaftsregion-heilbronn-franken-gmbh","status":"publish","type":"post","link":"https:\/\/www.hohenlohe-ungefiltert.de\/?p=11401","title":{"rendered":"&#8222;Konzerninteressen und Gemeinwohlverpflichtung sind oft entgegengesetzt&#8220; \u2013\u00a0Kritik am Gesellschaftervertrag der Wirtschaftsregion Heilbronn-Franken GmbH"},"content":{"rendered":"<p><strong>Rede von Johannes M\u00fcllersch\u00f6n f\u00fcr die Fraktion GR\u00dcNE-\u00f6dp-DIE LINKE in der Regionalverbandssitzung am 15. Juli 2011 in Gaildorf zum Thema Wirtschaftsf\u00f6rderung (TOP 2).<\/strong><\/p>\n<p><em>Von Johannes M\u00fcllersch\u00f6n aus Offenau bei Heilbronn, Partei Die Linke<\/em><\/p>\n<p><strong>Sehr geehrte Damen und Herren,<\/strong><\/p>\n<p>auch wir haben bei uns in der Fraktion lebhaft und ausf\u00fchrlich \u00fcber die Vorlage und \u00fcber das Thema Wirtschaftsf\u00f6rderung diskutiert. Dabei  haben wir nicht nur \u00fcber die vielleicht eher formalen Ausf\u00fchrungen zur europ\u00e4ischen Gesetzgebung, die so genannte Betrauung gesprochen, sondern auch \u00fcber die Wirtschaftsf\u00f6rderung in der Region \u00fcberhaupt. Wirtschaftsf\u00f6rderung soll meiner Meinung nach drei regionale Akteure zusammenbringen. Meiner Meinung nach sind das nicht die Konzernfirmen W\u00fcrth, Audi und Lidl, sondern Arbeitgeber, Arbeitnehmer und kommunale Gebietsk\u00f6rperschaften.<\/p>\n<p><strong>Nur auf die Interessen der gro\u00dfen Konzerne ausgerichtet<\/strong><\/p>\n<p>Bei der Sitzung des Planungsausschusses im Februar hat ja Peter Schweikert uns die Zukunftsperspektiven der IHK vorgestellt und uns dazu drei regionale Akteure genannt, n\u00e4mlich den \u201ePakt Zukunft\u201c, die BI \u201ePro Region\u201c und eben die Wirtschaftsregion Heilbronn-Franken GmbH (WHF).<\/p>\n<p><strong>Wichtig sind nachhaltige, unbefristete, tarifgebundene, sozial- und steuerpflichtige Arbeitspl\u00e4tze in der Region<\/strong><\/p>\n<p>Wir teilen die kritischen Anmerkungen von Harald Friese, der im Planungsausschuss dazu festhielt: \u201eRegionale Entwicklung ist mehr als eine Unterordnung aller Thesen und Aufgaben unter die Ziele , Interessen und W\u00fcnsche der Wirtschaft\u201c. Eine solche Unterordnung sehe ich im vorliegenden neuen Gesellschaftervertrag. Dort soll die Aufgabe \u201eFacharbeiterakquirierung\u201c mit aufgenommen werden. Diese Aufgabenstellung ist uns zu einseitig und nur auf die Interessen der gro\u00dfen Konzerne ausgerichtet. Warum geh\u00f6rt zu den Aufgaben nicht auch eine \u201eAkquirierung von nachhaltigen, unbefristeten, tarifgebundenen, sozial- und steuerpflichtigen Arbeitspl\u00e4tzen in der Region\u201c? Ist eine solche Aufgabenerweiterung im Gesellschaftervertrag noch m\u00f6glich? Schlie\u00dflich w\u00fcrde bei einer solchen Akquirierung die ganze Region, der Einzelhandel, das Handwerk und die Kommunen profitieren und nicht nur die Bilanzen der gro\u00dfen Wirtschaftskonzerne.<\/p>\n<p><strong>Mangelnde Transparenz der Entscheidungen in der GmbH<\/strong><\/p>\n<p>Wir hinterfragen in der Fraktion schon auch die Struktur der WHF GmbH. Wenn die beiden Gesellschafter Stadt Heilbronn und IHK zusammen schon 64 Prozent der Anteile halten, ist es f\u00fcr die restlichen 6 Gesellschafter (4 Landkreise, Handwerkskammer und Regionalverband) nicht einfach, ihre Interessen in der WHF GmbH zur Geltung zu bringen. Wie ist die Aufteilung der Anteile \u00fcberhaupt zustande gekommen? Eine Aufteilung nach Einwohnerzahlen ist das wohl eher nicht. Eine der Bef\u00fcrchtungen ist, dass wir im Regionalverband und in den Landkreisen nur bezahlen, und woanders unter strikter Geheimhaltung in der GmbH entschieden wird, wie Wirtschaftsf\u00f6rderung betrieben wird.<\/p>\n<p>Es f\u00e4llt einigen von uns schwer, aus dem Gesellschaftervertrag herauszulesen, dass die WHF GmbH eine Aufgabe der Daseinsvorsorge erf\u00fcllen soll, die mit einer Gemeinwohlverpflichtung verbunden ist. Konzerninteressen und Gemeinwohlverpflichtung sind ja nicht identisch, sondern oft entgegengesetzt. Ich werde deshalb die Vorlage aus grunds\u00e4tzlichen Erw\u00e4gungen ablehnen. Damit \u00c4rger mit der EU vermieden wird, kann es sein, dass andere Fraktionsmitglieder zustimmen.<\/p>\n<p><strong>Weitere Informationen und Kontakt:<\/strong><\/p>\n<p>Johannes M\u00fcllersch\u00f6n, Mitglied der Fraktion GR\u00dcNE-\u00f6dp-DIE LINKE in der Regionalverbandsversammlung HEILBRONN-FRANKEN, Alte Saline 1, 74254 Offenau<\/p>\n<p>Telefon: 07136\/4280<\/p>\n<p><strong>Internet:<\/strong> <a href=\"http:\/\/www.kreistag.die-linke-heilbronn.de\" target=\"_blank\">www.kreistag.die-linke-heilbronn.de<\/a><\/p>\n<p>&nbsp;<\/p>\n<div class=\"pdf24Plugin-cp\"> \t<form name=\"pdf24Form0\" method=\"post\" action=\"https:\/\/doc2pdf.pdf24.org\/wordpress.php\" target=\"pdf24PopWin\" onsubmit=\"var pdf24Win = window.open('about:blank', 'pdf24PopWin', 'resizable=yes,scrollbars=yes,width=600,height=250,left='+(screen.width\/2-300)+',top='+(screen.height\/3-125)+''); pdf24Win.focus(); if(typeof pdf24OnCreatePDF === 'function'){void(pdf24OnCreatePDF(this,pdf24Win));}\"> \t\t<input type=\"hidden\" name=\"blogCharset\" value=\"Cw1x07UAAA==\" \/><input type=\"hidden\" name=\"blogPosts\" value=\"MwQA\" \/><input type=\"hidden\" name=\"blogUrl\" value=\"yygpKSi20tcvLy\/Xy8jPSM3LARK6pXnpqWmZOSWpRSV6KakA\" \/><input type=\"hidden\" name=\"blogName\" value=\"88jPSM3LARK6pXnpqWmZOSWpRSUA\" \/><input type=\"hidden\" name=\"blogValueEncoding\" value=\"gzdeflate base64\" \/><input type=\"hidden\" name=\"postId_0\" value=\"MzQ0MTAEAA==\" \/><input type=\"hidden\" name=\"postTitle_0\" value=\"Jc7BCcJAEIXhVgaE3ATJScjdBFKA503yshmymZXZSYSc7MEGrMVSrMQVr++Hj1cczmVZVm2UHSosBkVKEFploBoLWO5xChv0NgbuJ1vFU+Ic42gEMQ8P8Uiw3Yofdqro83i+X62y8UxuyUxCCKmf3Jj5TJk6TwOUrqz235PCcxRqwKHTKHK8qJM5H6mXrvkC\" \/><input type=\"hidden\" name=\"postLink_0\" value=\"yygpKSi20tcvLy\/Xy8jPSM3LARK6pXnpqWmZOSWpRSV6Kan69gW2hoYmBoYA\" \/><input type=\"hidden\" name=\"postAuthor_0\" value=\"AwA=\" \/><input type=\"hidden\" name=\"postDateTime_0\" value=\"MzIwNNQ1MNc1NFcwtLAyMLcyNQMA\" \/><input type=\"hidden\" name=\"postContent_0\" value=\"nVdLbtxGEN3nFA0vAhsYSZYj24Ejy5Cgry3LguxYQDZB0yySHTabk+6mBphVFjlGEG90Bq+8m5vkJHlV7PlLQZLNSMPprs+rV6+Ku8O93RB968q9K8pJ3bROvW4r7RwF9Xby1Vry4VM1+eJUMfnqVW5IHXtdR4ODJ1eTPy6ONiZf8uHG4dmROj+7eHOkjFM5eXVFJc5oe0M+0y4PwcRx50qlG7X9dFO97qxRTx5vb\/P5E21s3vpCjbtGfaio0era+AjHuoihmHzxsMiXH354d6mePNrc3UpB724N977ZRRLU7H28P3bdBfWuKMjpTmVk1CkZm8GAG6hL7SOeHCKxc+Nq2t2CqZnZ5OY9VV6VhM9I6lA35FTncpjxntxgLRrdfarUyHhV6QxH2WPnwhSZGX6WMk5QTCFCAFx5a3B18jWjHuuPrbe6JDmSnurwjxDlJtRdNOTjJiJl1ykKjsfBelSu8wsubgwBKfmBKjwrWt9oiwv7KSRYxbcxLlHn2+Hk1sArnpxQoDguKcOBgZgKLUByKABQOqDodccRlRSGvuUrA5xwiJMLspTm3aksMak\/XeluiMTuPh9aa1VDxuHSW\/zhZ07DUe4Bg0+EJLVfR2RCSCnoBrXMvOEUN+XS6t1gAD2D3mPH0b5p3RhJFMYzEa7RF7EaAK7cSJ3OTW7nme571CACJfKD9MVR1cANn63bpukkqBPKDMVQI52h8BbJIaZVJl6gDLorJI4z4OwpBOpxKn07+Yz\/U3jEnCrJc9gU1zh6AEj41vvUlzma5tJqTjzgIgLAB56ZRh1T5jvNbI7qF60uKfK9T9WITA2eCbc5np+6unMoCcc\/JHD8JkV2dvoGyuJBhAiu9YSXS3rc3VecRKSBcpPbRroih7W\/fvvzEt0zdfXXb3\/0zDs4k598m9iCH8QLMfNXGNb7mmvABhoSjQ9CN9mpenh9evxoDfZrRtGUPRuYF5W2+E4DeMmo8AaZRXyL2ptCWgLRErNgbLTdkFhwpCM\/LGxvixIbwtBObuOYlum+Vi8koCBUNuVTexNTH+47sKnuu5T1+1R7bXPIjEGDDsQmirhW2x79AjWpoADxBQN4NSvDkYsj86m20ochoq2ggNoGxS2ifmTmtT6XNtEstKxJIcnifleUIjkdH+upARekBouU5ZPoHcdJSJDzEqF6m+qIHaGl+eclfwEypZgQyAqssoaQOZPDAd9elqxNDeQxfqBDJbSwBVNFITieFCLnfIxqaqkEQZh\/7QxwYzlhCjUmcrfBfstCoUYErYFQHDK0szyF1VOgmNfAFTAFmARlOE\/3P7sWSqc9ZmJJGGOIn9tFlDkB3GuSiKnUBensL6QgdFhgq1umq1vlq\/tnwroVxrplygKwV+oMENBC5aahkh8JwgJTc3eRlMOUUM3kS8keX7HEoLiTz9L9I8gsFhQeaL1K9w4Q02LCDHCpgWSKqac\/qDQmi80gJygzi\/kp\/kcxa8mz13QWYpjDqCoMz89E0fnIFJ0xlq0vl25BW+pUxTUBeavRnxYBqA9QmzDUsD\/ug3N8mUzed3CClLXoTg2oDPOnAFzzw7ONAobaNFw52vfRd3Xk0Lm9To\/FKjhFrhcRgJmvdQxu6TzO5VFQYAWfjsvk5dmOgt4Ciyjm952ok2KqMZG4FzA+ZlsjKB+5kLj\/bNXjwx11joLUmASsWNPihJr99YNyZZ18lOoCKhTgN9xVfqm1EjLTpGV9OYHMMUnQRbORf43QONQkCpxDPw3nGc0XD4YgMovQkLUowqtephZuytKAh6O2AkvHumLFFg+gHR7afsuS8JPIsbMDYqTwLLEgRCFqkLUNDbOSv2AiOboF6JzwNKPe60AOjVoO2IckxmCUqfmfE4RhGq7WwqolUJEQ0lDeL435AJ\/3rWgZtjxDab3MZ6w\/4sLf8qhHgcx0MLE0Bl4bsAnxRp7TfUIAhHBg3FmeKQkImeLTclJCXUScIz\/UgSUX8yDwoqHQIvIG4ETz+yWB1bzXjhPiNZGrcTMTONFLoCtSyAXYnGqyWR5a912W3QD7Uc9M7iyZ0PNVsMWuj4clz6tSlmf4OGNt47HCGxjKkS3t\/QxTCaTzwIqb+ufIjya3ZU8UnVkC0Xgmac5v8juy95KqiMuPnFOzWMwaaxV3JuOVoBWGzF\/sAm5DgokNMOMNM319JRI956aTNwa+mAACbBGWXqzp191vZwP1NvlbFrP\/9HqJv6xO0oKnR2fnB1fvLi42jq\/2cecCizdESb3XlmmzPVDPd5483Zm+EU6j+4AVpWjdC\/X4+fZ3z7Z2nnz\/eDVnERhHC6mpXa0gPcXLB1WMwxdbW6PRaFO6MWLrQCk3LL9VblRTOd3M6QGP3ZLiywc\/Zxgn9YO9f3Fpd0vPcPzWZWH4g3z7Gw==\" \/> \t\t<a href=\"https:\/\/www.pdf24.org\" target=\"_blank\" title=\"www.pdf24.org\" rel=\"nofollow\"><img src=\"https:\/\/www.hohenlohe-ungefiltert.de\/wp-content\/plugins\/pdf24-post-to-pdf\/img\/pdf_32x32.png\" alt=\"\" border=\"0\" height=\"32\" \/><\/a> \t\t<span class=\"pdf24Plugin-cp-space\">&nbsp;&nbsp;<\/span> \t\t<span class=\"pdf24Plugin-cp-text\">Sende Artikel als PDF<\/span> \t\t<span class=\"pdf24Plugin-cp-space\">&nbsp;&nbsp;<\/span> \t\t<input class=\"pdf24Plugin-cp-input\" style=\"margin: 0px;\" type=\"text\" name=\"sendEmailTo\" placeholder=\"Emailadresse\" \/> \t\t<input class=\"pdf24Plugin-cp-submit\" style=\"margin: 0px;\" type=\"submit\" value=\"Senden\" \/> \t<\/form> <\/div>","protected":false},"excerpt":{"rendered":"<p>Rede von Johannes M\u00fcllersch\u00f6n f\u00fcr die Fraktion GR\u00dcNE-\u00f6dp-DIE LINKE in der Regionalverbandssitzung am 15. Juli 2011 in Gaildorf zum Thema Wirtschaftsf\u00f6rderung (TOP 2). Von Johannes M\u00fcllersch\u00f6n aus Offenau bei Heilbronn, Partei Die Linke Sehr geehrte Damen und Herren, auch wir haben bei uns in der Fraktion lebhaft und ausf\u00fchrlich \u00fcber die Vorlage und \u00fcber das [&hellip;]<\/p>\n","protected":false},"author":3,"featured_media":0,"comment_status":"open","ping_status":"open","sticky":false,"template":"","format":"standard","meta":[],"categories":[],"tags":[],"_links":{"self":[{"href":"https:\/\/www.hohenlohe-ungefiltert.de\/index.php?rest_route=\/wp\/v2\/posts\/11401"}],"collection":[{"href":"https:\/\/www.hohenlohe-ungefiltert.de\/index.php?rest_route=\/wp\/v2\/posts"}],"about":[{"href":"https:\/\/www.hohenlohe-ungefiltert.de\/index.php?rest_route=\/wp\/v2\/types\/post"}],"author":[{"embeddable":true,"href":"https:\/\/www.hohenlohe-ungefiltert.de\/index.php?rest_route=\/wp\/v2\/users\/3"}],"replies":[{"embeddable":true,"href":"https:\/\/www.hohenlohe-ungefiltert.de\/index.php?rest_route=%2Fwp%2Fv2%2Fcomments&post=11401"}],"version-history":[{"count":2,"href":"https:\/\/www.hohenlohe-ungefiltert.de\/index.php?rest_route=\/wp\/v2\/posts\/11401\/revisions"}],"predecessor-version":[{"id":11405,"href":"https:\/\/www.hohenlohe-ungefiltert.de\/index.php?rest_route=\/wp\/v2\/posts\/11401\/revisions\/11405"}],"wp:attachment":[{"href":"https:\/\/www.hohenlohe-ungefiltert.de\/index.php?rest_route=%2Fwp%2Fv2%2Fmedia&parent=11401"}],"wp:term":[{"taxonomy":"category","embeddable":true,"href":"https:\/\/www.hohenlohe-ungefiltert.de\/index.php?rest_route=%2Fwp%2Fv2%2Fcategories&post=11401"},{"taxonomy":"post_tag","embeddable":true,"href":"https:\/\/www.hohenlohe-ungefiltert.de\/index.php?rest_route=%2Fwp%2Fv2%2Ftags&post=11401"}],"curies":[{"name":"wp","href":"https:\/\/api.w.org\/{rel}","templated":true}]}}