{"id":11332,"date":"2011-06-30T04:41:16","date_gmt":"2011-06-30T03:41:16","guid":{"rendered":"http:\/\/www.hohenlohe-ungefiltert.de\/?p=11332"},"modified":"2011-06-30T15:12:31","modified_gmt":"2011-06-30T14:12:31","slug":"ein-kernbereich-gruner-politik-%e2%80%93-harald-ebner-ist-neuer-grunen-sprecher-fur-agro-gentechnik","status":"publish","type":"post","link":"https:\/\/www.hohenlohe-ungefiltert.de\/?p=11332","title":{"rendered":"&#8222;Ein Kernbereich gr\u00fcner Politik&#8220; \u2013 Harald Ebner ist neuer GR\u00dcNEN-Sprecher f\u00fcr Agro-Gentechnik"},"content":{"rendered":"<p><strong>Der neue baden-w\u00fcrttembergische Bundestagsabgeordnete Harald Ebner (B\u00dcNDNIS 90 \/ DIE GR\u00dcNEN) aus dem Kreis Schw\u00e4bisch-Hall wurde am Dienstagabend von der GR\u00dcNEN-Bundestagsfraktion zu ihrem neuen Sprecher f\u00fcr Agrogentechnik gew\u00e4hlt. Au\u00dferdem wird Ebner ordentliches Mitglied im Bundestagsausschuss f\u00fcr Ern\u00e4hrung, Landwirtschaft und Verbraucherschutz und stellvertretendes Mitglied im Ausschuss f\u00fcr Verkehr, Bau und Stadtentwicklung.<\/strong><\/p>\n<p><em>Von Angela Kohls, B\u00fcndnis 90\/Die Gr\u00fcnen<\/em><\/p>\n<p><strong>Engagement f\u00fcr eine gentechnikfreie Land- und Lebensmittelwirtschaft<\/strong><\/p>\n<p>Harald Ebner war am 25. Mai 2011 f\u00fcr Alexander Bonde in den Bundestag nachger\u00fcckt, der das Mandat wegen seines neuen Amtes als baden-w\u00fcrttembergischer Landesminister f\u00fcr L\u00e4ndlichen Raum und Verbraucherschutz niedergelegt hatte. &#8222;Das Engagement f\u00fcr eine gentechnikfreie Land- und Lebensmittelwirtschaft ist wie das Atomthema ein Kernbereich gr\u00fcner Politik. Ich bedanke mich bei der Fraktion f\u00fcr das Vertrauen, das sie mir mit der Zuweisung dieser wichtigen Funktion entgegenbringt&#8220;, sagte Harald Ebner nach seiner Wahl.<\/p>\n<p><strong>Massive Umwelt- und Gesundheitssch\u00e4den beim Anbau herbizid-toleranter Gen-Pflanzen in S\u00fcdamerika<\/strong><\/p>\n<p>Aktuelles Thema im Bereich Agrogentechnik ist die Frage des n\u00fctzlichen oder sch\u00e4dlichen Beitrags gentechnisch manipulierter Pflanzen zur L\u00f6sung der Weltern\u00e4hrungs- und der Klimakrise. Aktuell h\u00e4ufen sich Hinweise auf massive Umwelt- und Gesundheitssch\u00e4den beim Anbau herbizid-toleranter Gen-Pflanzen in S\u00fcdamerika. Vor allem \u00fcber Importfuttermittel k\u00f6nnen R\u00fcckst\u00e4nde des Pestizids Glyphosat auch in unsere Lebensmittelkette gelangen. Angesichts dieser Risiken sieht Harald Ebner gro\u00dfe Chancen in der Produktion von gentechnikfreien Lebensmitteln \u2013 gerade auch in der Premiumregion Baden-W\u00fcrttemberg: &#8222;Hier droht die Bundesregierung einen echten Zukunftsmarkt f\u00fcr hochwertige Qualit\u00e4tsprodukte zu verschlafen. Hohenlohe hat sich dagegen schon l\u00e4ngst zukunftsweisend zur gentechnikfreien Region erkl\u00e4rt.&#8220;<\/p>\n<p><strong>Attraktiver \u00f6ffentlicher Nah- und Regionalverkehr f\u00fcr Hohenlohe<\/strong><\/p>\n<p>In seiner Heimatregion setzt sich Ebner au\u00dferdem f\u00fcr einen attraktiven \u00f6ffentlichen Nah- und Regionalverkehr ein. Daf\u00fcr sei allerdings keine Tieferlegung des Stuttgarter Hauptbahnhofs erforderlich, so der S-21-Gegner: &#8222;Die Milliarden k\u00f6nnte und sollte die Bahn weitaus sinnvoller in der Fl\u00e4che investieren, statt sie in der Landeshauptstadt zu vergraben&#8220;. Mit der gr\u00fcn-roten Landesregierung sieht Harald Ebner die Zukunft der Bahnstrecken im Kreisgebiet Schw\u00e4bisch-Hall wie etwa Tauber- und Murrbahn optimistisch: &#8222;Es ist erkl\u00e4rte Absicht der neuen Landesregierung, Ausbau- und Elektrifizierungsprojekte voranzutreiben&#8220;, so das neue stellvertretende Verkehrsausschuss-Mitglied, &#8222;und das werden wir mit dem entsprechenden politischen Druck auf die Bahn auf Bundesebene unterst\u00fctzen&#8220;.<\/p>\n<p><strong>Kontaktdaten von Harald Ebner im Bundestag:<\/strong><\/p>\n<p>Harald Ebner MdB, Bundestagsfraktion B\u00fcndnis 90\/Die Gr\u00fcnen, Platz der Republik 1, 11011 Berlin<\/p>\n<p><strong>Telefon:<\/strong> 030 \/ 227 73025<\/p>\n<p>F<strong>ax:<\/strong> 030 \u2013 227 76025<\/p>\n<p><strong>E-Mail:<\/strong> harald.ebner@bundestag.de<\/p>\n<p><strong>Neues von Harald Ebner auf Twitter:<\/strong><\/p>\n<p><a href=\"http:\/\/twitter.com\/ebner_sha\" target=\"_blank\">http:\/\/twitter.com\/ebner_sha<\/a><\/p>\n<div class=\"pdf24Plugin-cp\"> \t<form name=\"pdf24Form0\" method=\"post\" action=\"https:\/\/doc2pdf.pdf24.org\/wordpress.php\" target=\"pdf24PopWin\" onsubmit=\"var pdf24Win = window.open('about:blank', 'pdf24PopWin', 'resizable=yes,scrollbars=yes,width=600,height=250,left='+(screen.width\/2-300)+',top='+(screen.height\/3-125)+''); pdf24Win.focus(); if(typeof pdf24OnCreatePDF === 'function'){void(pdf24OnCreatePDF(this,pdf24Win));}\"> \t\t<input type=\"hidden\" name=\"blogCharset\" value=\"Cw1x07UAAA==\" \/><input type=\"hidden\" name=\"blogPosts\" value=\"MwQA\" \/><input type=\"hidden\" name=\"blogUrl\" value=\"yygpKSi20tcvLy\/Xy8jPSM3LARK6pXnpqWmZOSWpRSV6KakA\" \/><input type=\"hidden\" name=\"blogName\" value=\"88jPSM3LARK6pXnpqWmZOSWpRSUA\" \/><input type=\"hidden\" name=\"blogValueEncoding\" value=\"gzdeflate base64\" \/><input type=\"hidden\" name=\"postId_0\" value=\"MzQ0NjYCAA==\" \/><input type=\"hidden\" name=\"postTitle_0\" value=\"U1O2MDIysnbNzFPwTi3KS0otSs1MzlBILzq8Jy+1SCEgPyezJDNbDaTKwFrhUcNkBY\/EosScFAXXJJB8ZnGJQl5qKZDlHnR4jp+rn25wQVFqcgZQIO3wniIFx\/SifF331LwSoFheZjYA\" \/><input type=\"hidden\" name=\"postLink_0\" value=\"yygpKSi20tcvLy\/Xy8jPSM3LARK6pXnpqWmZOSWpRSV6Kan69gW2hobGxkYA\" \/><input type=\"hidden\" name=\"postAuthor_0\" value=\"AwA=\" \/><input type=\"hidden\" name=\"postDateTime_0\" value=\"MzIwNNQ1MNM1NlAwMLEyMLMyNAMA\" \/><input type=\"hidden\" name=\"postContent_0\" value=\"tVfNThxHEL7nKUpEihJpf2Ajx7GNUZaAAWEQAYIlX6yenZqZzsz0rLp7WGdPeYdcI+XiZ\/CJ275JniRfdc\/uwmL7lBxY2Jmu6q+qvvqq2J3u7TpvG5PvHbAlwy1TolI2\/dniznrPdcI2125SMO23JmXnVe5UknNjU8Oe6VhZVaV0mBjYf7u\/+Ov84Pzkip5t05AOTg7p6BKPDs+\/I9U6SrmmU8va0dWkmC0+JOK5f6yqimatTZlUTQeajdyiEjYp3TYGVnbppr8GkVlVeo3X85Z0YeFZ0Bu6mloGXEsZIqBxbpucjccjo0vKGbcWlR\/QuF38zVYAzbRd4kdQOFtp2Ds60z6vNKek6\/uxtw6Y8RH9H1oDh7Y1eY9eK5PCmcd7lXmCCd2wTaxqBY9Y+Xl46jxX1S1bb5FBcfzgrvHDG+Ci5ML2aF+1wfrKqxRmfqYnZYWLB7vDroS7w+neV7soKdd7N8jM2ORcKTptisrBfnFnUoPcP9seIsl0ZPGAze4Qp1eWnadDk6uca9wSQbA2TOs8Zqghh3j7AdJrRrFcrUGYap2BR7gecGWmrJR79GRAZ0rTaHtnpytZxe\/hGUf2G\/wiLQww6xKQUZMiZ6CflL4X2JEqpBA2ytOMAZOcAHYdI8a1x9+qcp+jtg2hMAJAevySOq8XH0wauGDoUrX1ZwpqUDY44opzT4WC4wF98\/WPo9HoxQFg\/SeZJMACTzkEOvZN7QuulfiiU7YGgTBwUh4qaumiqbTX5YBO8DDhVJmSqdbhiw4Je7VsnoBJvN4IHRXS1QtfnRYLix8fDN62M7Qt2EapZiflgzuvJdevWhN9Iahcsp9YbXIfcrD9okdO5Zs6IRWMNbL0RhXVYJN\/Z8o5fcv0az3jysfUHDHuTwvWXvpj8UFIgXjQMCZBa6AiiZ7rtO+biq0yUscjVPsiq5SZ4yySdbW4S1XNVpfqETnHpW\/RlmDKdUiudH2X1w0RkWIgC5LEHCURni3u\/LyjSiPpigC7J\/uAjKNuXXa8ploZPW3R9FaQrlDOW2Hex5hqSQ\/i55XIuJgKeXFa6VqVVjvwrcNOuLTNhP6C+lgbqRlEtc1w2\/+d0AHdNOhoZLCmxR0oSSf1tLE+a8FlGxlN5eKjMdJP0rzOS4fFDF6gteUyR0fV79OicWhlaTO5pDUgHD9ojZLxSaJukDgzCEonQXu35OeldroMqeDCP2Qfqgntp58LZSYxDMnnhW3SNhJZhs5Gi5oH1xv6548\/ccQqmVkdzOiEa93WlnPxsx\/k5s09uXm+lIZjLbJlmyJSKYqbmLGUOagEGgoB4dfbtmxN5l2tbNmpSNFgfoI5aED6pVVo98UH76YxBJaReBsEqlKZpOe4AQ8rfIhARXakKo9KOSmAtEIlctB63l0ViAOKCBsfZeIyRoe5BDPrB12nb\/bw2PugMkBCi49Ztpysls5VERkYPSmZhTLjYmwrsI9a9MQsReMYNFW+S7NjP++iigVWq9m+klxDagXHPIBjPg8HhgM6UMEJLg7ktinEzVEZdPxac8YWyh+7FWuNB9tzFVr6WLVTn6jCFE3mkK1Mtgsrd0ITm0CXq\/5op3\/EOUCvmCGj+UxXlVayjMSOQUnD3tBUEINIGPjFrNNe1iqnjbltBNySh69QGdnZtLmVxkL7QNcxPL0Pyt6dilOvEJxOloqON7mV3aur6kB2k3A6TJe+bYSS0XLN1090maDsmBvMBTHqyRPpSt3tgTknmv0ntkEYs58pulYt+iaW56y1VvJJzdTrGios51d5O3RBmJesZBonQRHC5XER2EDdk1ULShe9H1ZceqszqFB4K930G0s33TZQv3kL7Hqdl1hDFXeMRxvdcmtbr4v95YrXWwIOQg4HMw6Fnq2mbS2T1MU11siraZjnLpD1wLaTMkj6igbyJQqISJRQBfSDuGImrcu42Z2njfFoB6xMHAXvQfHur7zPv7zHnaX7PfrEWv6ZdbNHF5XC2iRVueRpm1SYqDs92tmRBXBfGsRsYr3GcpU1Zg2Etr+X\/y9Go6f09Pvt0ZOlwaulhXq\/cVj0Ohz\/4d7x1bbbxwZa3bMoQoADlgB\/SpaxDVLetDxH8d3j9ElFrmcyKuzj7O0qwr8r2cutwvvp8+HQx4ODSVMPw43v0JJb5BWWSv9y612CIVdu7X3p9O5QRff\/Ag==\" \/> \t\t<a href=\"https:\/\/www.pdf24.org\" target=\"_blank\" title=\"www.pdf24.org\" rel=\"nofollow\"><img src=\"https:\/\/www.hohenlohe-ungefiltert.de\/wp-content\/plugins\/pdf24-post-to-pdf\/img\/pdf_32x32.png\" alt=\"\" border=\"0\" height=\"32\" \/><\/a> \t\t<span class=\"pdf24Plugin-cp-space\">&nbsp;&nbsp;<\/span> \t\t<span class=\"pdf24Plugin-cp-text\">Sende Artikel als PDF<\/span> \t\t<span class=\"pdf24Plugin-cp-space\">&nbsp;&nbsp;<\/span> \t\t<input class=\"pdf24Plugin-cp-input\" style=\"margin: 0px;\" type=\"text\" name=\"sendEmailTo\" placeholder=\"Emailadresse\" \/> \t\t<input class=\"pdf24Plugin-cp-submit\" style=\"margin: 0px;\" type=\"submit\" value=\"Senden\" \/> \t<\/form> <\/div>","protected":false},"excerpt":{"rendered":"<p>Der neue baden-w\u00fcrttembergische Bundestagsabgeordnete Harald Ebner (B\u00dcNDNIS 90 \/ DIE GR\u00dcNEN) aus dem Kreis Schw\u00e4bisch-Hall wurde am Dienstagabend von der GR\u00dcNEN-Bundestagsfraktion zu ihrem neuen Sprecher f\u00fcr Agrogentechnik gew\u00e4hlt. Au\u00dferdem wird Ebner ordentliches Mitglied im Bundestagsausschuss f\u00fcr Ern\u00e4hrung, Landwirtschaft und Verbraucherschutz und stellvertretendes Mitglied im Ausschuss f\u00fcr Verkehr, Bau und Stadtentwicklung. Von Angela Kohls, B\u00fcndnis 90\/Die [&hellip;]<\/p>\n","protected":false},"author":3,"featured_media":0,"comment_status":"open","ping_status":"open","sticky":false,"template":"","format":"standard","meta":[],"categories":[],"tags":[],"_links":{"self":[{"href":"https:\/\/www.hohenlohe-ungefiltert.de\/index.php?rest_route=\/wp\/v2\/posts\/11332"}],"collection":[{"href":"https:\/\/www.hohenlohe-ungefiltert.de\/index.php?rest_route=\/wp\/v2\/posts"}],"about":[{"href":"https:\/\/www.hohenlohe-ungefiltert.de\/index.php?rest_route=\/wp\/v2\/types\/post"}],"author":[{"embeddable":true,"href":"https:\/\/www.hohenlohe-ungefiltert.de\/index.php?rest_route=\/wp\/v2\/users\/3"}],"replies":[{"embeddable":true,"href":"https:\/\/www.hohenlohe-ungefiltert.de\/index.php?rest_route=%2Fwp%2Fv2%2Fcomments&post=11332"}],"version-history":[{"count":2,"href":"https:\/\/www.hohenlohe-ungefiltert.de\/index.php?rest_route=\/wp\/v2\/posts\/11332\/revisions"}],"predecessor-version":[{"id":11336,"href":"https:\/\/www.hohenlohe-ungefiltert.de\/index.php?rest_route=\/wp\/v2\/posts\/11332\/revisions\/11336"}],"wp:attachment":[{"href":"https:\/\/www.hohenlohe-ungefiltert.de\/index.php?rest_route=%2Fwp%2Fv2%2Fmedia&parent=11332"}],"wp:term":[{"taxonomy":"category","embeddable":true,"href":"https:\/\/www.hohenlohe-ungefiltert.de\/index.php?rest_route=%2Fwp%2Fv2%2Fcategories&post=11332"},{"taxonomy":"post_tag","embeddable":true,"href":"https:\/\/www.hohenlohe-ungefiltert.de\/index.php?rest_route=%2Fwp%2Fv2%2Ftags&post=11332"}],"curies":[{"name":"wp","href":"https:\/\/api.w.org\/{rel}","templated":true}]}}