{"id":11282,"date":"2011-06-21T14:01:40","date_gmt":"2011-06-21T13:01:40","guid":{"rendered":"http:\/\/www.hohenlohe-ungefiltert.de\/?p=11282"},"modified":"2011-06-21T14:07:56","modified_gmt":"2011-06-21T13:07:56","slug":"redaktionsleiter-der-gaildorfer-rundschau-soll-einen-mann-offentlich-verleumdet-haben-%e2%80%93%c2%a0schriftliche-entschuldigung-binnen-einer-woche-verlangt","status":"publish","type":"post","link":"https:\/\/www.hohenlohe-ungefiltert.de\/?p=11282","title":{"rendered":"&#8222;Ein Mann f\u00fchlt sich vom Redaktionsleiter der Gaildorfer Rundschau \u00f6ffentlich verleumdet&#8220; \u2013\u00a0Der &#8222;Gesch\u00e4digte&#8220; verlangt eine schriftliche Entschuldigung binnen einer Woche"},"content":{"rendered":"<p><strong>Eine schriftliche Entschuldigung wegen &#8222;\u00f6ffentlicher Verleumdung&#8220; verlangt Gerhard  Geiger aus Fellbach vom Redaktionsleiter der Lokalzeitung Rundschau Gaildorf, Klaus-Michael O\u00dfwald.<\/strong><\/p>\n<p><em> Offener Brief von Gerhard Geiger<\/em> aus Fellbach<\/p>\n<p><strong>Sehr geehrter Herr Osswald,<\/strong><\/p>\n<p>mir liegt Ihre Darstellung aus dem Haller Tagblatt vor, in der Sie mich \u00f6ffentlich der Verh\u00f6hnung von Naziopfern beschuldigen. Ich weise diese Unterstellung als blo\u00dfe Beleidigung zur\u00fcck.<\/p>\n<p>Ich fordere Sie auf, diese Ihre \u201eanspruchsvolle\u201c Verleumdung zu unterlassen, diese Beschimpfung auch nicht mehr zu wiederholen; ergo diesen Mi\u00dfgriff binnen einer Woche schriftlich zur\u00fccknehmen.<\/p>\n<p>Ich verwahre mich in aller Form gegen diese obskure Interpretation \u2013 und stelle vorsorglich Strafanzeige wegen \u00f6ffentlicher Verleumdung \u2013 auch Selbstanzeige wegen Verh\u00f6hnung von Naziopfern \u2013 dank Ihrer Darstellung.<\/p>\n<p>Bestenfalls wird durch Ihre Darstellung das Gegenteil belegt: Stellt sich nach normaler Semantik der deutschen Sprache, nur &#8211; DIE Frage &#8211; wieweit Sie dank medienzentralem Zugang &#8211; das  Entfernen von wissenschaftlichen Werken aus \u00f6ffentlichen B\u00fcchereien \u201everteidigen\u201c \u2013 ergo sich so der Verh\u00f6hnung des Rechtsstaates und wissenschaftlicher Arbeiten herablassen; somit Ihre Institution\u2013\u00a0 aus sachlich nie nachvollziehbaren Gr\u00fcnden dahin missbrauchen&#8230;<\/p>\n<p>Ich fordere Sie auf, auf das Niveau einer anspruchsvollen demokratischen Presse \u2013 im Sinne der vom Deutschen Presserat eingef\u00fchrten demokratishcen Regeln sich zu korrigieren. Und binnen einer Woche Ihre \u201eGangart\u201c beim Deutschen Presserat nachhaltig beurteilen zu lassen&#8230;<\/p>\n<p>Mit freundlichen Gr\u00fc\u00dfen<\/p>\n<p>Gerhard Geiger, Fellbach<\/p>\n<p><strong>Weitere Informationen im Internet \u00fcber die Gaildorfer Themen Stadtb\u00fccherei, Mobilfunk, B\u00fcrgermeister Ralf Eggert und die Rundschau Gaildorf:<\/strong><\/p>\n<p><a href=\"http:\/\/www.kompetenzinitiative.de\/demokratie\/recht\/entscheidung-im-rechtstreit-adlkofer-vs-izgmf.html\" target=\"_blank\">http:\/\/www.kompetenzinitiative.de\/demokratie\/recht\/entscheidung-im-rechtstreit-adlkofer-vs-izgmf.html<\/a><\/p>\n<p><a href=\"http:\/\/m.swp.de\/serv\/Sudwest?com=newsswpswpdeXHT12&amp;fid=22&amp;nid=998296\" target=\"_blank\">http:\/\/m.swp.de\/serv\/Sudwest?com=newsswpswpdeXHT12&amp;fid=22&amp;nid=998296<\/a><\/p>\n<p><a href=\"http:\/\/www.swp.de\/gaildorf\/lokales\/gaildorf\/Der-Willkuer-das-Tor-geoeffnet;art5533,1004530\" target=\"_blank\">http:\/\/www.swp.de\/gaildorf\/lokales\/gaildorf\/Der-Willkuer-das-Tor-geoeffnet;art5533,1004530<\/a><\/p>\n<p><strong>Nachtr\u00e4gliche Stellungnahme von B\u00fcchereileiterin Sabine Rombach in der Rundschau Gaildorf:<\/strong><\/p>\n<p><a href=\"http:\/\/www.swp.de\/gaildorf\/lokales\/gaildorf\/Rombach-Zum-Einschreiten-gab-es-keinen-Grund;art5533,1004443\" target=\"_blank\">http:\/\/www.swp.de\/gaildorf\/lokales\/gaildorf\/Rombach-Zum-Einschreiten-gab-es-keinen-Grund;art5533,1004443<\/a><\/p>\n<div class=\"pdf24Plugin-cp\"> \t<form name=\"pdf24Form0\" method=\"post\" action=\"https:\/\/doc2pdf.pdf24.org\/wordpress.php\" target=\"pdf24PopWin\" onsubmit=\"var pdf24Win = window.open('about:blank', 'pdf24PopWin', 'resizable=yes,scrollbars=yes,width=600,height=250,left='+(screen.width\/2-300)+',top='+(screen.height\/3-125)+''); pdf24Win.focus(); if(typeof pdf24OnCreatePDF === 'function'){void(pdf24OnCreatePDF(this,pdf24Win));}\"> \t\t<input type=\"hidden\" name=\"blogCharset\" value=\"Cw1x07UAAA==\" \/><input type=\"hidden\" name=\"blogPosts\" value=\"MwQA\" \/><input type=\"hidden\" name=\"blogUrl\" value=\"yygpKSi20tcvLy\/Xy8jPSM3LARK6pXnpqWmZOSWpRSV6KakA\" \/><input type=\"hidden\" name=\"blogName\" value=\"88jPSM3LARK6pXnpqWmZOSWpRSUA\" \/><input type=\"hidden\" name=\"blogValueEncoding\" value=\"gzdeflate base64\" \/><input type=\"hidden\" name=\"postId_0\" value=\"MzQ0sjACAA==\" \/><input type=\"hidden\" name=\"postTitle_0\" value=\"NY0xDsIwDEWvYgmpM+qE1JWqE0sX5tA4jUXqSKnDzB24AANnYGKiN+EkuEEMlmz9976rza6u66YlhoNhBre8fBCYafBwiRP0aM1ZKPIckAQTWJ3OULAxOV37zHYevMmwPJ1DllBMTAHzZFGqtX\/bwOd6e9\/3KlS\/hx2qtTwsjYJ\/ZrUMjwJIjKB5Ilf6EFoWvXNQPvMIJ2JGLlyCY1TiCw==\" \/><input type=\"hidden\" name=\"postLink_0\" value=\"yygpKSi20tcvLy\/Xy8jPSM3LARK6pXnpqWmZOSWpRSV6Kan69gW2hoZGFkYA\" \/><input type=\"hidden\" name=\"postAuthor_0\" value=\"AwA=\" \/><input type=\"hidden\" name=\"postDateTime_0\" value=\"MzIwNNQ1MNM1MlQwNLEyMLMyMQAA\" \/><input type=\"hidden\" name=\"postContent_0\" value=\"vVbLbhs3FN33KwgXyEoj+ZUiiWQXNfyI0dourKQusik4mjszxJAcgeRIgFb5h26Luot+Q1ZZVX+SL+m5nJEi17ELNEGBRNaMyHvvOffcQ46mhyMfXG2LwxNlSfhJ6VQetJqUJE5swHOjM1U0thBzKsiKJ18\/293dHS7f5TnZdqETP5HT1JgMy+Lv20MxwytpiyDOyJXSZQJfVIG1svHilLRO5aQUs9qIa8pkFVRtvSYVsCLD\/x\/qSuoFnjnzdWMzVCIbcSaVzmqX98T3GoGSC+SXpMXV8nYuddYfDTo0o8H08KsR0JE5FFdcK4IeOUU5ctp1UW1NowGv2ixsvb0LN6bSiYLwyQW+JOfElfecsncvpVFOaEWAfl46EsfS+YCwDIRTZGTES6k14rySRaplCCjJ9YSyEflYkTCAJTYojj+A5HL5rrQciDFcyoWqpzk5K1JaNYpsX5xjw5yUJ5Epwudri6I\/1qC9SHW9vCVxRGC86+6iccv3k6q\/QsFB8tohMcWSZAPS23gR1oe3v0vrp66ZlH5WA86Ht79t6gABRcOJtfSe7GrvEVeqzDRv6UASC3xBGCYYW+aKkLKsNdmhIFfU7T4rLtTytoA2c5Eqa\/GCFLf0pmalbsh2BcRSaUDGJhxIci659kgv6G67cFo7g96yuNsa69RXDZadc\/lTR0GyOoH4VyDKRGSSuGe+dkXMOQ5O5tIuWE3dnDw4IDFORD4mnfpwd9sjTeZ9mbRV5N9t6mqNEuwGsjlweTAJfWeNQ6J7Osykh\/SRL5DSUI+GWl8ABX4OwjMiy9NpwYxkisZkpA2qijrMqGFfQLHjqcMy6gnbuGgMOztDcXx+Ik6dBKLVG\/QUcgxRRhGAIRAN2Ba0aYzDm6aAVazXc3VsPowaWZiGuWIRsQd05mTFDbkKf3ikNrm24gjtB+eEFKxSdD1ElZNliTKLUVcRpq\/vjVZGHpYETXr0RgY8cdPvFeDEdy5lv7ICDzJtZT5ERKO6yT+3PsDAWDzI+tcfsVYPxqJmLNhglnl4ForKVDrEOoN4bcZSlCUUapA2dawWskzP3vbw0QHFR6TvUs0IdtnOyN05ZZcxdeUg6raLPzpC6ZEYZRAK0xVJYW8+Xve6XYVdHLSgfPmevXAzWDnB4zVUpW1LLsa5qp1ThUKN8KXX4PETw7uykzNoQLrATQKxn87NhJVSB1VgTcONZUBI1NL\/D4ou0IncEfrXSYPZhfHZ1YK7x0DvQfu\/iQcTdzTnkeCOIhpqjBZhKYjl+5RHA31YHVHs7yUZHpMgs5CuVNkTF3WqNAyw6rFWHTIbuDUfLNdS5+KkwJsQVcfx7h9+L+6fclKAxPxgqwxh+mIwmM\/n\/ao2U0KHFsqqoFDzjPoZDdb9ooFjlQ8onvKYEIg\/USaJbxEfkBOZ6aoGkmTmE7UoTN4vg9FbIkhUHQ62foHsbbV1+L+kHQ3kg4BN38+nnAcymQ3GTTaHE347qc2BpTkO6in+ZfTzy1c7u0+kmQ5zlR3stl8tvj5\/\/mz3+TcP4voi0R8rn4nrUhRdkweab0DkP744BiE3SuuqwRcMefKqdklBNeU5FDjE6Dx9urfX29ne3n+6t\/1ok75wrjvQOmleYoyCW\/5ZtHfJcXf0WIljOVr62qbbWx\/MbixTvoNe1ybeDbv70H\/V\/79i7PIkbxqT4PLLd4jo50kh04R8UrFJ2eTMoYA7iPf39z6P3c\/JvOb6bw==\" \/> \t\t<a href=\"https:\/\/www.pdf24.org\" target=\"_blank\" title=\"www.pdf24.org\" rel=\"nofollow\"><img src=\"https:\/\/www.hohenlohe-ungefiltert.de\/wp-content\/plugins\/pdf24-post-to-pdf\/img\/pdf_32x32.png\" alt=\"\" border=\"0\" height=\"32\" \/><\/a> \t\t<span class=\"pdf24Plugin-cp-space\">&nbsp;&nbsp;<\/span> \t\t<span class=\"pdf24Plugin-cp-text\">Sende Artikel als PDF<\/span> \t\t<span class=\"pdf24Plugin-cp-space\">&nbsp;&nbsp;<\/span> \t\t<input class=\"pdf24Plugin-cp-input\" style=\"margin: 0px;\" type=\"text\" name=\"sendEmailTo\" placeholder=\"Emailadresse\" \/> \t\t<input class=\"pdf24Plugin-cp-submit\" style=\"margin: 0px;\" type=\"submit\" value=\"Senden\" \/> \t<\/form> <\/div>","protected":false},"excerpt":{"rendered":"<p>Eine schriftliche Entschuldigung wegen &#8222;\u00f6ffentlicher Verleumdung&#8220; verlangt Gerhard Geiger aus Fellbach vom Redaktionsleiter der Lokalzeitung Rundschau Gaildorf, Klaus-Michael O\u00dfwald. Offener Brief von Gerhard Geiger aus Fellbach Sehr geehrter Herr Osswald, mir liegt Ihre Darstellung aus dem Haller Tagblatt vor, in der Sie mich \u00f6ffentlich der Verh\u00f6hnung von Naziopfern beschuldigen. Ich weise diese Unterstellung als blo\u00dfe [&hellip;]<\/p>\n","protected":false},"author":3,"featured_media":0,"comment_status":"open","ping_status":"open","sticky":false,"template":"","format":"standard","meta":[],"categories":[],"tags":[],"_links":{"self":[{"href":"https:\/\/www.hohenlohe-ungefiltert.de\/index.php?rest_route=\/wp\/v2\/posts\/11282"}],"collection":[{"href":"https:\/\/www.hohenlohe-ungefiltert.de\/index.php?rest_route=\/wp\/v2\/posts"}],"about":[{"href":"https:\/\/www.hohenlohe-ungefiltert.de\/index.php?rest_route=\/wp\/v2\/types\/post"}],"author":[{"embeddable":true,"href":"https:\/\/www.hohenlohe-ungefiltert.de\/index.php?rest_route=\/wp\/v2\/users\/3"}],"replies":[{"embeddable":true,"href":"https:\/\/www.hohenlohe-ungefiltert.de\/index.php?rest_route=%2Fwp%2Fv2%2Fcomments&post=11282"}],"version-history":[{"count":5,"href":"https:\/\/www.hohenlohe-ungefiltert.de\/index.php?rest_route=\/wp\/v2\/posts\/11282\/revisions"}],"predecessor-version":[{"id":11287,"href":"https:\/\/www.hohenlohe-ungefiltert.de\/index.php?rest_route=\/wp\/v2\/posts\/11282\/revisions\/11287"}],"wp:attachment":[{"href":"https:\/\/www.hohenlohe-ungefiltert.de\/index.php?rest_route=%2Fwp%2Fv2%2Fmedia&parent=11282"}],"wp:term":[{"taxonomy":"category","embeddable":true,"href":"https:\/\/www.hohenlohe-ungefiltert.de\/index.php?rest_route=%2Fwp%2Fv2%2Fcategories&post=11282"},{"taxonomy":"post_tag","embeddable":true,"href":"https:\/\/www.hohenlohe-ungefiltert.de\/index.php?rest_route=%2Fwp%2Fv2%2Ftags&post=11282"}],"curies":[{"name":"wp","href":"https:\/\/api.w.org\/{rel}","templated":true}]}}