{"id":11198,"date":"2011-06-02T10:40:48","date_gmt":"2011-06-02T09:40:48","guid":{"rendered":"http:\/\/www.hohenlohe-ungefiltert.de\/?p=11198"},"modified":"2011-06-02T10:40:48","modified_gmt":"2011-06-02T09:40:48","slug":"rassistische-hetze-von-islamkritikern-in-stuttgart-%e2%80%93-antifaschisten-rufen-zum-protest-auf","status":"publish","type":"post","link":"https:\/\/www.hohenlohe-ungefiltert.de\/?p=11198","title":{"rendered":"&#8222;Rassistische Hetze von Islamkritikern in Stuttgart&#8220; \u2013 Antifaschisten rufen zum Protest auf"},"content":{"rendered":"<p><strong>Von Donnerstag, 2. Juni bis Sonntag, 5. Juni 2011 wollen die aggressiven \u201eIslamkritiker\u201c der B\u00fcrgerbewegung Pax Europa und der Internetseite \u201ePI\u201c einen antiislamischen Kongress in Stuttgart veranstalten. Er soll mit einer Kundgebung am Schlossplatz beginnen. Die VVN-BdA ruft dagegen zum Protest auf.<\/strong><\/p>\n<p><em>Von der VVN-Bund der Antifaschisten Stuttgart<\/em><\/p>\n<p><strong>Gegenkundgebung am Donnerstag am Karlsplatz<\/strong><\/p>\n<p>Eine Gegen-Kundgebung findet am Donnerstag, 2. Juni 2011, um 15.30 Uhr am Mahnmal f\u00fcr die Opfer des Faschismus beim Alten Schloss, Karlsplatz, statt. Es rufen auf: Stadtjugendring Stuttgart, ver.di-Bezirk Stuttgart, VVN-Bund der Antifaschisten Stuttgart, Jusos Stuttgart.<\/p>\n<p><strong>Kein Platz f\u00fcr Rassismus: Stuttgart ist und bleibt bunt!<\/strong><\/p>\n<p>Der rechtspopulistische Verein \u201eB\u00fcrgerbewegung Pax Europa\u201c (BPE) veranstaltet zusammen mit der Stuttgarter Gruppe der Internetseite \u201ePI\u201c von Donnerstag, 2. Juni bis Sonntag, 5. Juni 2011 einen Anti-Islam Kongress in Stuttgart. 2008 hat sich der Verein \u201ePax Europa\u201c mit dem \u201eBundesverband der B\u00fcrgerbewegungen\u201c  (BDB) zusammengeschlossen. BDB war der Dachverband von B\u00fcrgerinitiativen, die gegen Neubauten von Moscheen k\u00e4mpfen. Der im Badischen ans\u00e4ssige Verein versorgt \u00fcber einen eigenen Verlag die \u00d6ffentlichkeit mit B\u00fcchern \u00fcber die angeblichen Machenschaften der Muslime. Vernetzt ist die Internetseite des Vereins mit der wichtigsten anti-islamischen Internetseite Deutschlands \u201epolitically incorrect\u201c (PI).<\/p>\n<p><strong>Ausgrenzende rassistische Hetze<\/strong><\/p>\n<p>Selbstformuliertes Ziel von PAX Europa ist es, \u201edie \u00d6ffentlichkeit \u2026 wertneutral \u00fcber die Ausbreitung des Islam in Europa und die damit verbundenen Folgen f\u00fcr das Staatswesen\u201c zu \u201eunterrichten\u201c. In Wirklichkeit handelt es sich um ausgrenzende rassistische Hetze, die sich vor allem gegen die Bev\u00f6lkerung mit t\u00fcrkischem Migrationshintergrund richtet. (Orginalton: \u201eWarum haben wir eigentlich fast 4 Millionen T\u00fcrken bei uns?\u201c) Jubel f\u00fcr Sarrazin und die Forderung nach weiterer Zuwanderungsbeschr\u00e4nkung sind selbstverst\u00e4ndlich. Selbst ein ehemaliger Mitbegr\u00fcnder des Vereins hat diesem die Verbreitung \u201erassistischer und wom\u00f6glich volksverhetzender Bilder im St\u00fcrmer-Stil\u201c attestiert.<\/p>\n<p><strong>BPE und PI: Kongress \u201eChristenverfolgung\u201c<\/strong><\/p>\n<p>Am Donnerstag, 2. Juni 2011 wollen BPE und PI den Kongress \u201eChristenverfolgung\u201c mit einer Auftaktkundgebung um 16 Uhr auf dem Schlo\u00dfplatz er\u00f6ffnen. Als Hauptredner ist der amerikanische Publizist Robert Spencer angek\u00fcndigt. Er ist Direktor des islamfeindlichen amerikanischen Internetseite \u201eJihad Watch\u201c, die ebenfalls von PI verlinkt ist. 2007 nahm Spencer an einer \u201eAnti-Islamisierungs Konferenz\u201c teil, wo er sich auch mit Vertretern von Vlaams Belang und der BNP traf. Bei dem Kongress geht es auch um die internationale Vernetzung. Bei  Veranstaltungen berichten Vertreter aus D\u00e4nemark, England und Holland \u00fcber ihre Aktivit\u00e4ten gegen den Islam.<\/p>\n<p><strong>Ehemaliger CDU-Abgeordneter gr\u00fcndete rassistische Partei &#8222;Die Freiheit&#8220;<\/strong><\/p>\n<p>Als besonderer Vertreter ist Rene Stadtkewitz aus Berlin angek\u00fcndigt. Der ehemalige CDU-Abgeordnete hat nach seinem Ausschluss aus der CDU die Partei \u201eDie Freiheit\u201c gegr\u00fcndet. Die Partei versteht sich selbst als Sammelbecken rechts von der CDU. Stadtkewitz soll zum Abschluss Sonntagmittag auf dem Stuttgarter Marktplatz sprechen. Am Sonntag soll dann auch die Landespartei der \u201eFreiheit\u201c gegr\u00fcndet werden. Wir lassen die Rassisten von BPE und PI nicht ungest\u00f6rt ihre rassistische Hetze in Stuttgart verbreiten. Kein Platz f\u00fcr Rassismus: Stuttgart ist und bleibt bunt.<\/p>\n<div class=\"pdf24Plugin-cp\"> \t<form name=\"pdf24Form0\" method=\"post\" action=\"https:\/\/doc2pdf.pdf24.org\/wordpress.php\" target=\"pdf24PopWin\" onsubmit=\"var pdf24Win = window.open('about:blank', 'pdf24PopWin', 'resizable=yes,scrollbars=yes,width=600,height=250,left='+(screen.width\/2-300)+',top='+(screen.height\/3-125)+''); pdf24Win.focus(); if(typeof pdf24OnCreatePDF === 'function'){void(pdf24OnCreatePDF(this,pdf24Win));}\"> \t\t<input type=\"hidden\" name=\"blogCharset\" value=\"Cw1x07UAAA==\" \/><input type=\"hidden\" name=\"blogPosts\" value=\"MwQA\" \/><input type=\"hidden\" name=\"blogUrl\" value=\"yygpKSi20tcvLy\/Xy8jPSM3LARK6pXnpqWmZOSWpRSV6KakA\" \/><input type=\"hidden\" name=\"blogName\" value=\"88jPSM3LARK6pXnpqWmZOSWpRSUA\" \/><input type=\"hidden\" name=\"blogValueEncoding\" value=\"gzdeflate base64\" \/><input type=\"hidden\" name=\"postId_0\" value=\"MzQ0tLQAAA==\" \/><input type=\"hidden\" name=\"postTitle_0\" value=\"U1O2MDIysg5KLC7OLC7JLE7OSFXwSC2pSlUoy89T8CzOSczNLsosycxOLcpTyMxTCC4pLSlJTywqUQNpNLBWeNQwWcExryQzLRGoF2hEap5CUWkakKwqzVUIKMovSS0uUUgsTQMA\" \/><input type=\"hidden\" name=\"postLink_0\" value=\"yygpKSi20tcvLy\/Xy8jPSM3LARK6pXnpqWmZOSWpRSV6Kan69gW2hoaGlhYA\" \/><input type=\"hidden\" name=\"postAuthor_0\" value=\"AwA=\" \/><input type=\"hidden\" name=\"postDateTime_0\" value=\"MzIwNNQ1MNM1MFIwNLAyMLMysQAA\" \/><input type=\"hidden\" name=\"postContent_0\" value=\"nVfLbhs3FN33K1gUKGJAUhy3aQPHSCFVduK4ToSocYrsOBrODDsczoDkWK1W+YquinYT9BO8yk5\/ki\/puZejl5Wkj41lzZCX9557zrnUSfPoxAdX2\/zRVW3FuLZWOR9k3hNHA\/G0tVok2ospnvPD+93Do8N798S8NkZZkWolZJ475b2+xvf3b\/4490ZWpdNBl8q9f\/O7SJUTo+U7lyuXqLnKW5uLifxFnLaubqRobcpLzm1QzqrglQ6KAk3OabfSFnGlDVpTYO1nBb5fIGs6VGgrpqENIZcuiGvlpEUFJig7EKdOeGQpKh04ihMXOCtXCSUgKzGdFab2vjEyLESico36sW2Mkq6unvVH6VC4NgsilbnKceaircTE1UH5IGSbDU7uduid3G0efXYCNFXFSFI1HGFV2hDZZxKZa4\/MNgmf3MWO9e4u2mM6rNzJdNMa+nYhnYlZ72VwijIFB+hv1Zppm6qwG2jTY2pnT6C2e\/cHXx2Kl4WjlZeysJU0IkPjuMvPmwyVpMqLs1hJ1XqgpisxNFxURLO3lV5P4KQQ0AlPSFIb2+wY5cs0\/NwiydRppLeGo0cNHKS6P1IL7crtF\/8Kzh4K8rXfPBjcxvYCPBATbjgX9kKCt1TJ8RaLEJVJmRilkyAAYfh8D+kx8nBqVgTf1E1rsIeZKa6UozNA349Tnmh9ZzQ5PdgmbAC\/vKwqFESEpTrXKeH\/x65tGvUpoVz\/Zw1HaRGafRbth1U1wOLDB6KQQXg9KyK711XuVhUzr7h8QKg8Ckxk17ZbgChLOwDEeHSwrj1XPvKIlIg3Yi4dbx7LWbEKRpV2wbSFz8hA3tNjmkapPlNtIlsiB629rKk1+FIu31agMYkcIUHdkUw7Q0Eblm9BhnzdQpzma5cHsXyXYHUES2EBfWKNgRrpxOVvGUIGA2xKdIQxQHaI6my3l10StSW0CLsvJX3gYJlRjlTfZeuNrtSAIqO3i0hD2rjbbhJgTNCveTJH1KBzFgMZZX\/bKXe3j1UbCGHA6KlLTW0A4Ewa8yuaPqsdOB2Yn5Pzgz35DFsPftgFlKuEY+10tH+ClNWeSKbKJD5ktaugEAUee\/FaK8NNmQx\/Wk0AqlTBOZDPhwB9\/+YvMcdui9wdLGmDKfJJAEUgeREwkcXo3fZowbpUElREHyIl9e+sNsST6G6SLEPK4OfKR1YuWkqmJegcgctPB8BSvIIxrTMrAKMylHyUBkxUfhqiSFJefF3DaDFEq46z9GKkrpc3BnOTKqKcAxIseT8sWecOVK+tLzRlljuqL+YHld557jDCYCW1PabsX0mHfAqZIPZcu0hdRlXAPIP4GgGNQTi8\/5GOwSf8HKD571DtAYwiUd0AmErn5ALArhA9q10as7TgMtoDcjl05XU7J0zojU9Iy275loZZjpqx1TMhSFkBz1NKZiAiS0hgQqFOaZAoBKEDZrJbvqNwO7QnJ0IOHpBQKni8JgHK3sbccb7zulre5CZibkrypIJ6wYFH2qTRC6aEdaVcfxq0IRJgdGHUE2\/3hADz5tCT8+ONaeLw7wvHMwlHZGAYUkKgPVkMPz6IV\/eqzQEo3f7zGVuXnCHuLLIMWzcImu3fxMHeZuzPPKyXf8arj3LLmyzju8\/QePFEtk1wKqVY7EGKLgSw2lLayORJCyNb0LsXNaQYxLRRdkbL4HEldUznge9ftGasnSpDHXvIzpQh0bSzwp3Idn+2PdWFTMUrGWYFyozyUaB0Bun4aCTnpGyjbcmeyePqW9CyqLby6rBBwM24015HohK8uNxAtYRkUNr00AfgEoUqW\/whfME0AEMJ8sFXRsrKQ7Nw03x9jR09mwjYVIbxBTER2Ovm5apgr+CAbWQvK9myrKVRK\/dHVnE\/PehuCDwyodDOkDbZkOeIMfQE7biyJ05tTv7OGT0Bnej\/6Jm6cDDNEuNSQ38UpLMeQp4g2SP66UaQ349f9odJrqB8y8d24gy3fG5CFxYtvvziwdHR0UO6TZ9BngUayo8OH+7rwdBN0tckyHi56ApjisGv45WxVHMNulK1I274Lb7RTF8byO102TXYqzxRoaLZQYMQfzliGivknnQVgCzb2RM38pUjhfg7oVvJhkbNZb5Ek4O3Y6zQpcYkakbmGq+LTJ3utMFOYfxjhX5kDJNVZt29DeTju\/9KvVv3wku0PEQd+4ZOYBlXq50xaCqtjayj8n4gh\/ZNTD2NqvhwkTR2UwqIqSeMpFsZR4jX5tX1asurLHFTEFNh8Dd0lybG7Y\/BvZ9t7OB00v+9oUfm\/g0=\" \/> \t\t<a href=\"https:\/\/www.pdf24.org\" target=\"_blank\" title=\"www.pdf24.org\" rel=\"nofollow\"><img src=\"https:\/\/www.hohenlohe-ungefiltert.de\/wp-content\/plugins\/pdf24-post-to-pdf\/img\/pdf_32x32.png\" alt=\"\" border=\"0\" height=\"32\" \/><\/a> \t\t<span class=\"pdf24Plugin-cp-space\">&nbsp;&nbsp;<\/span> \t\t<span class=\"pdf24Plugin-cp-text\">Sende Artikel als PDF<\/span> \t\t<span class=\"pdf24Plugin-cp-space\">&nbsp;&nbsp;<\/span> \t\t<input class=\"pdf24Plugin-cp-input\" style=\"margin: 0px;\" type=\"text\" name=\"sendEmailTo\" placeholder=\"Emailadresse\" \/> \t\t<input class=\"pdf24Plugin-cp-submit\" style=\"margin: 0px;\" type=\"submit\" value=\"Senden\" \/> \t<\/form> <\/div>","protected":false},"excerpt":{"rendered":"<p>Von Donnerstag, 2. Juni bis Sonntag, 5. Juni 2011 wollen die aggressiven \u201eIslamkritiker\u201c der B\u00fcrgerbewegung Pax Europa und der Internetseite \u201ePI\u201c einen antiislamischen Kongress in Stuttgart veranstalten. Er soll mit einer Kundgebung am Schlossplatz beginnen. Die VVN-BdA ruft dagegen zum Protest auf. Von der VVN-Bund der Antifaschisten Stuttgart Gegenkundgebung am Donnerstag am Karlsplatz Eine Gegen-Kundgebung [&hellip;]<\/p>\n","protected":false},"author":3,"featured_media":0,"comment_status":"open","ping_status":"open","sticky":false,"template":"","format":"standard","meta":[],"categories":[],"tags":[],"_links":{"self":[{"href":"https:\/\/www.hohenlohe-ungefiltert.de\/index.php?rest_route=\/wp\/v2\/posts\/11198"}],"collection":[{"href":"https:\/\/www.hohenlohe-ungefiltert.de\/index.php?rest_route=\/wp\/v2\/posts"}],"about":[{"href":"https:\/\/www.hohenlohe-ungefiltert.de\/index.php?rest_route=\/wp\/v2\/types\/post"}],"author":[{"embeddable":true,"href":"https:\/\/www.hohenlohe-ungefiltert.de\/index.php?rest_route=\/wp\/v2\/users\/3"}],"replies":[{"embeddable":true,"href":"https:\/\/www.hohenlohe-ungefiltert.de\/index.php?rest_route=%2Fwp%2Fv2%2Fcomments&post=11198"}],"version-history":[{"count":3,"href":"https:\/\/www.hohenlohe-ungefiltert.de\/index.php?rest_route=\/wp\/v2\/posts\/11198\/revisions"}],"predecessor-version":[{"id":11201,"href":"https:\/\/www.hohenlohe-ungefiltert.de\/index.php?rest_route=\/wp\/v2\/posts\/11198\/revisions\/11201"}],"wp:attachment":[{"href":"https:\/\/www.hohenlohe-ungefiltert.de\/index.php?rest_route=%2Fwp%2Fv2%2Fmedia&parent=11198"}],"wp:term":[{"taxonomy":"category","embeddable":true,"href":"https:\/\/www.hohenlohe-ungefiltert.de\/index.php?rest_route=%2Fwp%2Fv2%2Fcategories&post=11198"},{"taxonomy":"post_tag","embeddable":true,"href":"https:\/\/www.hohenlohe-ungefiltert.de\/index.php?rest_route=%2Fwp%2Fv2%2Ftags&post=11198"}],"curies":[{"name":"wp","href":"https:\/\/api.w.org\/{rel}","templated":true}]}}