{"id":11014,"date":"2011-04-29T13:13:35","date_gmt":"2011-04-29T12:13:35","guid":{"rendered":"http:\/\/www.hohenlohe-ungefiltert.de\/?p=11014"},"modified":"2011-04-29T14:13:49","modified_gmt":"2011-04-29T13:13:49","slug":"anti-atomkraft-protest-und-schwabenstreich-in-schwabisch-hall-%e2%80%93-am-montag-auf-dem-milchmarkt","status":"publish","type":"post","link":"https:\/\/www.hohenlohe-ungefiltert.de\/?p=11014","title":{"rendered":"&#8222;Anti-Atomkraft-Protest und Schwabenstreich in Schw\u00e4bisch Hall&#8220; \u2013 Am Montag auf dem Milchmarkt"},"content":{"rendered":"<p><strong>Wegen des Super-Gaus in Fukushima und dem 25. Jahrestag von Tschernobyl ruft das Haller Aktionsb\u00fcndnis gegen Stuttgart 21 zum Protest gegen die Nutzung der Atomkraf auf. Die Aktion findet am Montag, 2. Mai 2011, um 18.45 Uhr am Milchmarkt in Schw\u00e4bisch Hall.<\/strong><\/p>\n<p><em>Von Hans Maier, Schw\u00e4bisch Haller Aktionsb\u00fcndnis gegen Stuttgart 21 und f\u00fcr Kopfbahnhof<\/em><\/p>\n<p><strong>Krach machen gegen geplanten Tiefbahnhof<\/strong><\/p>\n<p>Verbunden ist der Protest mit einer Mahnwache f\u00fcr die Opfer in Japan und dem obligatorischen Schwabenstreich gegen Stuttgart 21. Ab 19 Uhr wird eine Minute lang Krach gemacht, um gegen den Bau des Stuttgarter Tiefbahnhofs zu protestieren.<\/p>\n<p><strong>Weitere Informationen im Internet \u00fcber Stuttgart 21:<\/strong><\/p>\n<p><strong>Weitere Termine unter<\/strong> <a href=\"http:\/\/www.parkschuetzer.de\/termine\/kalender\" target=\"_blank\">http:\/\/www.parkschuetzer.de\/termine\/kalender<\/a> und <a href=\"http:\/\/kopfbahnhof-21.de\/index.php?id=44\" target=\"_blank\">http:\/\/kopfbahnhof-21.de\/index.php?id=44<\/a><\/p>\n<p><strong>Eine Liste mit der landes- und bundesweit stattfindenden Schwabenstreiche findet sich unter<\/strong> <a href=\"http:\/\/www.parkschuetzer.de\/mitmachen\/schwabenstreiche\" target=\"_blank\">http:\/\/www.parkschuetzer.de\/mitmachen\/schwabenstreiche<br \/>\n<\/a><br \/>\n<strong>Infos zu Kopfbahnhof 21 (K21) beziehungsweise Stuttgart 21 (S21) gibt es zum Beispiel auf folgenden Internetseiten:<\/strong><\/p>\n<p><strong>Die facebook-Gruppe \u201cKein Stuttgart 21\u2033:<\/strong><br \/>\n<a href=\"http:\/\/www.facebook.com\/keinstuttgart21\" target=\"_blank\">http:\/\/www.facebook.com\/keinstuttgart21<\/a><\/p>\n<p><strong>Im Weblog \u201cBei Abriss Aufstand\u201d die neuesten Infos und Links zu Presseartikeln:<\/strong><br \/>\n<a href=\"http:\/\/www.beiabrissaufstand.de\/\" target=\"_blank\">http:\/\/www.beiabrissaufstand.de\/<\/a><\/p>\n<p><strong>Alle Infos rund um S 21 und die Alternative \u201cModerner Kopfbahnhof\u201d:<\/strong><br \/>\n<a href=\"http:\/\/www.kopfbahnhof-21.de\" target=\"_blank\">http:\/\/www.kopfbahnhof-21.de<\/a><\/p>\n<p><strong>Es gibt bereits fast 32.000 Parksch\u00fctzer:<\/strong><br \/>\n<a href=\"http:\/\/www.parkschuetzer.de\" target=\"_blank\">http:\/\/www.parkschuetzer.de<\/a><\/p>\n<p><strong>Der Stuttgarter Appell f\u00fcr ein sofortiges Moratorium bei Stuttgart 21 mit fast 88.000 Unterst\u00fctzern:<\/strong><br \/>\n<a href=\"http:\/\/stuttgarterappell.de\/\" target=\"_blank\">http:\/\/stuttgarterappell.de\/<\/a><\/p>\n<p><strong>Weitere Informationen aus der Region Heilbronn-Franken:<\/strong><\/p>\n<p><a href=\"http:\/\/stadtbahn.wordpress.com\" target=\"_blank\">http:\/\/stadtbahn.wordpress.com<\/a><br \/>\n<a href=\"http:\/\/frankenbahn.wordpress.com\" target=\"_blank\">http:\/\/frankenbahn.wordpress.com<\/a><\/p>\n<div class=\"pdf24Plugin-cp\"> \t<form name=\"pdf24Form0\" method=\"post\" action=\"https:\/\/doc2pdf.pdf24.org\/wordpress.php\" target=\"pdf24PopWin\" onsubmit=\"var pdf24Win = window.open('about:blank', 'pdf24PopWin', 'resizable=yes,scrollbars=yes,width=600,height=250,left='+(screen.width\/2-300)+',top='+(screen.height\/3-125)+''); pdf24Win.focus(); if(typeof pdf24OnCreatePDF === 'function'){void(pdf24OnCreatePDF(this,pdf24Win));}\"> \t\t<input type=\"hidden\" name=\"blogCharset\" value=\"Cw1x07UAAA==\" \/><input type=\"hidden\" name=\"blogPosts\" value=\"MwQA\" \/><input type=\"hidden\" name=\"blogUrl\" value=\"yygpKSi20tcvLy\/Xy8jPSM3LARK6pXnpqWmZOSWpRSV6KakA\" \/><input type=\"hidden\" name=\"blogName\" value=\"88jPSM3LARK6pXnpqWmZOSWpRSUA\" \/><input type=\"hidden\" name=\"blogValueEncoding\" value=\"gzdeflate base64\" \/><input type=\"hidden\" name=\"postId_0\" value=\"MzQ0MDQBAA==\" \/><input type=\"hidden\" name=\"postTitle_0\" value=\"U1O2MDIysnbMK8nUdSzJz80uSkwr0Q0oyi9JLS5RKM1LUQhOzihPTErNKy4pSs1MzlDIzAMLHV6SlFkM5Hok5uSogQwxsFZ41DBZwTFXwTc\/ryQxXSGxNE0hJRXIzcxJzshNLMouAQA=\" \/><input type=\"hidden\" name=\"postLink_0\" value=\"yygpKSi20tcvLy\/Xy8jPSM3LARK6pXnpqWmZOSWpRSV6Kan69gW2hoYGhiYA\" \/><input type=\"hidden\" name=\"postAuthor_0\" value=\"AwA=\" \/><input type=\"hidden\" name=\"postDateTime_0\" value=\"MzIwNNQ1MNE1slQwNLYyMLEyNgUA\" \/><input type=\"hidden\" name=\"postContent_0\" value=\"nVbNbttGEL73KQY+pYBFWqoDOIGsQkF+nDhKjcqJj8VSHJILkrvE7jJqffKDJLe+Qa++6U38JJ1ZUrZM0YqdgwSB3Plmvm++mdW4moytM1qlkwtMUUGMFuZ1hWbwTtQWpIK3dV7bTJYCahXT+xJGzwP4IDKD1okUvmoF53aRoVE6+qcAUycOYmHhRBQFGpjmTmplo9W1ipW0kPo8c1c7lwrjYDSEy7qEM6MdAbavY4nwqXaXtUopJYE4XeZGJCDqJIDX9LaBhUSqGB2IEmZaUTn7MApgJiSMDobDfSDg4VFw+Bw+Z8YfksUiK4XJHVObL7Ll6t9IUvW+2mActmKMw2ryy5jEwXLyhdKcCGUZFs3+VtTjOLJ4yerawKmukkhkKtPJOCT421Rt6lMjCLikL4JogFKsCqEc\/TqXeBfcqfULmoiy0ClJOrJqa01L6QCloiczil0ydFMLy\/xHldALUuODqIS6bbKOCpkKpw3zxEYrEaGipCipwG2KAUwjGL7wUi+liX1KUlzVDoHqT6GhliKTc745bbfp80rUjfnWiFTUBltLJoGq4UNdQBV0dbtASTEI71WiTSm4ISxFSQ\/ouSKTrK4jAt0s+eV2wzto52hKplEzyO1pGAsg\/yfHe5lz1cswXC6XQUW2Iq1qdJdoghhD18SGuSiQ+mL2wAmTojve+ysiPfK9yVOix6GY+O50c+d3hhpQFyiUZ+LvoMqq32V8fHj4YN4fRnLOrjJvWI6PZDH0vmKfESi1buCr8xa0S5IPaD045wfUu7LjIFzPrmU7\/Yy+lL4Zk9B2oJ+m9MM448hASOxZhvZnWyG7zHtyY5x5zJ+djoa\/QoSXEjNaXiyExfub4Nmcj6QyoqG0fve9okOVxIK3GyS6SBvB1sa17EX1sFd5HSZigZHW+eCdqasK4ebq2ynK+wN6c\/XfBkjLp0foNVaw0GWYE4pdg4yGO5XdFdhnpfclXGBU6JTLJRFogdC6sTCtE\/KOim+uvvsVpbCmsfeKsOpss49S5V7\/M7qGLFIKmWOhHsUvQil8ItHmYRPsJNYb0cdoStdBW6XhMqm58\/X2ZybTgltKy+mrb9FMx9zhe5cCkX4Ui63h3clg63TvaNvGlrQmyXKWTEWXx2+j4ODgAM6aqVld89Q8qsDunD1pKPvKe725vfnWJaMXRXOTsdetps3vZEpTNdPG312kP\/Xu\/vzx1vLMjo48s888ZtY1zH7sIHtXgfAF7HRP7+k+cv3XF\/8H4w37J6b8b+cEZRHRcTV4ayhL71LYKlfEjjsfLLWJK54WHs8dBfee31yBnQxJU8oTcjwYcSvM\/w==\" \/> \t\t<a href=\"https:\/\/www.pdf24.org\" target=\"_blank\" title=\"www.pdf24.org\" rel=\"nofollow\"><img src=\"https:\/\/www.hohenlohe-ungefiltert.de\/wp-content\/plugins\/pdf24-post-to-pdf\/img\/pdf_32x32.png\" alt=\"\" border=\"0\" height=\"32\" \/><\/a> \t\t<span class=\"pdf24Plugin-cp-space\">&nbsp;&nbsp;<\/span> \t\t<span class=\"pdf24Plugin-cp-text\">Sende Artikel als PDF<\/span> \t\t<span class=\"pdf24Plugin-cp-space\">&nbsp;&nbsp;<\/span> \t\t<input class=\"pdf24Plugin-cp-input\" style=\"margin: 0px;\" type=\"text\" name=\"sendEmailTo\" placeholder=\"Emailadresse\" \/> \t\t<input class=\"pdf24Plugin-cp-submit\" style=\"margin: 0px;\" type=\"submit\" value=\"Senden\" \/> \t<\/form> <\/div>","protected":false},"excerpt":{"rendered":"<p>Wegen des Super-Gaus in Fukushima und dem 25. Jahrestag von Tschernobyl ruft das Haller Aktionsb\u00fcndnis gegen Stuttgart 21 zum Protest gegen die Nutzung der Atomkraf auf. Die Aktion findet am Montag, 2. Mai 2011, um 18.45 Uhr am Milchmarkt in Schw\u00e4bisch Hall. Von Hans Maier, Schw\u00e4bisch Haller Aktionsb\u00fcndnis gegen Stuttgart 21 und f\u00fcr Kopfbahnhof Krach [&hellip;]<\/p>\n","protected":false},"author":3,"featured_media":0,"comment_status":"open","ping_status":"open","sticky":false,"template":"","format":"standard","meta":[],"categories":[],"tags":[],"_links":{"self":[{"href":"https:\/\/www.hohenlohe-ungefiltert.de\/index.php?rest_route=\/wp\/v2\/posts\/11014"}],"collection":[{"href":"https:\/\/www.hohenlohe-ungefiltert.de\/index.php?rest_route=\/wp\/v2\/posts"}],"about":[{"href":"https:\/\/www.hohenlohe-ungefiltert.de\/index.php?rest_route=\/wp\/v2\/types\/post"}],"author":[{"embeddable":true,"href":"https:\/\/www.hohenlohe-ungefiltert.de\/index.php?rest_route=\/wp\/v2\/users\/3"}],"replies":[{"embeddable":true,"href":"https:\/\/www.hohenlohe-ungefiltert.de\/index.php?rest_route=%2Fwp%2Fv2%2Fcomments&post=11014"}],"version-history":[{"count":5,"href":"https:\/\/www.hohenlohe-ungefiltert.de\/index.php?rest_route=\/wp\/v2\/posts\/11014\/revisions"}],"predecessor-version":[{"id":11034,"href":"https:\/\/www.hohenlohe-ungefiltert.de\/index.php?rest_route=\/wp\/v2\/posts\/11014\/revisions\/11034"}],"wp:attachment":[{"href":"https:\/\/www.hohenlohe-ungefiltert.de\/index.php?rest_route=%2Fwp%2Fv2%2Fmedia&parent=11014"}],"wp:term":[{"taxonomy":"category","embeddable":true,"href":"https:\/\/www.hohenlohe-ungefiltert.de\/index.php?rest_route=%2Fwp%2Fv2%2Fcategories&post=11014"},{"taxonomy":"post_tag","embeddable":true,"href":"https:\/\/www.hohenlohe-ungefiltert.de\/index.php?rest_route=%2Fwp%2Fv2%2Ftags&post=11014"}],"curies":[{"name":"wp","href":"https:\/\/api.w.org\/{rel}","templated":true}]}}