{"id":10917,"date":"2011-04-17T22:24:38","date_gmt":"2011-04-17T21:24:38","guid":{"rendered":"http:\/\/www.hohenlohe-ungefiltert.de\/?p=10917"},"modified":"2011-04-17T22:24:38","modified_gmt":"2011-04-17T21:24:38","slug":"die-vernichtung-des-nazismus-mit-seinen-wurzeln-ist-unsere-losung-%e2%80%93-fast-1300-teilnehmer-bei-antifa-demo-in-winterbach-und-weiler","status":"publish","type":"post","link":"https:\/\/www.hohenlohe-ungefiltert.de\/?p=10917","title":{"rendered":"&#8222;Die Vernichtung des Nazismus mit seinen Wurzeln ist unsere Losung&#8220; \u2013 Fast 1300 Teilnehmer bei Antifa-Demo in Winterbach und Weiler"},"content":{"rendered":"<p><strong>Eine Rede hat Jochen D\u00fcrr aus Schw\u00e4bisch Hall bei der heutigen Antifa-Demonstration (Sonntag, 17. April 2011) in Winterbach und Weiler (Rems-Murr-Kreis) gehalten. Fast 1300 Teilnehmer waren gekommen. Es gab Redebeitr\u00e4ge des B\u00fcrgermeister von Winterbach, von Weiler schaut hin, von der Gr\u00fcnen Jugend, den JUSOS, der VVN-BdA, des DGB, der MLPD und der Antifa Stuttgart.<\/strong><\/p>\n<p><em>Von Jochen D\u00fcrr, Schw\u00e4bisch Hall, Landessprecher der Vereinigung der Verfolgten des Naziregimes-Bund der AntifaschistInnen und Antifaschisten, Landesvereinigung Baden-W\u00fcrttemberg e.V. (VVN-BdA)<\/em><\/p>\n<p><strong>Die Rede von Jochen D\u00fcrr im Wortlaut:<\/strong><\/p>\n<p>Mehr als 60 Jahre nach der Gr\u00fcndung der Vereinigung der Verfolgten des Naziregimes durch \u00dcberlebende des faschistischen Terrors f\u00fchlt sich die Vereinigung der Verfolgten des Naziregimes \u2013 Bund der AnitfaschistInnen Baden-W\u00fcrtemberg, f\u00fcr die ich hier spreche, dem Schwur von Buchenwald verpflichtet: &#8222;Wir stellen den Kampf erst ein, wenn auch der letzte Schuldige vor den Richtern der V\u00f6lker steht! Die Vernichtung des Nazismus mit seinen Wurzeln ist unsere Losung. Der Aufbau einer neuen Welt des Friedens und der Freiheit ist unser Ziel.&#8220;<\/p>\n<p><strong>Handfraktur, schwere Prellungen, Gehirnersch\u00fctterung, Rauchvergiftung<\/strong><\/p>\n<p>Deswegen ist es folgerichtig, dass wir heute mit einer Demonstration zeigen, dass wir nicht akzeptieren, da\u00df Stiefelfaschisten hier im Rems-Murr-Kreis Migranten bedrohen. In der Nacht vom vergangenen Samstag auf Sonntag ereignete sich ein Brandanschlag auf drei italienische und sechs t\u00fcrkische Mitb\u00fcrger. Die Opfer wurden zun\u00e4chst u.a. mit Streit\u00e4xten angegriffen und gejagt. F\u00fcnf Angegriffene fl\u00fcchteten in eine Gartenh\u00fctte und versuchten so, den gewaltt\u00e4tigen Nazis zu entkommen. Diese steckten daraufhin die H\u00fctte \u2013 vermutlich mit Benzin \u2013 in Brand. Nur durch gro\u00dfes Gl\u00fcck entgingen die Opfer dem Flammentod und wurden von der zirka 30-k\u00f6pfigen Nazibande weiter traktiert. Die Folgen hiervon: Handfraktur, schwere Prellungen, Gehirnersch\u00fctterung, Rauchvergiftung, zum Teil Verletzungen durch Dornen am ganzen K\u00f6rper.<\/p>\n<p><strong>Warum ist das heute immer und immer wieder m\u00f6glich ?<\/strong><\/p>\n<p><strong>Thilo Sarrazins \u201e\u00dcberfremdungs\u201c-Pamphlet<\/strong><\/p>\n<p>Es m\u00fcssen Zusammenh\u00e4nge hergestellt werden: Thilo Sarrazins \u201e\u00dcberfremdungs\u201c-Pamphlet \u201eDeutschland schafft sich ab\u201c hat \u2013 sekundiert von Medien, die es in Rekordzeit zum Bestseller des Herbstes werden lie\u00dfen \u2013 eine neue Runde in der Popularisierung von Rassismus im \u00f6ffentlichen Diskurs eingeleitet. Zwar distanzierten sich wesentliche Teile der herrschenden Kreise schnell von seiner Rede von einem \u201ej\u00fcdischen Gen\u201c, kaum war jedoch diese Kritik ge\u00e4u\u00dfert, machten unter anderem Klaus von Dohnanyi und Horst Seehofer deutlich, dass durchaus die Opfer der sozialen Spaltung der Gesellschaft f\u00fcr ihre eigene Ausgrenzung in Haftung genommen werden sollen: als \u201eIntegrationsverweigerer\u201c aus \u201efremden Kulturkreisen\u201c, die \u201eunsere Sozialsysteme \u00fcberproportional belasten\u201c.<\/p>\n<p><strong>\u201eDie Mitte in der Krise \u2013 Rechtsextreme Einstellungen in Deutschland 2010\u201c<\/strong><\/p>\n<p>Einen Monat sp\u00e4ter legte die Friedrich-Ebert-Stiftung die Studie \u201eDie Mitte in der Krise \u2013 Rechtsextreme Einstellungen in Deutschland 2010\u201c vor, die in der Tat eine beunruhigende Zunahme der Zustimmung zu nahezu allen abgefragten Dimensionen des so genannten Rechtsextremismus in der \u201eMitte der Gesellschaft\u201c belegt:<\/p>\n<p>\u2013 Gut jeder Vierte w\u00fcnscht sich ein \u201estarke Partei\u201c, die die \u201eVolksgemeinschaft insgesamt verk\u00f6rpert\u201c.<\/p>\n<p>\u2013 Jeder Dritte w\u00fcnscht \u201ehartes und energisches Durchsetzen deutscher Interessen gegen\u00fcber dem Ausland\u201c.<\/p>\n<p>\u2013 40 Prozent fordern \u201eMut zu einem starken Nationalgef\u00fchl\u201c.<\/p>\n<p>\u2013 Durchg\u00e4ngig mehr als 30 Prozent der Deutschen stimmen zu, dass \u201eAusl\u00e4nder kommen, um den Sozialstaat auszunutzen\u201c, dass man sie bei knappen Arbeitspl\u00e4tzen \u201ewieder in ihre Heimat schicken\u201c solle, und dass Deutschland \u201ein einem gef\u00e4hrlichen Ma\u00dfe \u00fcberfremdet sei. Diese erschreckenden Zustimmungswerte steigen noch einmal sprunghaft an, wenn es um das Feindbild \u201eMuslime\u201c geht:<\/p>\n<p>\u2013 55,4 Prozent der Befragten stimmen der Aussage \u201eAraber sind mir unangenehm\u201c zu und<\/p>\n<p>\u2013 58,4 Prozent der Westdeutschen und 75,7 Prozent der Ostdeutschen wollen die Religionsaus\u00fcbung f\u00fcr Muslime verbieten.<\/p>\n<p><strong>Ankn\u00fcpfen an Ressentiment-geladene Mitte<\/strong><\/p>\n<p>Aus diesem Reservoir sch\u00f6pfen die Faschisten in NPD \/ REP und PRO-Bewegung, Hoffnung auf Mobilisierungspotenzial und Wahlerfolge. Nun erleiden NPD und REP erhebliche prozentuelle Stimmenverluste bei der Landtagswahl am 27. M\u00e4rz 2011, aber es gab immer noch Wahlkreise, wo beide in Addition an die F\u00fcnf-Prozent-H\u00fcrde herankamen. An diese Ressentiment-geladene Mitte kn\u00fcpfen auch Faschisten an. Das Entscheidende ist allerdings, dass dieses Ressentiment immer wieder staatlich und Mainstream-medial reproduziert wird. Diskussionen \u00fcber Deutschkurs- und Kita-Pflicht \u2013 wohl wissend, dass es f\u00fcr beides lange Wartelisten gibt \u2013 machen aus gesellschaftlich Ausgegrenzten Verantwortliche f\u00fcr die Spaltung der Gesellschaft, deren Opfer sie weitgehend sind.<\/p>\n<p>Am 27. M\u00e4rz 2011 wurde 58 Jahre Regierung unter der Staatspartei CDU beendet. Wir als AntifaschistischInnen kritisierten diese Politik vehement:<\/p>\n<p>\u2022 Die Verbandelung mit dem Studienzentrum Weikersheim<\/p>\n<p>\u2022 Den Schutzschirm \u00fcber die NPD im bundesweiten Verbotsverfahren<\/p>\n<p>\u2022 Berufsverbotepraxis der 1970er und 1980er Jahre \u2013 bis vor wenigen Jahren wurde Michael Csaszkosky wegen antifaschistischem Engagement die Berufsaus\u00fcbung als Lehrer verweigert&#8230;<\/p>\n<p>\u2022 Entwurf eines restriktiven Versammlungsgesetzes<\/p>\n<p>\u2022 Schikanierung und Kriminalisierung vor allem junger AntifaschistischInnen wegen Tragen durchgestrichener Hakenkreuze<\/p>\n<p>\u2022 Verschleppung der M\u00f6rder von Saint Anna \/ Italien durch Oberstaatsanwalt H\u00e4u\u00dfler<\/p>\n<p>Dies sind nur einige Beispiele \u2026<\/p>\n<p><strong>Was ist aus Sicht der VVN\u2013BdA zu tun ?<\/strong><\/p>\n<p>Es gibt, wie wir wissen, enge Verbindungen zwischen den freien Kameradschaften und den Parteistrukturen der NPD. Beim Besitzer der Immobilie \u201eLinde\u201c handelt es sich um den wegen Urkundenf\u00e4lschung und unerlaubtem Waffenbesitz vorbestraften aktiven NPD-Funktion\u00e4r J\u00fcrgen Wehner. Dieser kandidierte auch f\u00fcr die NPD zur Landtagswahl am 27. M\u00e4rz 2011. Wir brauchen in Baden-W\u00fcrttemberg wieder eine neue Initiative f\u00fcr ein Verbot der NPD. Die alte Blockadepolitik gegen eines neues NPD Verbotsverfahren auf Bundesebene muss aufgegeben werden. Als erster Schritt m\u00fcssen die V-Leute abgeschaltet werden.<\/p>\n<p>Ein zweite wichtige Entscheidung von GR\u00dcN\u2013ROT m\u00fcsste der sofortige R\u00fcckzug des Entwurfes des restriktiven Versammlungsgesetz sein \u2013 der Entwurf von Heribert Rech geh\u00f6rt in den Rei\u00dfwolf  !<\/p>\n<p>Wir alle, liebe AntifaschistInnen, machen mit unserer heutigen Demo deutlich, dass Faschismus keine Meinung ist, sondern ein Verbrechen ! Den angegriffenen MigrantInnen w\u00fcnschen wir von dieser Stelle aus baldige Genesung \u2013 ihnen geh\u00f6rt unsere volle Solidarit\u00e4t !<\/p>\n<p>Wir sehen uns hoffentlich alle am 1. Mai 2011 in Heilbronn und setzen das um, was in Dresden zwei Mal umgesetzt wurde: Wir blockieren mit vielen Menschen die Stra\u00dfen um den Heilbronner Bahnhof und lassen es nicht zu, dass sie einen Millimeter laufen k\u00f6nnen !<\/p>\n<p>Vielen Dank f\u00fcr eure Aufmerksamkeit !<\/p>\n<p>Mit antifaschistischen Gr\u00fc\u00dfen<\/p>\n<p>Jochen D\u00fcrr, Landesprecher der VVN-BdA Baden W\u00fcrttemberg<\/p>\n<p><strong>Internet:<\/strong> <a href=\"http:\/\/www.npd-verbot-jetzt.de\" target=\"_blank\">http:\/\/www.npd-verbot-jetzt.de<\/a><\/p>\n<p><strong>Kontakt:<\/strong><\/p>\n<p>Vereinigung der Verfolgten des Naziregimes \u2013 Bund der AntifaschistInnen und Antifaschisten, Landesvereinigung Baden-W\u00fcrttemberg e.V.<\/p>\n<p>B\u00f6blinger Str. 195, 70199 Stuttgart<\/p>\n<p>Telefon 0711 &#8211; 603 237 \/  Fax 0711 &#8211; 600 718<\/p>\n<p>E-Mail: baden-wuerttemberg@vvn-bda.de<\/p>\n<p><strong>Internet:<\/strong> <a href=\"http:\/\/www.vvn-bda-bawue.de\/\" target=\"_blank\">http:\/\/www.vvn-bda-bawue.de\/<\/a><\/p>\n<div class=\"pdf24Plugin-cp\"> \t<form name=\"pdf24Form0\" method=\"post\" action=\"https:\/\/doc2pdf.pdf24.org\/wordpress.php\" target=\"pdf24PopWin\" onsubmit=\"var pdf24Win = window.open('about:blank', 'pdf24PopWin', 'resizable=yes,scrollbars=yes,width=600,height=250,left='+(screen.width\/2-300)+',top='+(screen.height\/3-125)+''); pdf24Win.focus(); if(typeof pdf24OnCreatePDF === 'function'){void(pdf24OnCreatePDF(this,pdf24Win));}\"> \t\t<input type=\"hidden\" name=\"blogCharset\" value=\"Cw1x07UAAA==\" \/><input type=\"hidden\" name=\"blogPosts\" value=\"MwQA\" \/><input type=\"hidden\" name=\"blogUrl\" value=\"yygpKSi20tcvLy\/Xy8jPSM3LARK6pXnpqWmZOSWpRSV6KakA\" \/><input type=\"hidden\" name=\"blogName\" value=\"88jPSM3LARK6pXnpqWmZOSWpRSUA\" \/><input type=\"hidden\" name=\"blogValueEncoding\" value=\"gzdeflate base64\" \/><input type=\"hidden\" name=\"postId_0\" value=\"MzSwNDQHAA==\" \/><input type=\"hidden\" name=\"postTitle_0\" value=\"FcwxCsJAFIThqwwI6YQ1NkIqIViJlZh6k4zug+wL7NttUnkHb+hJXOv552t2p7Ztu16IB5PKFHLRF2Yabn4Ti8UQJcMoSsVQ0sZFIZZR1JiI62r10fwd1+H7\/uDi63o4Ooc7ZVGGyISRgrNmefp9z7hCKiaamUY\/hWrNGGrM9AM=\" \/><input type=\"hidden\" name=\"postLink_0\" value=\"yygpKSi20tcvLy\/Xy8jPSM3LARK6pXnpqWmZOSWpRSV6Kan69gW2hgaWhuYA\" \/><input type=\"hidden\" name=\"postAuthor_0\" value=\"AwA=\" \/><input type=\"hidden\" name=\"postDateTime_0\" value=\"MzIwNNQ1MNE1NFcwMrIyMLEytgAA\" \/><input type=\"hidden\" name=\"postContent_0\" value=\"rVlNbxtHEr3vr+h4gUUCkJRkx5GtON6VQkvyh2xBciTAl0XT0xy2Z6aH6O4RHZ3yH\/YabICFsD\/BJ934T\/JL9r3qJkWJm2SzyMUWyZ7u6qpXr17VPJk+fRKib1359Jl1Rp2YwqiJjupF+35inBrOr71Xugvq9P1kNr8a2fB+og51XauRsaowXk1MF22Jtbsu2rHuD03TOuypo22d+vy0dS7qsqe2tgdqd+ptre5vbm19oaxT59ZF40caW3auUOfG1tjw8xPThP5R533\/pTc2fKFKM9F1NG6g9nWIauvB5qZ6i8XOTBo8MNMex5emapuGi54FVeqR3AVGRj+\/Kg1MDWoPtymNb7ApzlUX7aoJvfQ52YBb6i6qiXXpa170wM+vHQ560eG2RQ\/f4e\/vTt+c9uTns7PX\/b1itycnDQ\/20rdHr46Hcjl+SB5Sp7GLsdQ+Dp5sZOc\/2Zg+\/dMTBMM0T89w3qr7e2u+76lX2uGYMPUG63w638BZzpadKxefx21dwm1i0Wt9ab0pbWNCf++2QdgWDnnueDn+svqtcYvDLlb239O4fP8c1sVompHxpTKDs4H6PDvhiycbuMjyUvmSQ5sBdnHnhso26rz1sYbPd9Z8cmQmgGAd1Feb6oWeeKMcEbMMSbFy4\/\/RA6roPLaY\/wjTa4AE95Mli1vT03jqrfG+9fh6fj2powqWx+ISv+Ogn3\/4h1pxt4233b3iyOTHHg\/zcgpPm1iCMYWZgGoEC13C7l5HK2e6LhSCMx3XeCKauKP+8udH9+\/f\/\/rc4tlo6lrscuqlbqZjZTxSyBDYM+Mccjv7sjbxMhru39UFEhpHeHnsRLb1KQnO5p\/qysi+k\/iZGiZvOC5J3kjXDw0oo7HwGU7CHuedvzS1U7g4IBbgP\/WqDXhioIZ0TDce6Y5W4YMzHZ8w8Di32\/cWmHFhmUX7cP4EeX2zmXpnTT2QW29+fRd1h0Dv2Osqdsgk+H7Gw4893ILjCe8DM7EeB+O3+TXw7PF9T53QMXBrace82RoqhybMDGmPVhA6AIDx9IPF04UOQc1sYkcjnkiXu82Ol8aKCcvl4kilq0szjQh9+m3+EyjDmrGpb7IyIQN5c4cs1ZEtvXZcMTKFbyckxOcpdq81N79oG8Kl1Lw9lp3qJoCgAYSxymStiO\/SGVgumIfpag+7Ftrh\/DovLrBI2ahra5wkjEQoAKpBRYC4Sl8e2ThKvDsQuLyZjsnZnSe2Ljs3v8IDCORAD8RPpxH7xvnVR96BRpbejseZmkrzQZcRdQB5P0Y+LX81alzPrwX\/jIkTd6sDkKxxKazyPC4eOq5yKrSJwkuDDIo4MFUxQS\/sUsbFRUGB2cEQ8u8ryXHtcX\/UBknTw7Q7Ex27N11kGspN9oy7xCL+snDgQL1G8ib2KX07\/wnIOaDhFc8rLWMiuyYvMeH3a00rYlvIDbLjFkUJTFNp9WCzX80\/TcfLG4xI2UhwyzoXiX7AJaYA7BOpCUDYZUf9MQnSg88aqcokBJJJly4jdx22nljTDSqzuyQXzT\/5KSBxN1vPtcc2zCnkRM4e27DK8\/LprxkJwatm\/qkUX\/91vYzmz28ntm6BcO\/hE0c2\/qdw\/tibhmUj\/PzDj\/1j0OIEBq\/tAh3RzK9DgLnvuiBRmMyvcCvYBTwLtUY4mQHZUb\/rLP46xOUknZg10BvjcS4xeoSlosIInWAqXJ3hk6AfGfxNWkAkAR4A6wTCxxeXZESGYA+GBZK+F\/o8hLqBpSHbqZCtQF1CpeQI6VaddMSLTZg6bqddrb0NVkItx56AoRKrg3Pmn5hyAnSWcBuqDlXSEL01IQegvYMog41gFuSA8ZJwvNsMmZSfFLCYrCG9l5IrZYo8ZugSh2vI6SGR51I88GNDH36YXxe5WB8YB7f1VKXhBJ7+wRRtKtjY7aW30VZI9vlVh\/v72FONTkTQUQEqJgwipV7WVLs8ZNhOnHbfW0HeYcuyeWrMpE2JmfI8U7eAnM+tpi6KZHtpNavv6RQUs1ALB4bhkYjHVO0tRY2UAoNSGErwPrOH8TjUkl0w3AkZLcIYWpb1HdFF8MNz3KFMRYVCbcbNvPHEEc3CCoEhvdvBEl+Jj5PDaDMW5LJ8KjaH74GZxqj5NRA89e0U6gx7a8r+WrMA4dG15CWorTB+XIIJjg+JHU9QGYDMj+B37Ix2QxIosQQWr6YDOoRNHLCekSImjmAIUmUKyhbdAuEllxClwBLcfwarYx9FMzmPP0J054v+oSZSJSUX5s3e6lTq4ajO+W7CqAK17zqn0azIEpBJBJPRMtQZfG\/wnxaZpkelAReLlBxCQLoAr2dZGVqiQDsp7quW5rxM5+OC6XJ3oUZjETx4a2fhTl75AG3OB+HTM8lTNUNpDRQKy9KPLZHHvkJVYD21S9Rkh561dRVKeMy6jGr8AX7UTWRJrBLVx1XE8OQXcurQi7XLU7HfhKckvYeMQIFhgqOnYpIFFBbxh0QCzxP53ghJl9RjglgpnMgkRurusV9uori12ATJB96ksKXPuihFX4gl3ZaVNIEeMWEHcHcnMahkRbClahZdyoOb\/eV+2VKkLIMumiezBo6ljdiAC5PY6CmwF\/M052HUwBNSGHzQ8ebJ93y60aRUI3145fR0yhbcs+ENU+wpbsIJuVgijMIyh8Y2TB7IyPeVbJeopJfkNTdeRTk2sAu6pReuJj6z\/hFkaeaHRC2i9RdaScQCupYqUfoN4iGaCTLklWgV1yaMNWAWtDlYIPjRi+6EMGhECuxjVTGydZGiFWpkB60v0YfcAvTDh70vb0Vgb5lRiwhIL9aFoEvB767XxEzAAdBtVBpJG08aHgBUwDW3Tnh054RzlNxiGWc6cvthb\/vWkjerK2Zt6smkH65tSdZGjOFMcoKUhHxD5s\/IUtOuke2uqwD26VhUMvZhCkRSRuyjDLOvzDS3xqK7qVAFw+4hUAVamXhQQWaz9m8aDcT\/9fFQbaiTZ8dyt+OTN\/09g+ZHVN9hOx47ms2W4KhFhBa6IUzbSAWM0Mp0R0P4SJ9sqIIRW6hES3S8ziMSHmD8xIySPJgm93XUMmyAGDq4owaWzHL6xNkEOpYww+6Ul\/e3B+pofuUvZcrUUxJZkwZCST0K5GhMqoEAWsvdkvzZLQornZnOfmCf0c+B7EPq+0LUn3aVltZg12WB8SsBUDeBYrO94lvN5gLgfuYEGfQG7YDSYDnwBRRVWEgMnhJuHXNbDgtViB6mL480i5c3uuk3UIyIgTdwaNGJGmOvWQyScgu5xCTizMlPQdeXjV6iw+sfp9mC1MhZC0\/PLM0osm0mJNCKG4OqmT5wMRK9Tvcs7Sg9TM0lfkBEVmqTmE3lY0T78JEzOjnOOBUSNCzHIr+opWTghieT\/iI1sv8BPxgKbCT3MoV27+IkdVVI7DxgOjFl1r5JHPKoU\/o3TKUCqm+H3+G2jBa0LucsZP7VuRlrVhrxVFSeIWvghJXjthY1egHbGMgV\/vrXYqQiHRylh7SSMvkRBcPuKbJHOje2As0CNc2tx1k73k9QLGiIb3Jc6TnmGdT7iFo\/SG8obh61kZpxzJu71a324IIxf8IKgEd\/RGNMT2w93t7MDdnW40f8M3mNAR7ZIIMjsLcQvPzisn+PEEltavVt0OGyakP1vUozFH3Hc7jtM1fqUrwjtidbbkiS\/n6Fkssx7kLvRk6AHtxMgHgHZBbOHksJC8gB5IRFM3yRrs6mjj6mWqGwCKuPwou20m4JhIJCsbHQAyudkZdMbdQHikT\/CxBIl3yLKrRoiEsxhLmAhw41yiTYqLs0q+efSRGtzXS6QPsRlFSRB9enSPCI85wGNT9PU5jcbL8ZccZHtGpOB6M6lKYHhLIcXlnqSdY713kls0y62IaphUJEIP+93peHxEt8FSBckGfeCPpescsqiaT8L604h\/HI\/h5pSkZciTp6kHZlArqVCS6F0Sy3ciwKEBU2zSxBBEXK8Fxc+XNSojir49wi13QAfMBrSBNsEc+Uuc+bRuqSFPtXOM6k\/poJJrM7UbpZd6VYfefZdBsHxUN2WQCgQ7jQH47QG4Hf2ASP5CACYcSQJiN1Rhjs6e93rmJFAdeoFzIH42wTra3PWgnKD5bYIqlvqRBLrmPGXna\/VeUSA428lnmwzJrW5\/O5Sty0\/M8dOEjT0HQelX5igxtfkov45kXt1e37CptOM3OJ1M5Jxd2CmHqXTEQT7AndcMhuFPqUwC\/5+GjZzKKKIpuJWdIsdCOK5nLyIvP2\/isZBLE7IhJg0WLuMlhpDQEgkhquKlNYc1NWF1OMg5P5j0TsyZu36YDcJ4V2zAYXj5xwFnfZpUl2Jg++L\/ht8pAhhXAgd1zwDk89NN6yIZWmjYIVaRxTv0bhZuc\/QRCOlfpscZdUUCjKAdqRWX9N01sUUtaG1LivvIjjjPnuhCKLDjaKlWDgCP\/KjCEgN0PrpBFaYEDeNzj1mVSTlRksdX+aL2diS10b\/7KJlooE6VN57SBsMdLpdcIBHufEP81DJ04atuSKPHq4aEXpAWKF9hwBx9suCSbJ66Am7XIAJY5iTiANIHpSOefgxNh6BCZyeSqd2kbNfgJcpKVfHiKkMoUGbvAwdGqTYhlTwdpJiUXsyzBe3H1BiuQcLt88DRe8lqlaJpHl4Ww\/9MTBXjGj1oJpJo1w6LIVpFpJb0qObE3hL5MNZAoFxPyTOHvpi7NkwRAiNKcuGJDvUECVFVBZcRS4XA0Jul5fnbw6o8mLZbffOKZXfrdeL6Y3e4la1Cq13C0V0pE7s\/ImTz3RCnww\/ubeJMbpzsbGbDYbuGnRT9qi\/4EuHxTmnkLjXZr4zb2\/jyAiq3tPf339kw29NvJ92boI\/l1\/jfj\/v7T7Q9+RLszZm39CnyOiAegZQEk97Kntza3Hj2\/eDy\/WvkW8x0iuzW1gmyJna+tr9dXmA3X\/wTaqP5L7493fNtX21qMlN\/aRGfUOUpEmzTqzNOlvFxeuPyq0OPP\/CmPeoD\/S2BfbbPxqENdWL0P4Hw==\" \/> \t\t<a href=\"https:\/\/www.pdf24.org\" target=\"_blank\" title=\"www.pdf24.org\" rel=\"nofollow\"><img src=\"https:\/\/www.hohenlohe-ungefiltert.de\/wp-content\/plugins\/pdf24-post-to-pdf\/img\/pdf_32x32.png\" alt=\"\" border=\"0\" height=\"32\" \/><\/a> \t\t<span class=\"pdf24Plugin-cp-space\">&nbsp;&nbsp;<\/span> \t\t<span class=\"pdf24Plugin-cp-text\">Sende Artikel als PDF<\/span> \t\t<span class=\"pdf24Plugin-cp-space\">&nbsp;&nbsp;<\/span> \t\t<input class=\"pdf24Plugin-cp-input\" style=\"margin: 0px;\" type=\"text\" name=\"sendEmailTo\" placeholder=\"Emailadresse\" \/> \t\t<input class=\"pdf24Plugin-cp-submit\" style=\"margin: 0px;\" type=\"submit\" value=\"Senden\" \/> \t<\/form> <\/div>","protected":false},"excerpt":{"rendered":"<p>Eine Rede hat Jochen D\u00fcrr aus Schw\u00e4bisch Hall bei der heutigen Antifa-Demonstration (Sonntag, 17. April 2011) in Winterbach und Weiler (Rems-Murr-Kreis) gehalten. Fast 1300 Teilnehmer waren gekommen. Es gab Redebeitr\u00e4ge des B\u00fcrgermeister von Winterbach, von Weiler schaut hin, von der Gr\u00fcnen Jugend, den JUSOS, der VVN-BdA, des DGB, der MLPD und der Antifa Stuttgart. Von [&hellip;]<\/p>\n","protected":false},"author":3,"featured_media":0,"comment_status":"open","ping_status":"open","sticky":false,"template":"","format":"standard","meta":[],"categories":[],"tags":[],"_links":{"self":[{"href":"https:\/\/www.hohenlohe-ungefiltert.de\/index.php?rest_route=\/wp\/v2\/posts\/10917"}],"collection":[{"href":"https:\/\/www.hohenlohe-ungefiltert.de\/index.php?rest_route=\/wp\/v2\/posts"}],"about":[{"href":"https:\/\/www.hohenlohe-ungefiltert.de\/index.php?rest_route=\/wp\/v2\/types\/post"}],"author":[{"embeddable":true,"href":"https:\/\/www.hohenlohe-ungefiltert.de\/index.php?rest_route=\/wp\/v2\/users\/3"}],"replies":[{"embeddable":true,"href":"https:\/\/www.hohenlohe-ungefiltert.de\/index.php?rest_route=%2Fwp%2Fv2%2Fcomments&post=10917"}],"version-history":[{"count":1,"href":"https:\/\/www.hohenlohe-ungefiltert.de\/index.php?rest_route=\/wp\/v2\/posts\/10917\/revisions"}],"predecessor-version":[{"id":10918,"href":"https:\/\/www.hohenlohe-ungefiltert.de\/index.php?rest_route=\/wp\/v2\/posts\/10917\/revisions\/10918"}],"wp:attachment":[{"href":"https:\/\/www.hohenlohe-ungefiltert.de\/index.php?rest_route=%2Fwp%2Fv2%2Fmedia&parent=10917"}],"wp:term":[{"taxonomy":"category","embeddable":true,"href":"https:\/\/www.hohenlohe-ungefiltert.de\/index.php?rest_route=%2Fwp%2Fv2%2Fcategories&post=10917"},{"taxonomy":"post_tag","embeddable":true,"href":"https:\/\/www.hohenlohe-ungefiltert.de\/index.php?rest_route=%2Fwp%2Fv2%2Ftags&post=10917"}],"curies":[{"name":"wp","href":"https:\/\/api.w.org\/{rel}","templated":true}]}}