{"id":10900,"date":"2011-04-23T10:35:35","date_gmt":"2011-04-23T09:35:35","guid":{"rendered":"http:\/\/www.hohenlohe-ungefiltert.de\/?p=10900"},"modified":"2011-04-23T12:37:28","modified_gmt":"2011-04-23T11:37:28","slug":"europaische-energie-und-klimapolitik-%e2%80%93-dreitagiges-seminar-der-friedrich-ebert-stiftung-in-brussel","status":"publish","type":"post","link":"https:\/\/www.hohenlohe-ungefiltert.de\/?p=10900","title":{"rendered":"&#8222;Europ\u00e4ische Energie- und Klimapolitik&#8220; \u2013 Dreit\u00e4giges Seminar in Br\u00fcssel"},"content":{"rendered":"<p><strong>Die Friedrich-Ebert-Stiftung bietet in Br\u00fcssel immer wieder Seminare f\u00fcr zivilgesellschaftliche Akteure an. F\u00fcr das n\u00e4chste Seminar \u201eEurop\u00e4ische Energie- und Klimapolitik\u201c vom 22. bis 25. Mai 2011 sind noch einige Pl\u00e4tze frei. Es richtet sich speziell an Mitglieder in lokal- und regional- sowie bundespolitischen Gremien und Verwaltungen, von Verb\u00e4nden, Gewerkschaften, B\u00fcrgerinitiativen, und aus Wissenschaft und Forschung sowie den Medien.<\/strong><\/p>\n<p><em> Von Moritz Kemppel, Leiter des Wahlkreisb\u00fcros der Europaabgeordneten Evelyne Gebhardt (SPD) in K\u00fcnzelsau<\/em><\/p>\n<p><strong>Steigende Energieabh\u00e4ngigkeit der EU<\/strong><\/p>\n<p>EU-Seminar der Friedrich-Ebert-Stiftung in Br\u00fcssel f\u00fcr MultiplikatorInnen aus Deutschland vom 22. bis 25. Mai 2011.<\/p>\n<p>Die 20-20-20-Klimaziele (20 Prozent CO2-Reduzierung, 20 Prozent-Anteil erneuerbarer Energien und 20 Prozent mehr Energieeffizienz, zu erreichen bis 2020) wehen nun bereits seit 2008 auf den Fahnen der EU. W\u00e4hrend Umwelt und Klima europ\u00e4ische Kompetenzen sind, werden entscheidende Energiefragen, zum Beispiel in Bezug auf den Energiemix, letztlich durch die Mitgliedstaaten individuell bestimmt. Dies erkl\u00e4rt zum Teil, warum konkrete Fahrpl\u00e4ne und Regelungen zu den Energieaspekten auf europ\u00e4ischer Ebene relativ langsam vorankommen. Doch die steigende Energieabh\u00e4ngigkeit der EU und eine immer dr\u00e4ngendere Klimafrage erfordern ein gemeinsames Vorgehen, sei es beim Thema Bezugsquellen und Energiesicherheit oder dem Ausbau von Infrastruktur und alternativen Energien. F\u00fcr das Jahr 2011 stehen nun einige europ\u00e4ische Initiativen in der Planung, deren Gestalt von einer F\u00fclle mitgliedsstaatlicher aber auch sektoraler Wirtschaftsinteressen beeinflusst wird.<\/p>\n<p><strong>Themen auf der EU-Agenda 2011:<\/strong><\/p>\n<p>\u2022 Ergebnisse des EU-Energiegipfels im Fr\u00fchjahr<\/p>\n<p>\u2022 Nachfrageszenarien (Roadmap 2050)<\/p>\n<p>\u2022 Fahrplan f\u00fcr eine CO2-arme Wirtschaft<\/p>\n<p>\u2022 Energieeffizienzplan<\/p>\n<p>\u2022 \u00dcberarbeitung Energiebesteuerungsrichtlinie<\/p>\n<p><strong>Programmleitung und Kontakt:<\/strong><\/p>\n<p>Stephan Thalhofer, Telefon: 0032 22 34 62 93; Fax: 0032 22 34 62 81; E-Mail: Stephan.Thalhofer@fes-europe.eu<\/p>\n<p><strong>Allgemeine Zielsetzung:<\/strong><\/p>\n<p>Die EU-Seminare des Europab\u00fcros der Friedrich-Ebert-Stiftung in Br\u00fcssel geben den TeilnehmerInnen die M\u00f6glichkeit zum Dialog mit einem m\u00f6glichst breiten Spektrum an Entscheidungstr\u00e4gerInnen und VertreterInnen europ\u00e4ischer Institutionen sowie von Verb\u00e4nden und Lobbygruppen im Themenbereich des jeweiligen Seminars. Neben Einblicken in die jeweils relevanten Zusammenh\u00e4nge und der Auseinandersetzung mit den Akteuren auf europ\u00e4ischer Ebene sollen Herausforderungen und Defizite identifiziert sowie L\u00f6sungsvorschl\u00e4ge und Anregungen gemeinsam diskutiert werden.<\/p>\n<p>Die Seminare richten sich an gesellschaftspolitische MultiplikatorInnen im weiteren Sinne. Darunter sind Funktionstr\u00e4gerInnen und Mitglieder lokaler und regionaler politischer Gremien, Verwaltungen, Gewerkschaften, Betriebsr\u00e4te, Presse, B\u00fcrgerinitiativen, Verb\u00e4nde, Vereine und sonstiger gesellschaftspolitischer Formationen zu verstehen. Die TeilnehmerInnen sollen in der Lage sein, die in den Seminaren gewonnenen Erkenntnisse zu Inhalten, Verfahren und Ansprechpartnern auf europ\u00e4ischer Ebene in die praktische Arbeit und das jeweilige Umfeld zu Hause vor Ort einflie\u00dfen zu lassen und weiterzugeben. Die TeilnehmerInnen sind im gleichen Zuge Wissenstr\u00e4ger, die Erfahrungen der lokalen, regionalen und nationalen Ebene in die Gespr\u00e4che mit den ReferentInnen im Programm aktiv einbringen und einen Beitrag leisten, die europ\u00e4ische n\u00e4her an die nationale Ebene zu r\u00fccken und umgekehrt.<\/p>\n<p><strong>Programmablauf:<\/strong><\/p>\n<p>Beginn der Seminare ist der jeweilige Montag im angegebenen Seminarzeitraum mit einem ersten einf\u00fchrenden Termin in der Friedrich-Ebert-Stiftung Br\u00fcssel um 9.30 Uhr. Die Anreise der TeilnehmerInnen sollte daher bereits am jeweils vorhergehenden Sonntag erfolgen. Die Friedrich-Ebert-Stiftung reserviert f\u00fcr die TeilnehmerInnen ab diesem Zeitpunkt ein Hotelzimmer f\u00fcr die Seminardauer. Die Organisation der Anreise der TeilnehmerInnen erfolgt in Eigenregie. Eine SeminarassistentIn der FES begleitet die Gruppe dann ab dem ersten Programmtag (Montag) und im weiteren Verlauf des Seminars. Das Programm ist nicht als umfassende Schulungsma\u00dfnahme konzipiert, bei dem die Friedrich-Ebert-Stiftung oder die ReferentInnen im Programm vollst\u00e4ndig \u00fcber alle Aspekte des jeweiligen Themas strukturiert unterrichten. Das Seminar ist als Dialogveranstaltung geplant und gibt den TeilnehmerInnen Gelegenheit, Ansprechpartner auf europ\u00e4ischer Ebene aus m\u00f6glichst vielen verschiedenen Institutionen kennenzulernen. Ziel ist der Austausch \u00fcber Fragen, die thematisch im Wirkungskontext der TeilnehmerInnen wichtig sind. Die Gespr\u00e4chspartner werden gebeten, jeweils einen kurzen inhaltlichen Aufschlag zu machen, um dann \u00fcber R\u00fcckfragen und Kommentare in eine offene Diskussion zu kommen. In der Abschlussrunde des Seminars soll erfolgt eine Gruppendiskussion \u00fcber die Gespr\u00e4chsinhalte, um daraus gemeinsam einige politische Empfehlungen zu entwickeln. Diese Empfehlungen werden dann durch die Friedrich-Ebert-Stiftung in Form eines Berichtes wieder an die ReferentInnen des Programms zur\u00fcckgespielt.<\/p>\n<p>Da die genaue Programmplanung von der Verf\u00fcgbarkeit der einzelnen ReferentInnen abh\u00e4ngt, kann ein detailliertes Programm fr\u00fchestens zwei bis drei Wochen vor Seminarbeginn an die angemeldeten TeilnehmerInnen versandt werden. Die Seminare enden am letzten Seminartag (Mittwoch) zur Mittagszeit, sp\u00e4testens gegen 13 Uhr.<\/p>\n<p><strong>Kosten und Kostenerstattung:<\/strong><\/p>\n<p>Die Erstattung von Reisekosten durch die Friedrich-Ebert-Stiftung erfolgt abz\u00fcglich einer Eigenbeteiligung von 100 Euro (Ausnahmen gelten bei Einreichung eines entsprechenden Nachweises f\u00fcr Sch\u00fcler, Auszubildende, Freiwilliges Soziales Jahr, Studierende und Arbeitslose). Die Friedrich-Ebert-Stiftung erstattet Reisekosten f\u00fcr Bahnfahrten 2. Klasse. Die Kosten f\u00fcr den Kauf einer Bahn-Card k\u00f6nnen leider nicht erstattet werden. Ist eine Anreise per Flugzeug g\u00fcnstiger als mit der Bahn, so wird auch ein Flugticket erstattet. Liegen die Kosten f\u00fcr einen Flug \u00fcber denen einer Bahnfahrt, so kann eine Erstattung maximal bis zu einem Betrag einer Bahnfahrt 2. Klasse f\u00fcr die \u00e4quivalente Reisestrecke erfolgen (ein Nachweis der Deutschen Bahn hierzu ist einzureichen.)<\/p>\n<p>Bei der Anreise mit dem PkW liegt unsere Erstattung bei 0,20 Euro\/km. Der maximal anrechenbare Betrag bel\u00e4uft sich auf insgesamt 150 Euro, der sich um die Eigenbeteiligung von 100 Euro vermindert.<\/p>\n<p>Die Kosten f\u00fcr den unmittelbar im Zusammenhang mit dem Programmablauf stehenden Transport vor Ort in Br\u00fcssel \u00fcbernimmt ebenfalls die Friedrich-Ebert-Stiftung. Es handelt sich dabei in der Regel um die Fahrten mit \u00f6ffentlichen Verkehrsmitteln zwischen dem Hotel und den einzelnen Programmterminen. Daf\u00fcr stellt die FES entsprechend Fahrkarten zur Verf\u00fcgung.<\/p>\n<p>Die Friedrich-Ebert-Stiftung erstattet ebenfalls die Kosten f\u00fcr die Unterkunft. Das Hotel rechnet das Zimmer inklusive Fr\u00fchst\u00fcck direkt \u00fcber die Friedrich-Ebert-Stiftung ab. Dennoch ist es m\u00f6glich, dass das Hotel beim Einchecken eine Sicherheit in Form einer Kreditkarte oder einer Bargeldgarantie verlangt f\u00fcr eventuelle Extras auf den Zimmern, wie Telefonnutzung oder Minibar, die die FES in keinem Falle \u00fcbernehmen kann. Soweit im Programm nicht anders ausgewiesen, tragen die TeilnehmerInnen die Verpflegung in den Mittagspausen und an den Abenden selbst.<\/p>\n<p><strong>Bildungsurlaub:<\/strong><\/p>\n<p>F\u00fcr das Seminar kann leider kein Anspruch auf Bildungsurlaub nach dem Bildungsurlaubsgesetz geltend gemacht werden. Die TeilnehmerInnen erhalten jedoch eine offizielle Best\u00e4tigung von Seiten der FES, aus der die Inhalte, die Rolle der TeilnehmerInnen und der weiterbildende Charakter des Seminars hervorgehen.<\/p>\n<p><strong>Anmeldung und Bearbeitungsfristen:<\/strong><\/p>\n<p>Die Anmeldung erfolgt verbindlich \u00fcber das Anmeldeformular im Anhang per Fax oder E-Mail. Anmeldeschluss ist 4 Wochen vor Seminarbeginn, soweit nicht anders angegeben. \u00dcbersteigt die Zahl der Anmeldungen die freien Pl\u00e4tze, werden die Interessenten \u00fcber ihren Wartelistenplatz informiert. Um Stornierungskosten zu vermeiden, bitten wir im Falle einer Absage seitens der TeilnehmerInnen so fr\u00fch wie m\u00f6glich um eine schriftliche Anmeldestornierung direkt an: Stephan.Thalhofer@fes-europe.eu oder per Fax: 0032.22.34.62.81<\/p>\n<p>Das Europab\u00fcro der Friedrich-Ebert-Stiftung beh\u00e4lt es sich vor, im Sinne einer ausgewogenen, gleichberechtigten und solidarischen Seminarzusammensetzung, die Teilnehmerinnen und Teilnehmer nicht ausschlie\u00dflich in chronologischer Reihenfolge ihrer Anmeldung auszuw\u00e4hlen. Eine Mitteilung der FES \u00fcber Zu- oder Absage der Teilnahme an der Veranstaltung kann sich damit bis sp\u00e4testens zum offiziellen Anmeldeschluss verz\u00f6gern.<\/p>\n<p><strong>Kontakt zur Friedrich-Ebert-Stiftung:<\/strong><\/p>\n<p>Friedrich-Ebert-Stiftung<\/p>\n<p>Konto 10 106 062 00, (BLZ 380 101 11)<\/p>\n<p>Post: D-53170 Bonn, Godesberger Allee 149<\/p>\n<p>Hiroshimastra\u00dfe 17,\u00a0 D-10785 Berlin<\/p>\n<p>Telefon in Bonn +49(0)2 28\/8 83-; Telefax +49(0)2 28\/8 83-3 96<\/p>\n<p>Telefon in Berlin +49(0)30\/2 69 35-6; Telefax +49(0)30\/2 69 35-8 50<\/p>\n<p><strong>Internet:<\/strong> <a href=\"http:\/\/www.fes.de  \" target=\"_blank\">www.fes.de <\/a><\/p>\n<p><strong>Kontakt in Br\u00fcssel:<\/strong><\/p>\n<p>Europab\u00fcro \/ Bureau Europ\u00e9en \/ EU Office<\/p>\n<p>38, rue du Taciturne, B-1000 Bruxelles<\/p>\n<p>Telefon  +32 (0)2 234.62.80<\/p>\n<p>Fax:  +32 (0)2 234.62.81<\/p>\n<p>E-Mail: fes@fes-europe.eu<\/p>\n<p><a href=\"http:\/\/www.fes-europe.eu\" target=\"_blank\">http:\/\/www.fes-europe.eu<\/a><\/p>\n<p><strong>Kontakt zum Europab\u00fcro von Evelyne Gebhardt (SPD):<\/strong><\/p>\n<p>Keltergasse 47, 74653 K\u00fcnzelsau<\/p>\n<p>Telefon 0 79 40 &#8211; 5 91 22<\/p>\n<p>Fax: 0 79 40 &#8211; 5 91 44<\/p>\n<p><strong>Internet:<\/strong> <a href=\"http:\/\/www.evelyne-gebhardt.eu\" target=\"_blank\">www.evelyne-gebhardt.eu<\/a><\/p>\n<p>&nbsp;<\/p>\n<div class=\"pdf24Plugin-cp\"> \t<form name=\"pdf24Form0\" method=\"post\" action=\"https:\/\/doc2pdf.pdf24.org\/wordpress.php\" target=\"pdf24PopWin\" onsubmit=\"var pdf24Win = window.open('about:blank', 'pdf24PopWin', 'resizable=yes,scrollbars=yes,width=600,height=250,left='+(screen.width\/2-300)+',top='+(screen.height\/3-125)+''); pdf24Win.focus(); if(typeof pdf24OnCreatePDF === 'function'){void(pdf24OnCreatePDF(this,pdf24Win));}\"> \t\t<input type=\"hidden\" name=\"blogCharset\" value=\"Cw1x07UAAA==\" \/><input type=\"hidden\" name=\"blogPosts\" value=\"MwQA\" \/><input type=\"hidden\" name=\"blogUrl\" value=\"yygpKSi20tcvLy\/Xy8jPSM3LARK6pXnpqWmZOSWpRSV6KakA\" \/><input type=\"hidden\" name=\"blogName\" value=\"88jPSM3LARK6pXnpqWmZOSWpRSUA\" \/><input type=\"hidden\" name=\"blogValueEncoding\" value=\"gzdeflate base64\" \/><input type=\"hidden\" name=\"postId_0\" value=\"MzSwNDAAAA==\" \/><input type=\"hidden\" name=\"postTitle_0\" value=\"U1O2MDIysnYtLcovOLwkszg5I1XBNS+1KD0zVVehNC9FwTsnMzexID8nsyQzWw2k2MBa4VHDZAWXotTMksNL0jPTU4sVglNzM\/MSixQy8xScig7vKS5OzQEA\" \/><input type=\"hidden\" name=\"postLink_0\" value=\"yygpKSi20tcvLy\/Xy8jPSM3LARK6pXnpqWmZOSWpRSV6Kan69gW2hgaWBgYA\" \/><input type=\"hidden\" name=\"postAuthor_0\" value=\"AwA=\" \/><input type=\"hidden\" name=\"postDateTime_0\" value=\"MzIwNNQ1MNE1MlYwNLAyMLEyNgUA\" \/><input type=\"hidden\" name=\"postContent_0\" value=\"nVpdbxtHln3fX1HIAAMbQ1EUJdnyxxgrRXLikZ0YVhwDellUi8VmD7urmepq0sOn\/JBgMlj4Zf9Anvy0\/Cf5JXvOrepmkyI9wQKGJTa7q+69de65597W89mL55V3pU1fXGZGvXSZGbnsbnJwlRjnD258Nva1TVWSGW+8yqy6cKvPVWVylRWFcWqBB\/DjxhSZ1c6o8eqzU8tsnuWpwV15dTfRY59jSaPOp97UuEfbvnrJ+0a6Unb16W5SedMsoX7\/+Z9XtStnq09ZxaeurHFpZg5UbUfqOs8KPSvzzGfT33\/+Rc3LQg2HfdhXqeFpX73RmRoOjo5UleFuW95NlMlslhr1Nl998ksY6EzWV1eVopv0qcJPVc3MMoO5sE29yXyaB7fgb15OdR42dybNSstPVQm\/VYKLpgrW0FSrvnFwAj9594\/GLXTO6Bnbg6GWV5LVJzyDz9+YhXHTEB1+vkA8UuNgq8+0z+a8xlV0XakPGQJuw71y8WXp8InnEgzBiuqNGWHn\/vPDeJzPD2cv\/uM5jtcUL9SP2P1N6TK\/VNemmM1M3lOvTebhIjxQH\/QknyIuVQIrykrRdTkDrZPUlG5kcfpWXc1N\/g9rYHsy0W7k1YObt5cPGaTr1We7NHml6+eH2K\/dO9py4w2OAI43h6mTCQKRZukURoTt3t+z\/Or9QYMJ3rEXm11QCvze1LnPZnk21b50r6yF6Qzjpak9wpZrRHAfbvrN5syG4eAg\/BPUER9GPRgO1FtXLo316uvvhwfvzKjGNw6G9NT6u4NzC59zZZw1NY4dqeEa5wM8OusUZtJ+acbjDOvZZU8tazyOUxFkiaGD4eChWhh+tjWuGXzrK1UxiMPB4AxujgUML\/WEXofA9tWH1aeJQ\/zV+2Jhcr\/OJGW6mXZdFjMeNIyS\/OlhL8flYCRvyEbdMxw7Lche1oW6AHZmGUkBZ2GWddpaEm8uso89lRu\/FCpQo9rxf8S4SbbKa02MYVuQx6hmLiam8mAZ31c4jQrBmCKHnZcdf0B0YZ92+H1aWqAXFAK33Qz3AKN08Z1JTS75x1h2rNFI96kXWIw3QoBwJQZPO5MzCRWwkla6AFycttMSjAfquiyj7dUfgbVYAg4ykTBHjrfwKTChHIIEEt6NkWjAC29WqSnwA1vD7x9LMMOEocZBK1xITIYATAzOT4Jd\/cRwRVxFU8hqxk1oRzmSNC\/UeV0luhYqemWxK\/KtnvraBaLJwQY2UE+L1A5P\/w2xjdTqWwRGbt1A0as1hREO3Pwt4igJQqfBkjhXbCeGMDKOu8ABVTRgEDRI0XBKJ\/yvJknj0HAQOT5\/yJwPhAigwnBDhkRgsNw4r\/E8CpMb9beJiEGLxx5O5+CcR6HFsaf3GOj3n\/9bXSH4iSUDC1XikRicNJuNQXk4VlDT6vPk7whQ98Hv9N1EjrZCPmnHvH\/wrtQj1C9sdzp42L05IBfFRwhM4EJ20a4wHV837NriCz7d\/X71C+KmHbAiJBlvZ0qRkHCpkgKY4wTNdphATKnTRZHHh4UvSuv11N8PEsh9NoHlP0x0PinHxvWQnLkZl\/apGgyOh+BZdXyiHg3Vk+NncPTj9uWzo2fq6gAMnD9VcbF+u9h\/jk11IPgyfVNvG3qe5yFTjLoF\/VQgGNh730ay+bqcxJOUAtepeH+owAAMQqxWGMiaCXI6lBhhs9VvKWEr+U+ausx0XqYEthxqoYp4BxCakL3x4A3JiDymmXiRaXlAHlSRNstHSeFJdPHSJnO9smBLX3tIFPK3CINN1SFrvC6T5B+pqyECrIo8YqyUEtIaAvN3SJMsJ7M1mqzqq+\/E76vMJrB+GlMbO4SbKzKmmWtLf25r8BbWFC4MTMzwgn0QAk3ii+ckYaFdURju5+OqFH77Foiuq8CTgde5+KVhCoD+WZ9wZswHVIkQgder3yrGci6SKWdA5aFzCzUX1mi5Fg5VUwSQT4fKtyEHWvQE5WiDctRcYK10O3Jwlw5BwBeiuxjcDJdQTlDDSGFBsr6s7ZRHeP\/wO7JUNKlxG6IUH9dbu0aJ9rZk6D3ZaTxQn1TYzJseFAmJdLcabXEkv0rOcf+KtgIsbl8YHOVqoSMuUYjnAICUEKnr9\/IonnUsHa9ZGwmcnsAtC7nXHAVjvyj5GMHpgEvrA1djn1d2wqIWTB9rKqB49NXMmbvJTDtvWXD3oS5CfObAe+FEz4VPA6R1J1MgrFALRtz1WyCUiefU906SfoxDW\/0aXM+11Ck+H2CA6s3E2hMJAgKISfMoAm9xd9MNRHyEsFyJfwHOa4DA8xYdYVMrxyAfN1xERZ45NmKmzcl3ZkyU+ha3TVFQjMacniUASJOExAO1X+ZR8qD0skoiz8U31AHaPSnqYd\/WnmgOQgSiFX7honWRminEse\/vq1A6yXF69wn\/An7bEIs2bWGSXFif2hvWtJTOQecZOYk1uJbiC2h5Td4CXNEsKNOiqKUOONzf4HVvEWkrCFZ80j8eqPcTF46dVJSJvHA7kwHMNtIMWqP3wVQN7QJn+EbkoeQFcoEeUUyiMkZc7bUJ2W7cXPhOdMdoBwh1wssVvL\/F5jPSkyjUb0tv8mXQtO3DMXQjDYkR9v7epRoZKeccysAXvA1my5jhivWH6AVDXpFr4tJIIIEWcBnifXWDuDBD2MsLlqW2IWQ2GL8+twY0jNCDcPYPBWddVgZX5EEfVp3yd4lsbxOAQLKsARDNFc5zLFmNNuAGTTkbjqrQq1+thmPsTZbZjCHuUbeLOaMvnUlQ67hjfwLOAYrKk4uzVK0+iz6mfD4Pbc12EZdOAV1iVPty3FJxYh0L3jWtNp2jW0G5gKu1FbVO21JDlRn4L80Sv1MHfQMlgG3ZevS2uXYv1bI\/70ijOXttK5XibsKax4U3BQ65HrK3ztliw4dbaT9jikNreCyJ8hzC8zL2qoyrZziEzxlUiOspTwzn5M1HvxOWC8YJoSYfB1S3fFk1jsVOmRwixNckaODFae2WUtNYkfJA5uf1WKYRKVmv0HfS4YEcBLjB7HfkwtBnRw1OXeWFzELrpMrxmPG7pHJBapRSZppONebIecKN8LXjwGoD2UIwbd7JiiF\/7Gi9YjBmo05UwRUTLaYs6+io2BZ2pNBVgWZpsm7G4cWCOjIPFFVt3RGjKaFYzwq+JNCpMcT+CkUoALtqhpOx2GwmFKPQZFQFk6TuQMJwjLGuN5daHoVNoLT2\/lnoZ0VecwPqi9XnNNGubfxhyhLe3SukcUSA1JjSOSNlw6P3yZmXHZvUmE0l2zUL8wAmGQGNQJ7qQykAosaI55iEchcdZTErIEdkaLcNZuYURHircNWGtA1lBEcos5p1MQyUmXm\/wN4PGS7qUVytlpLn1YwCMhjLSmrV0bFUuO3CfV0KFQc081dys\/Z+f9vWfi\/hfsfiMQ2L\/AFkNMjWyRIHJLOnMHGQ+sJcJUk2ix8NBtIWqgcgEOFvZjQ1pHA36pB0SbKwQI2DMeG3EDe2\/AsaWIWSiHqw+pxTpGG9ZZ1kuUzQerDXZAueecpcLJfgWhNGLD20wDVcEnER5KpoziovK\/Pw39TzGEsUwm6YxJQLPbHUiLww7KtrUaJhuevObfTiWkhaosSnDr5GQVfT1W8Cn5xTQBfL33q\/BkyvqsgiTZmfkX3zOl2aGvVj9blpFlhiipgr3AUQKmVmE0Y9zAs+5kkSnY366nUm8BptGR54lo80dCU1Y+2GOC+7NIm3ga1Cf8wKnUuSkZ9E77E70un2Iuv4rYXP6tNPdTansPYmBB9QNrC9lWLqAX1qECJ+x4E0dTPWVih06AekhpE96jj67T9ci9psQ0KF+EEYTD8o0EfKwlxxrNjxi7gd9IYB14fTAkeOFRpvtQ3g5Xy68TYx6JLrcXwxQiyA1IFTXXh1dBoWkkleuKEOeubL+TQXjYxn\/EZHvY282sIlyMqEOqRYDxJ0OytYq6Cg\/OMwUnQIlcqsdL5tvrpzGwGF5TRZUeaPIZiqL1KHvCOacFyRx1CMNIMZdb7MlhvnX8bEoo2r31iRmyKPysAGpgp+ofQt4psiuiISOs5HbKditDpVohYEmsQIzqIdCFtC93bZR2yYajGD7BxLEh3pRvwPUMdmeDaOCJ\/fUzhCMY19kI3BBxphqb9x5Tb0BJmdQnJkcxOmo9CrqK9YwkGidhTFXoN0QqhaeYUnKbEWiD3uU8lmYXsZiIOdEQnpHSW5b9YT8K4+cOramVHmJVZBbTf5jT4qH6UQM9ZzdsZGAJU68ssc0ZYxu7r6iDyp2jccwV8Q2EK6J5l82joMuGT5N1BDQHRQn83ZZVSwQjIvRbsHfBopOSSoPsrCQmzvCP\/YdMgIjZI5NQtqJ+ztg0jc1cDxGtAwG+cy8GpGKLF8zziuCPVYhy\/Ok5BPyJqkut95X6CIUTDXbJOS+zW7fWHQNBRCt7Fs0OXQE9SRWzaXU1bLELLYuk7+gSCJxXhEqakZiq6Gud9MhvEPpPgovgcWuZzJi17SHXsov2armzCOjV1lT3qSphl71chdEZKcUO3sFJpZZ+gmm3qvvp5ozpDi29ZWewOe8\/hu516Yzy0VXDN8vzDtJL8aO2mAd6ul9WON8pnTDjsS6RPTDocT7gNUXVHngW3PA89KwdYfA3TDWL7f3B7bCMnHk70ylEVWoLsJ12bC0g+vJuTlWeCyWz3JY2GL1kfY8l09+TC8um9fR4YDad768MyCY5mM+D4wsXOJEXQ6QJNZukl53VfvC+irEoUgvAKJCikMJQt5wYk2nVzNrk\/CEtIzUAQaqTiOFKG7e2AThLuwQUNYrBMCPwTQZe2fQ8Sgru1p6FHbf\/smJJxPPKzwRqU\/HPaPT\/qPhv2zo3X\/svGi48sjqsSgN8mFaqXg4WR7DIEMqmMIAuuUKdVVL04mOZeSDrlR9mgqMzSFsdQ187RYzePwv7dFVlmbQOtrDYKAOSCPY1SJJjgEcSxtmZdpnCJAcmErUVoCgw6W+PiyXqw+TXKCT4ZJJD\/sIiGPQ6QAodv6IEQ2HnV7xDLM0W271xmKCL9FgUABQAXZbYf4GmhNO3Y7lwC8JWAC8t\/RK8krN6nn+w5tBwHvubP5nquWkGb490gNHg2BnZ56cPH6Vh2f8eKROjpqJedbJMhTdXlwenz0eKAuSmb3NwhQlXDqiDDBJaOOTp40D3ybubKaQFzCKr36Fd897v3vv7DC0eDx2Sl78zxr31PGailCDUurv5w8eTB4OFTDs8MzdXZ88CzUU7DR9jfH6smjXavI8vHu48HhUD16oo5PDx5tr9T57kydDrYjL+wCQbOOrnquFXA1\/utXE+9nTw8PF4tFHxnZB72rr5SnePB\/\/eq\/oErt9KsXnW+fH+oX+062o1DvH2Q3bw\/VBfoBXYdkXv0PcHTIPy74HsC6a9\/fHp\/1lKuB2lr9oO9QLuBDT10g9hDiF67+SARW23FTfzkeqhDdSB9tPIRb7n\/f0kvz2hau7nlRuztq6xvvh27fnV+KI3OsGy6W891\/rXQ\/zNfUFC6Vfu7kcU89Pnl0erzxF02b4Rqox0\/UyUD9+U9nw6OjZ+pUPTlSw+FGyHbec3Ly\/4SZCZ4cpNGTnWHbc2M3an+2STV7Jp\/+Dw==\" \/> \t\t<a href=\"https:\/\/www.pdf24.org\" target=\"_blank\" title=\"www.pdf24.org\" rel=\"nofollow\"><img src=\"https:\/\/www.hohenlohe-ungefiltert.de\/wp-content\/plugins\/pdf24-post-to-pdf\/img\/pdf_32x32.png\" alt=\"\" border=\"0\" height=\"32\" \/><\/a> \t\t<span class=\"pdf24Plugin-cp-space\">&nbsp;&nbsp;<\/span> \t\t<span class=\"pdf24Plugin-cp-text\">Sende Artikel als PDF<\/span> \t\t<span class=\"pdf24Plugin-cp-space\">&nbsp;&nbsp;<\/span> \t\t<input class=\"pdf24Plugin-cp-input\" style=\"margin: 0px;\" type=\"text\" name=\"sendEmailTo\" placeholder=\"Emailadresse\" \/> \t\t<input class=\"pdf24Plugin-cp-submit\" style=\"margin: 0px;\" type=\"submit\" value=\"Senden\" \/> \t<\/form> <\/div>","protected":false},"excerpt":{"rendered":"<p>Die Friedrich-Ebert-Stiftung bietet in Br\u00fcssel immer wieder Seminare f\u00fcr zivilgesellschaftliche Akteure an. F\u00fcr das n\u00e4chste Seminar \u201eEurop\u00e4ische Energie- und Klimapolitik\u201c vom 22. bis 25. Mai 2011 sind noch einige Pl\u00e4tze frei. Es richtet sich speziell an Mitglieder in lokal- und regional- sowie bundespolitischen Gremien und Verwaltungen, von Verb\u00e4nden, Gewerkschaften, B\u00fcrgerinitiativen, und aus Wissenschaft und Forschung [&hellip;]<\/p>\n","protected":false},"author":3,"featured_media":0,"comment_status":"open","ping_status":"open","sticky":false,"template":"","format":"standard","meta":[],"categories":[],"tags":[],"_links":{"self":[{"href":"https:\/\/www.hohenlohe-ungefiltert.de\/index.php?rest_route=\/wp\/v2\/posts\/10900"}],"collection":[{"href":"https:\/\/www.hohenlohe-ungefiltert.de\/index.php?rest_route=\/wp\/v2\/posts"}],"about":[{"href":"https:\/\/www.hohenlohe-ungefiltert.de\/index.php?rest_route=\/wp\/v2\/types\/post"}],"author":[{"embeddable":true,"href":"https:\/\/www.hohenlohe-ungefiltert.de\/index.php?rest_route=\/wp\/v2\/users\/3"}],"replies":[{"embeddable":true,"href":"https:\/\/www.hohenlohe-ungefiltert.de\/index.php?rest_route=%2Fwp%2Fv2%2Fcomments&post=10900"}],"version-history":[{"count":7,"href":"https:\/\/www.hohenlohe-ungefiltert.de\/index.php?rest_route=\/wp\/v2\/posts\/10900\/revisions"}],"predecessor-version":[{"id":10939,"href":"https:\/\/www.hohenlohe-ungefiltert.de\/index.php?rest_route=\/wp\/v2\/posts\/10900\/revisions\/10939"}],"wp:attachment":[{"href":"https:\/\/www.hohenlohe-ungefiltert.de\/index.php?rest_route=%2Fwp%2Fv2%2Fmedia&parent=10900"}],"wp:term":[{"taxonomy":"category","embeddable":true,"href":"https:\/\/www.hohenlohe-ungefiltert.de\/index.php?rest_route=%2Fwp%2Fv2%2Fcategories&post=10900"},{"taxonomy":"post_tag","embeddable":true,"href":"https:\/\/www.hohenlohe-ungefiltert.de\/index.php?rest_route=%2Fwp%2Fv2%2Ftags&post=10900"}],"curies":[{"name":"wp","href":"https:\/\/api.w.org\/{rel}","templated":true}]}}