{"id":10897,"date":"2011-04-17T10:13:55","date_gmt":"2011-04-17T09:13:55","guid":{"rendered":"http:\/\/www.hohenlohe-ungefiltert.de\/?p=10897"},"modified":"2011-04-17T10:13:55","modified_gmt":"2011-04-17T09:13:55","slug":"ein-bauer-lauft-185-kilometer-fur-faire-milchpreise-%e2%80%93-neue-landesregierung-in-stuttgart-soll-helfen","status":"publish","type":"post","link":"https:\/\/www.hohenlohe-ungefiltert.de\/?p=10897","title":{"rendered":"&#8222;Ein Bauer l\u00e4uft 185 Kilometer f\u00fcr faire Milchpreise&#8220; \u2013 Neue Landesregierung in Stuttgart soll helfen"},"content":{"rendered":"<p><strong>Der Milchbauer Otto Sch\u00f6neweis beendete am Freitag, 15. April 2011 in Stuttgart seinen 185 Kilometer langen Marsch f\u00fcr faire Milchpreise.<\/strong><\/p>\n<p><em>Zugesandt von Gerhard Schreyer, 74538 Rosengarten, BDM-Kreisvorsitzender Schw\u00e4bisch Hall-Hohenlohe<\/em><\/p>\n<p><strong>Mit Werbekuh Faironika unterwegs<\/strong><\/p>\n<p>Der Bundesverband deutscher Milchviehhalter schrieb dazu im Vorfeld in einer Pressemitteilung: &#8222;Vorgestern in Wangen im Allg\u00e4u gestartet l\u00e4uft er in dieser Woche abwechselnd begleitet von anderen Milchbauern \u00fcber Bad Saulgau, Riedlingen, M\u00fcnsingen und Filderstadt Richtung Stuttgart, wo er am Freitag, 15. April 2011, vor dem Landtag in Stuttgart ankommt. Dort m\u00f6chte er dem zuk\u00fcnftigen Ministerpr\u00e4sidenten Winfried Kretschmann oder einem Vertreter eine kleine Faironika, die unverwechselbare Symbolfigur f\u00fcr faire Marktregeln, \u00fcbergeben. Die lebensgro\u00dfe Werbekuh Faironika hat er auf seinem Marsch hinter sich hergezogen und die Blicke auf sich und seine Holzschuhe, die die Farben und das Motiv der Marke \u201eDie faire Milch\u201c tragen, gezogen. Mit seinen Aktionen k\u00e4mpft der reimende Milchbauer aus dem nordhessischen Bad Wildungen, der Mitglied unseres Verbandes ist:<\/p>\n<p>\u2013 gegen Gentechnik<\/p>\n<p>\u2013 f\u00fcr faire Milchpreise<\/p>\n<p>\u2013 gegen Agroindustrie<\/p>\n<p>\u2013 f\u00fcr den Erhalt der Familienbetriebe<\/p>\n<p>Eine gesunde Landwirtschaft und faire Marktbehandlung f\u00fcr die Milcherzeuger ist ihm ein gro\u00dfes Anliegen. Dies bringt er in seinen Versen zum Ausdruck. Um auf die Thematik aufmerksam zu machen und f\u00fcr das faire Miteinander von Erzeugern und Verbrauchern und den Erhalt unserer nat\u00fcrlichen Lebensgrundlagen zu werben, l\u00e4uft Otto Sch\u00f6neweis durch Deutschland (&#8230;).<\/p>\n<p><strong>Weitere Informationen im Internet \u00fcber den Kampf des BDM f\u00fcr faire Milchpreise:<\/strong><\/p>\n<p><a href=\"http:\/\/www.bdm-verband.de\" target=\"_blank\">www.bdm-verband.de<\/a><\/p>\n<div class=\"pdf24Plugin-cp\"> \t<form name=\"pdf24Form0\" method=\"post\" action=\"https:\/\/doc2pdf.pdf24.org\/wordpress.php\" target=\"pdf24PopWin\" onsubmit=\"var pdf24Win = window.open('about:blank', 'pdf24PopWin', 'resizable=yes,scrollbars=yes,width=600,height=250,left='+(screen.width\/2-300)+',top='+(screen.height\/3-125)+''); pdf24Win.focus(); if(typeof pdf24OnCreatePDF === 'function'){void(pdf24OnCreatePDF(this,pdf24Win));}\"> \t\t<input type=\"hidden\" name=\"blogCharset\" value=\"Cw1x07UAAA==\" \/><input type=\"hidden\" name=\"blogPosts\" value=\"MwQA\" \/><input type=\"hidden\" name=\"blogUrl\" value=\"yygpKSi20tcvLy\/Xy8jPSM3LARK6pXnpqWmZOSWpRSV6KakA\" \/><input type=\"hidden\" name=\"blogName\" value=\"88jPSM3LARK6pXnpqWmZOSWpRSUA\" \/><input type=\"hidden\" name=\"blogValueEncoding\" value=\"gzdeflate base64\" \/><input type=\"hidden\" name=\"postId_0\" value=\"MzSwsDQHAA==\" \/><input type=\"hidden\" name=\"postTitle_0\" value=\"U1O2MDIysnbNzFNwSixNLVLIObykNK1EwdDCVME7Myc\/N7UEKJh2eA+QSMwsSlXwzcxJzigoSs0sTlUD6TWwVnjUMFnBL7U0VcEnMS8ltbgoNT0ztag0L10BaGhwSWlJSXpiUYlCcX5OjkJGak5aah4A\" \/><input type=\"hidden\" name=\"postLink_0\" value=\"yygpKSi20tcvLy\/Xy8jPSM3LARK6pXnpqWmZOSWpRSV6Kan69gW2hgYWluYA\" \/><input type=\"hidden\" name=\"postAuthor_0\" value=\"AwA=\" \/><input type=\"hidden\" name=\"postDateTime_0\" value=\"MzIwNNQ1MNE1NFcwNLAyMLEyNQUA\" \/><input type=\"hidden\" name=\"postContent_0\" value=\"dVXdThtHFL7vUxxRqWolYwdSVEQcJBAQImKlgrZIvalmvce7o50fa35sxVe8Q2+r5oZnyBV3fhOepN\/ZXRNSJxeY8XrmnG++n7Pj+fE4puBddXzGgSbaTOtCZSzfp+TpZlqvPzleso5UMLuSE5OydBFYJ1UNaO9gSCfzoA3tv9jbI+3oJuWUKhUSRdaOHe0dHtCVNt7ibCCjXIWHExXitKbZ+iHQTOnAXes56kYejkc9pvFofvzdGBjZHv+ZK47KlYkW3tEbDrUKpSAM\/IHDgH75+eDlIV37yE7asxvQ6dlk90pKLnyIOq3kAkGOLNf3hRYAl8qY3UtfszP4GI\/Q56lnj2GiE91yKLjJNV0Aq3e6UZQdrrPkKm6BFSJPM1rFBY4BMZWcE7ptCF5ormtlhA48DZoLKtUqk7b0hw8zNqUQKewF+jVwjGx1SqxNdtUR\/fD94f7+\/ivsBB+o4WTzbUcrKpwYU63vM8mPQkMig6+zRCiGjaXmiNWtBxxSxZKndWQDjAVXBqJyR68SpkSnJ0M4Wj8UcjMF0lU2lcoDutZcGi2tBzRZP7jYrsFNSRfaoAQwQLBrPa0TwH82x4CWXhB920sD4AhgztI7EV1VX5pLucZbm4Z05vHNrj+hA0tFObHKDcDMkm6tpp0WnuZhfR91ydANfGk3A\/ElwR4ijVXOkRd3CO3QgUMKrWHlOzWm\/fek\/kB4xDUXYoGWwULBwzcfbOHNTFc5fGFtFRpUq8DzoGOx4oIdsKOIkWWsgl9\/5K\/5rFatdCrPukDZTXZq7VoHaVlLyZXfcC\/gTo2eNtydky3yvC1Al96sUCDX3F1D\/i4UGveHVaSJT3pBQodgZ3q8+1ewPkvq490\/lIJqle9bD0mi0qf+pEnay6JZ39s57CfFoLSVDD6fMyrHVjPnQ1nD6xJLHBOb3cJCuTNXC0Wnyohm2cHCHEUkiRdWEPhoE7\/Hu7+BSKh4I1pPa9D4\/Levz5zt0yfQRLsyI92atwrAR3QeJMUttgtlNbC5gmV38bT\/XAhHFGUctEZe6iB+U2BEyH5mkIJr\/C4Z7zvoHiCHFWP2Bbkl6dqKJakzTKQTh7ZVbyYM6YAEbrLeSwGaMBMRCgyHHMuQp82QfretNaTJbzVblXQjDyyHJipJEFnVCtGibPHAFxvaMIxcOyLaYXHeA+w2iypBZcHdG+ozVZ1ygZxKKAmHSod3fQKw14ihpPlSggDd+9m19TIqc4Cnz7q5amTG\/ihz8eWLVz8N\/z\/Ab2WsAfZbN\/NBbtr6EqPyrQTIYeJ1k01wXimYlcRSeHd8wypH268nxDTw7PVOndL8aDRaLpfDorS7\/fwflrxDGMYVp9c7fxWA2+wcb+8Zj1RX8T8=\" \/> \t\t<a href=\"https:\/\/www.pdf24.org\" target=\"_blank\" title=\"www.pdf24.org\" rel=\"nofollow\"><img src=\"https:\/\/www.hohenlohe-ungefiltert.de\/wp-content\/plugins\/pdf24-post-to-pdf\/img\/pdf_32x32.png\" alt=\"\" border=\"0\" height=\"32\" \/><\/a> \t\t<span class=\"pdf24Plugin-cp-space\">&nbsp;&nbsp;<\/span> \t\t<span class=\"pdf24Plugin-cp-text\">Sende Artikel als PDF<\/span> \t\t<span class=\"pdf24Plugin-cp-space\">&nbsp;&nbsp;<\/span> \t\t<input class=\"pdf24Plugin-cp-input\" style=\"margin: 0px;\" type=\"text\" name=\"sendEmailTo\" placeholder=\"Emailadresse\" \/> \t\t<input class=\"pdf24Plugin-cp-submit\" style=\"margin: 0px;\" type=\"submit\" value=\"Senden\" \/> \t<\/form> <\/div>","protected":false},"excerpt":{"rendered":"<p>Der Milchbauer Otto Sch\u00f6neweis beendete am Freitag, 15. April 2011 in Stuttgart seinen 185 Kilometer langen Marsch f\u00fcr faire Milchpreise. Zugesandt von Gerhard Schreyer, 74538 Rosengarten, BDM-Kreisvorsitzender Schw\u00e4bisch Hall-Hohenlohe Mit Werbekuh Faironika unterwegs Der Bundesverband deutscher Milchviehhalter schrieb dazu im Vorfeld in einer Pressemitteilung: &#8222;Vorgestern in Wangen im Allg\u00e4u gestartet l\u00e4uft er in dieser Woche [&hellip;]<\/p>\n","protected":false},"author":3,"featured_media":0,"comment_status":"open","ping_status":"open","sticky":false,"template":"","format":"standard","meta":[],"categories":[],"tags":[],"_links":{"self":[{"href":"https:\/\/www.hohenlohe-ungefiltert.de\/index.php?rest_route=\/wp\/v2\/posts\/10897"}],"collection":[{"href":"https:\/\/www.hohenlohe-ungefiltert.de\/index.php?rest_route=\/wp\/v2\/posts"}],"about":[{"href":"https:\/\/www.hohenlohe-ungefiltert.de\/index.php?rest_route=\/wp\/v2\/types\/post"}],"author":[{"embeddable":true,"href":"https:\/\/www.hohenlohe-ungefiltert.de\/index.php?rest_route=\/wp\/v2\/users\/3"}],"replies":[{"embeddable":true,"href":"https:\/\/www.hohenlohe-ungefiltert.de\/index.php?rest_route=%2Fwp%2Fv2%2Fcomments&post=10897"}],"version-history":[{"count":3,"href":"https:\/\/www.hohenlohe-ungefiltert.de\/index.php?rest_route=\/wp\/v2\/posts\/10897\/revisions"}],"predecessor-version":[{"id":10911,"href":"https:\/\/www.hohenlohe-ungefiltert.de\/index.php?rest_route=\/wp\/v2\/posts\/10897\/revisions\/10911"}],"wp:attachment":[{"href":"https:\/\/www.hohenlohe-ungefiltert.de\/index.php?rest_route=%2Fwp%2Fv2%2Fmedia&parent=10897"}],"wp:term":[{"taxonomy":"category","embeddable":true,"href":"https:\/\/www.hohenlohe-ungefiltert.de\/index.php?rest_route=%2Fwp%2Fv2%2Fcategories&post=10897"},{"taxonomy":"post_tag","embeddable":true,"href":"https:\/\/www.hohenlohe-ungefiltert.de\/index.php?rest_route=%2Fwp%2Fv2%2Ftags&post=10897"}],"curies":[{"name":"wp","href":"https:\/\/api.w.org\/{rel}","templated":true}]}}