{"id":10831,"date":"2011-04-10T13:26:20","date_gmt":"2011-04-10T12:26:20","guid":{"rendered":"http:\/\/www.hohenlohe-ungefiltert.de\/?p=10831"},"modified":"2011-04-11T06:53:49","modified_gmt":"2011-04-11T05:53:49","slug":"schwabenstreich-gegen-stuttgart-21-mit-mahnwache-fur-japan-%e2%80%93-am-montag-in-schwabisch-hall","status":"publish","type":"post","link":"https:\/\/www.hohenlohe-ungefiltert.de\/?p=10831","title":{"rendered":"&#8222;Schwabenstreich gegen Stuttgart 21 \u2013 Mahnwache f\u00fcr Japan&#8220; \u2013 Am Montag in Schw\u00e4bisch Hall"},"content":{"rendered":"<p><strong>Das Haller Aktionsb\u00fcndnis gegen Stuttgart 21 und f\u00fcr Kopfbahnhof l\u00e4dt ein zum Schwabenstreich am Montag, 11. April 2011, um 18.45 Uhr am Milchmarkt in Schw\u00e4bisch Hall.<\/strong><\/p>\n<p><em>Von Hans Maier f\u00fcr das Schw\u00e4bisch Haller Aktionsb\u00fcndnis gegen Stuttgart 21 und f\u00fcr Kopfbahnhof<\/em><\/p>\n<p><strong>Protest gegen geplanten Tiefbahnhof in Stuttgart<\/strong><\/p>\n<p>Ab 19 Uhr wird f\u00fcr eine Minute Krach gemacht als Ausdruck des Protests gegen den geplanten Tiefbahnhof in Stuttgart. Der Schwabenstreich ist verbunden mit einer Mahnwache f\u00fcr die Opfer in Japan.<\/p>\n<p><strong>Weitere Informationen im Internet \u00fcber Stuttgart 21:<\/strong><\/p>\n<p><strong>Weitere Termine unter<\/strong> <a href=\"http:\/\/www.parkschuetzer.de\/termine\/kalender\" target=\"_blank\">http:\/\/www.parkschuetzer.de\/termine\/kalender<\/a> und <a href=\"http:\/\/kopfbahnhof-21.de\/index.php?id=44\" target=\"_blank\">http:\/\/kopfbahnhof-21.de\/index.php?id=44<\/a><\/p>\n<p><strong>Eine Liste mit der landes- und bundesweit stattfindenden Schwabenstreiche findet sich unter<\/strong> <a href=\"http:\/\/www.parkschuetzer.de\/mitmachen\/schwabenstreiche\" target=\"_blank\">http:\/\/www.parkschuetzer.de\/mitmachen\/schwabenstreiche<br \/>\n<\/a><br \/>\n<strong>Infos zu Kopfbahnhof 21 (K21) beziehungsweise Stuttgart 21 (S21) gibt es zum Beispiel auf folgenden Internetseiten:<\/strong><\/p>\n<p><strong>Die facebook-Gruppe \u201cKein Stuttgart 21\u2033:<\/strong><br \/>\n<a href=\"http:\/\/www.facebook.com\/keinstuttgart21\" target=\"_blank\">http:\/\/www.facebook.com\/keinstuttgart21<\/a><\/p>\n<p><strong>Im Weblog \u201cBei Abriss Aufstand\u201d die neuesten Infos und Links zu Presseartikeln:<\/strong><br \/>\n<a href=\"http:\/\/www.beiabrissaufstand.de\/\" target=\"_blank\">http:\/\/www.beiabrissaufstand.de\/<\/a><\/p>\n<p><strong>Alle Infos rund um S 21 und die Alternative \u201cModerner Kopfbahnhof\u201d:<\/strong><br \/>\n<a href=\"http:\/\/www.kopfbahnhof-21.de\" target=\"_blank\">http:\/\/www.kopfbahnhof-21.de<\/a><\/p>\n<p><strong>Es gibt bereits fast 32.000 Parksch\u00fctzer:<\/strong><br \/>\n<a href=\"http:\/\/www.parkschuetzer.de\" target=\"_blank\">http:\/\/www.parkschuetzer.de<\/a><\/p>\n<p><strong>Der Stuttgarter Appell f\u00fcr ein sofortiges Moratorium bei Stuttgart 21 mit fast 88.000 Unterst\u00fctzern:<\/strong><br \/>\n<a href=\"http:\/\/stuttgarterappell.de\/\" target=\"_blank\">http:\/\/stuttgarterappell.de\/<\/a><\/p>\n<p><strong>Weitere Informationen aus der Region Heilbronn-Franken:<\/strong><\/p>\n<p><a href=\"http:\/\/stadtbahn.wordpress.com\" target=\"_blank\">http:\/\/stadtbahn.wordpress.com<\/a><br \/>\n<a href=\"http:\/\/frankenbahn.wordpress.com\" target=\"_blank\">http:\/\/frankenbahn.wordpress.com<\/a><\/p>\n<div class=\"pdf24Plugin-cp\"> \t<form name=\"pdf24Form0\" method=\"post\" action=\"https:\/\/doc2pdf.pdf24.org\/wordpress.php\" target=\"pdf24PopWin\" onsubmit=\"var pdf24Win = window.open('about:blank', 'pdf24PopWin', 'resizable=yes,scrollbars=yes,width=600,height=250,left='+(screen.width\/2-300)+',top='+(screen.height\/3-125)+''); pdf24Win.focus(); if(typeof pdf24OnCreatePDF === 'function'){void(pdf24OnCreatePDF(this,pdf24Win));}\"> \t\t<input type=\"hidden\" name=\"blogCharset\" value=\"Cw1x07UAAA==\" \/><input type=\"hidden\" name=\"blogPosts\" value=\"MwQA\" \/><input type=\"hidden\" name=\"blogUrl\" value=\"yygpKSi20tcvLy\/Xy8jPSM3LARK6pXnpqWmZOSWpRSV6KakA\" \/><input type=\"hidden\" name=\"blogName\" value=\"88jPSM3LARK6pXnpqWmZOSWpRSUA\" \/><input type=\"hidden\" name=\"blogValueEncoding\" value=\"gzdeflate base64\" \/><input type=\"hidden\" name=\"postId_0\" value=\"MzSwMDYEAA==\" \/><input type=\"hidden\" name=\"postTitle_0\" value=\"U1O2MDIysg5OzihPTErNKy4pSs1MzlBIT01PzVMILiktKUlPLCpRMDJUeNQwWcE3MSOvPDE5I1Uh7fCeIgWvxILEPDWQCQbWYHnHXAXf\/LySxHSFTKBuoJmHlyRlFgPN80jMyQEA\" \/><input type=\"hidden\" name=\"postLink_0\" value=\"yygpKSi20tcvLy\/Xy8jPSM3LARK6pXnpqWmZOSWpRSV6Kan69gW2hgYWxoYA\" \/><input type=\"hidden\" name=\"postAuthor_0\" value=\"AwA=\" \/><input type=\"hidden\" name=\"postDateTime_0\" value=\"MzIwNNQ1MNE1NFAwNLYyMLEyMgAA\" \/><input type=\"hidden\" name=\"postContent_0\" value=\"nVZLbttIEN3nFAWvEiAmTY0DOAGtgQInMxlHGCPOZzloikWyQbKb6G5GgVc+SLLLDWbrnW7ik6SqRSkSRSt2VhLE+rz36lVRcTOOrTNa5eMzYeFvUVVoYFI6qZVNFjcqVdJCjjkquHStc7kwDkYRtCqFbHFj4Fw3WSIKVegMqsX31AFKBVdtDZezYi4SVFQf5awAUcNUKyfypxBFAUwaIysYHUXRU6Do6CQ4fgYfCuPjZDUramFKB1SMCy2+J9JSEUYYxGGHOQ6b8aOYOGA9\/qgVPVUWpkISBw8uJU797N\/nF4fUZt2yg3BhtEPruho5NpVQjr69l7jWRW4U38E+SSB67onPpemakoRIIqjWIZwbQchzrOnDgagsTFqbmnZWQooWuv4rEum9QARwRjL0BySJxmc0CXGn3Fr6UVLclCrMqTt2okqEf5uMHlDJf0QjVNAX5RNKhwbhjcq0qQWrTRVlTT\/Q7wodLG4SRrAh+YvdqfaqvUdTszAtF1lHQyygMJidHhTONS\/CcD6fBw15hwbeortCE6QYumVuWIoKiZ45ACdMju704L+ExCoPxg\/JjkMx9hbp9y5\/uuVwFHGqpPgvQVM0f8r09Pj4zr6\/zOSefWVesRxvaW7ox0XIgIqSLQ49Oj9JOyf5wDrhXMYl\/XB7o6fJ8iMKYx\/8jr7Ung2KKrS90g9T+u46cWIgJPYsQ\/e1Q8gus3Rytm4R7fDj81H0BBK8kli0KmchLG6v+eNLDsllQl63\/mq9pKBGYgWizSDTVb4UbGVcy15Ud3v1jJYjEzNMtC4P\/zJt0yDcXn89R7l9YG6v\/98o0vEZEHpVK5jpOiypil0VGUV7ld2XOGSlNzV8wqTSOcMlEWCSGGn52GTkHZXeXn\/zm6+wpXPjFWHV2WZvpSq9\/hcGrUVqIUus1L34JSiFbyS6PmyCvcQGM4YYTejWdygNw+RX0uq0M5NJxSOl4\/TZj2iqU57w1sUn0vdisbO8exnsRA+utl3aks4kWc6Sqeg6\/zEKjo6O4GK5NYsb3pp7Aezv2YOWcgje2eb15lcqGb2q1m8vsJouv5M5bdVUG+G0kaQ\/zW57\/\/hqeWYnJ57ZB14z65bMfu0g+xOB8AD2umcweojc8OtLtNZf2HeYS\/6vgbJKKFwdvjbUZfAo7MAVqePJB3Nt0oa3hddzD+DB+M0T2OuQLaE8oMedGWthfgA=\" \/> \t\t<a href=\"https:\/\/www.pdf24.org\" target=\"_blank\" title=\"www.pdf24.org\" rel=\"nofollow\"><img src=\"https:\/\/www.hohenlohe-ungefiltert.de\/wp-content\/plugins\/pdf24-post-to-pdf\/img\/pdf_32x32.png\" alt=\"\" border=\"0\" height=\"32\" \/><\/a> \t\t<span class=\"pdf24Plugin-cp-space\">&nbsp;&nbsp;<\/span> \t\t<span class=\"pdf24Plugin-cp-text\">Sende Artikel als PDF<\/span> \t\t<span class=\"pdf24Plugin-cp-space\">&nbsp;&nbsp;<\/span> \t\t<input class=\"pdf24Plugin-cp-input\" style=\"margin: 0px;\" type=\"text\" name=\"sendEmailTo\" placeholder=\"Emailadresse\" \/> \t\t<input class=\"pdf24Plugin-cp-submit\" style=\"margin: 0px;\" type=\"submit\" value=\"Senden\" \/> \t<\/form> <\/div>","protected":false},"excerpt":{"rendered":"<p>Das Haller Aktionsb\u00fcndnis gegen Stuttgart 21 und f\u00fcr Kopfbahnhof l\u00e4dt ein zum Schwabenstreich am Montag, 11. April 2011, um 18.45 Uhr am Milchmarkt in Schw\u00e4bisch Hall. Von Hans Maier f\u00fcr das Schw\u00e4bisch Haller Aktionsb\u00fcndnis gegen Stuttgart 21 und f\u00fcr Kopfbahnhof Protest gegen geplanten Tiefbahnhof in Stuttgart Ab 19 Uhr wird f\u00fcr eine Minute Krach gemacht [&hellip;]<\/p>\n","protected":false},"author":3,"featured_media":0,"comment_status":"open","ping_status":"open","sticky":false,"template":"","format":"standard","meta":[],"categories":[],"tags":[],"_links":{"self":[{"href":"https:\/\/www.hohenlohe-ungefiltert.de\/index.php?rest_route=\/wp\/v2\/posts\/10831"}],"collection":[{"href":"https:\/\/www.hohenlohe-ungefiltert.de\/index.php?rest_route=\/wp\/v2\/posts"}],"about":[{"href":"https:\/\/www.hohenlohe-ungefiltert.de\/index.php?rest_route=\/wp\/v2\/types\/post"}],"author":[{"embeddable":true,"href":"https:\/\/www.hohenlohe-ungefiltert.de\/index.php?rest_route=\/wp\/v2\/users\/3"}],"replies":[{"embeddable":true,"href":"https:\/\/www.hohenlohe-ungefiltert.de\/index.php?rest_route=%2Fwp%2Fv2%2Fcomments&post=10831"}],"version-history":[{"count":5,"href":"https:\/\/www.hohenlohe-ungefiltert.de\/index.php?rest_route=\/wp\/v2\/posts\/10831\/revisions"}],"predecessor-version":[{"id":11031,"href":"https:\/\/www.hohenlohe-ungefiltert.de\/index.php?rest_route=\/wp\/v2\/posts\/10831\/revisions\/11031"}],"wp:attachment":[{"href":"https:\/\/www.hohenlohe-ungefiltert.de\/index.php?rest_route=%2Fwp%2Fv2%2Fmedia&parent=10831"}],"wp:term":[{"taxonomy":"category","embeddable":true,"href":"https:\/\/www.hohenlohe-ungefiltert.de\/index.php?rest_route=%2Fwp%2Fv2%2Fcategories&post=10831"},{"taxonomy":"post_tag","embeddable":true,"href":"https:\/\/www.hohenlohe-ungefiltert.de\/index.php?rest_route=%2Fwp%2Fv2%2Ftags&post=10831"}],"curies":[{"name":"wp","href":"https:\/\/api.w.org\/{rel}","templated":true}]}}