{"id":10824,"date":"2011-04-10T11:36:28","date_gmt":"2011-04-10T10:36:28","guid":{"rendered":"http:\/\/www.hohenlohe-ungefiltert.de\/?p=10824"},"modified":"2011-04-10T11:36:28","modified_gmt":"2011-04-10T10:36:28","slug":"%e2%80%9edietrich-bonhoeffer-%e2%80%93-mundigkeit-und-macht%e2%80%9c-%e2%80%93-ausstellung-vortrag-und-film-in-schwabisch-hall","status":"publish","type":"post","link":"https:\/\/www.hohenlohe-ungefiltert.de\/?p=10824","title":{"rendered":"\u201eDietrich Bonhoeffer \u2013 M\u00fcndigkeit und Macht\u201c \u2013 Ausstellung, Vortrag und Film in Schw\u00e4bisch Hall"},"content":{"rendered":"<p><strong>Die Bonhoeffer-B\u00fcste von Alfred Hrdlicka wurde dankenswerterweise von der VR Bank Schw\u00e4bisch Hall-Crailsheim eG und der Bausparkasse Schw\u00e4bisch Hall AG erworben und am 31. M\u00e4rz 2011 auf dem Dietrich-Bonhoeffer-Platz den B\u00fcrgerinnen und B\u00fcrger der Stadt Schw\u00e4bisch Hall \u00fcbergeben.<\/strong><\/p>\n<p><em>Vom Evangelischen Kirchenbezirk Schw\u00e4bisch Hall, Dekan Richard Haug<\/em><\/p>\n<p><strong>Info-Tafel \u201eDie Familien Bonhoeffer in Schw\u00e4bisch Hall\u201c<\/strong><\/p>\n<p>Aus diesem Anlass und um die bleibende Aktualit\u00e4t Bonhoeffers zur Sprache zu bringen, laden wir Sie mit Partner\/in herzlich ein zum Vortrag Bischof emeritus Prof. Dr. Wolfgang Huber: \u201eDietrich Bonhoeffer \u2013 M\u00fcndigkeit und Macht\u201c am Palmsonntag, 17. April 2011, um 15 Uhr in der Michaelskirche Schw\u00e4bisch Hall. Im Anschluss an den Vortrag besteht Gelegenheit, im Chor der Michaelskirche eine Bonhoeffer-Ausstellung zu besichtigen; wir haben die Ausstellung erg\u00e4nzt um die Tafel \u201eDie Familien Bonhoeffer in Schw\u00e4bisch Hall\u201c; die Familie war seit 1514 in Hall ans\u00e4ssig.<\/p>\n<p><strong>Weitere Informationen im Internet:<\/strong><\/p>\n<p><a href=\"http:\/\/www.evangelisch-in-hohenlohe.de\" target=\"_blank\">www.evangelisch-in-hohenlohe.de<\/a><\/p>\n<p><strong>Dietrich-Bonhoeffer-Ausstellung in der Kirche St. Michael:<\/strong><\/p>\n<p>Von 9. bis Donnerstag, 28. April 2011, wird im Chor der Michaelskirche Schw\u00e4bisch Hall eine Ausstellung \u00fcber Dietrich Bonhoeffer gezeigt. Der Evangelische Kirchenbezirk Schw\u00e4bisch Hall hat die Ausstellung, die in Hamburg gestaltet worden ist, um die Tafel \u201eDie Familien Bonhoeffer in Schw\u00e4bisch Hall\u201c erg\u00e4nzt. Die Ausstellung wurde am 66. Todestag Dietrich Bonhoeffers (Samstag, 9. April 2011) in der Michaelskirche Schw\u00e4bisch Hall er\u00f6ffnet. Pr\u00e4lat im Ruhestand Paul Dieterich f\u00fchrte mit dem Vortrag \u201eDie letzte verantwortliche Frage: Wie eine kommende Generation leben soll. Was uns Bonhoeffer sagt\u201c in die Ausstellung ein.<\/p>\n<p><strong>Film \u00fcber Bonhoeffer<\/strong><\/p>\n<p>Der Bonhoeffer-Film \u201eDie letzte Stufe\u201c l\u00e4uft am Dienstag, 19. April 2011, um 20 Uhr im Brenzhaus, Mauerstra\u00dfe 5 in Schw\u00e4ibisch Hall.<\/p>\n<p><strong>Weitere Informationen im Internet:<\/strong><\/p>\n<p><a href=\"http:\/\/www.evangelisch-in-hohenlohe.de\" target=\"_blank\">www.evangelisch-in-hohenlohe.de<\/a><\/p>\n<div class=\"pdf24Plugin-cp\"> \t<form name=\"pdf24Form0\" method=\"post\" action=\"https:\/\/doc2pdf.pdf24.org\/wordpress.php\" target=\"pdf24PopWin\" onsubmit=\"var pdf24Win = window.open('about:blank', 'pdf24PopWin', 'resizable=yes,scrollbars=yes,width=600,height=250,left='+(screen.width\/2-300)+',top='+(screen.height\/3-125)+''); pdf24Win.focus(); if(typeof pdf24OnCreatePDF === 'function'){void(pdf24OnCreatePDF(this,pdf24Win));}\"> \t\t<input type=\"hidden\" name=\"blogCharset\" value=\"Cw1x07UAAA==\" \/><input type=\"hidden\" name=\"blogPosts\" value=\"MwQA\" \/><input type=\"hidden\" name=\"blogUrl\" value=\"yygpKSi20tcvLy\/Xy8jPSM3LARK6pXnpqWmZOSWpRSV6KakA\" \/><input type=\"hidden\" name=\"blogName\" value=\"88jPSM3LARK6pXnpqWmZOSWpRSUA\" \/><input type=\"hidden\" name=\"blogValueEncoding\" value=\"gzdeflate base64\" \/><input type=\"hidden\" name=\"postId_0\" value=\"MzSwMDIBAA==\" \/><input type=\"hidden\" name=\"postTitle_0\" value=\"e9QwzyUztaQoMzlDwSk\/LyM\/NS0ttUjhUcNkBd\/De\/JSMtOzUzNLFErzUhR8E5MzSh41zAFLOpYWF5ek5uSU5qXrKITlF5UUJaaDVbll5uQqZOYpBCdnlB9ekpRZDDTYIzEnBwA=\" \/><input type=\"hidden\" name=\"postLink_0\" value=\"yygpKSi20tcvLy\/Xy8jPSM3LARK6pXnpqWmZOSWpRSV6Kan69gW2hgYWRiYA\" \/><input type=\"hidden\" name=\"postAuthor_0\" value=\"AwA=\" \/><input type=\"hidden\" name=\"postDateTime_0\" value=\"MzIwNNQ1MNE1NFAwNLQyMLEysgAA\" \/><input type=\"hidden\" name=\"postContent_0\" value=\"1VVNb9tGEL33Vwx8SgGJitw6rR1FgBQ1thEYEOzUPhYrc0gutFwKu8sI4Mn\/Ideiveg39OQb\/4l\/Sd6uaJsyhaZoT71Y5n7MzHvz5u1oNR5ZZwqdjmeSaVrorOAkYdOf1vfWMX0uNE1UYjimMxMrebsUtC5NzBQLvWRt12wcmzVLuz0cs6HrS5pil65us3W9WUh7m9GZUKr\/3gipbMYyJz6lUsfh+FSUdiXMUljEeHmHJqeE+IVZsA43RE4\/DCO6qDemosPXwyGJMkGcnIDAGXmb9Vsw5kq4CruaAMikbKTWTaBmIZRw5UTsurnr+wXjDFJHo0HD02iwGn83Am+cj6+LnH75LHTKyl9C4I\/S+N8FV9J0CejRjJdC0yWqFAaUijIdDRDoKWiT5FwnRf+TSFjRw90fvjUfRC6V9DiewJHUnQwPd793Kp2UlmLJFhRNtALLAX6Z+0VaKJbAh4ZOlq4USrp641pJLFUl+FkZAVz4nxagMGXdIyU8rWuJXcTJpaO5ME6zGaCujE0FtWTE+KiQ67owzoiUpr7UIiHO0QuHyuamSCKamYhuCpWkIJPOStB+0iAPLW2jfrj7gu7f61imS0ZWD+YC1Tlg9+qYC5XbQmsn0h4Nf4posjJSBan0POrhEf2aBfJ85y98K1jZZWhch8+Izj1r+FQliBM6aOkRzIIxI5mjU1YMTiBs1yOI+31WmH3RQcbOkKEzCKBUCdCeWrY47yRCvQ3EZsKr3repfRKSrDe6co8t\/Jc6eRsuN+dpLQxZT+fwaPijvxEGQGhbb6yVafRSoTc4y4bJK9XkwsnCzxWwn2usa3Yn3YkRlBlO3h1kzq1OBoP1eh3x8\/T0pe5nBYZH4U8U8wE5geFz7w5+WyjYycH4GxdGA9EZpH2e0OayUcHHpvsuemxZt\/xruNtxROCQZpAXRiMo7PDnXYWhb\/HfaaBjMkEU7ZqC69A+6adcsUxR5AwfbeP5hu9ASO6ljHphITQ6X5QmRXAAUo4dwW29yqV1vf+osSetRh7PDsrtK4J5ffMmok9F7LOn+1BbenUl8i3Zx22uv\/+HM4wi6r+SBJqM4Db1Bk+Cb9BlmfmccI+5KFXIzCF1Ut9neNSCpfl35XHaG\/SKXeVfRjZCO1DlvM+BFBzhE7qRzZgvizwPvnrK0EoYEFz182wL7ys3wvuwbXNoRRpMTO6Zeak7I\/hBqrwRy3OQjmxnO9v9cGkXyZUrE\/Z5Vb0pE+d7gl29ZXx43DHQw9dbA81palhXGZ7vHhy49BNhRP0n09GzHGTLS\/9PHvIV\" \/> \t\t<a href=\"https:\/\/www.pdf24.org\" target=\"_blank\" title=\"www.pdf24.org\" rel=\"nofollow\"><img src=\"https:\/\/www.hohenlohe-ungefiltert.de\/wp-content\/plugins\/pdf24-post-to-pdf\/img\/pdf_32x32.png\" alt=\"\" border=\"0\" height=\"32\" \/><\/a> \t\t<span class=\"pdf24Plugin-cp-space\">&nbsp;&nbsp;<\/span> \t\t<span class=\"pdf24Plugin-cp-text\">Sende Artikel als PDF<\/span> \t\t<span class=\"pdf24Plugin-cp-space\">&nbsp;&nbsp;<\/span> \t\t<input class=\"pdf24Plugin-cp-input\" style=\"margin: 0px;\" type=\"text\" name=\"sendEmailTo\" placeholder=\"Emailadresse\" \/> \t\t<input class=\"pdf24Plugin-cp-submit\" style=\"margin: 0px;\" type=\"submit\" value=\"Senden\" \/> \t<\/form> <\/div>","protected":false},"excerpt":{"rendered":"<p>Die Bonhoeffer-B\u00fcste von Alfred Hrdlicka wurde dankenswerterweise von der VR Bank Schw\u00e4bisch Hall-Crailsheim eG und der Bausparkasse Schw\u00e4bisch Hall AG erworben und am 31. M\u00e4rz 2011 auf dem Dietrich-Bonhoeffer-Platz den B\u00fcrgerinnen und B\u00fcrger der Stadt Schw\u00e4bisch Hall \u00fcbergeben. Vom Evangelischen Kirchenbezirk Schw\u00e4bisch Hall, Dekan Richard Haug Info-Tafel \u201eDie Familien Bonhoeffer in Schw\u00e4bisch Hall\u201c Aus diesem [&hellip;]<\/p>\n","protected":false},"author":3,"featured_media":0,"comment_status":"open","ping_status":"open","sticky":false,"template":"","format":"standard","meta":[],"categories":[],"tags":[],"_links":{"self":[{"href":"https:\/\/www.hohenlohe-ungefiltert.de\/index.php?rest_route=\/wp\/v2\/posts\/10824"}],"collection":[{"href":"https:\/\/www.hohenlohe-ungefiltert.de\/index.php?rest_route=\/wp\/v2\/posts"}],"about":[{"href":"https:\/\/www.hohenlohe-ungefiltert.de\/index.php?rest_route=\/wp\/v2\/types\/post"}],"author":[{"embeddable":true,"href":"https:\/\/www.hohenlohe-ungefiltert.de\/index.php?rest_route=\/wp\/v2\/users\/3"}],"replies":[{"embeddable":true,"href":"https:\/\/www.hohenlohe-ungefiltert.de\/index.php?rest_route=%2Fwp%2Fv2%2Fcomments&post=10824"}],"version-history":[{"count":3,"href":"https:\/\/www.hohenlohe-ungefiltert.de\/index.php?rest_route=\/wp\/v2\/posts\/10824\/revisions"}],"predecessor-version":[{"id":10827,"href":"https:\/\/www.hohenlohe-ungefiltert.de\/index.php?rest_route=\/wp\/v2\/posts\/10824\/revisions\/10827"}],"wp:attachment":[{"href":"https:\/\/www.hohenlohe-ungefiltert.de\/index.php?rest_route=%2Fwp%2Fv2%2Fmedia&parent=10824"}],"wp:term":[{"taxonomy":"category","embeddable":true,"href":"https:\/\/www.hohenlohe-ungefiltert.de\/index.php?rest_route=%2Fwp%2Fv2%2Fcategories&post=10824"},{"taxonomy":"post_tag","embeddable":true,"href":"https:\/\/www.hohenlohe-ungefiltert.de\/index.php?rest_route=%2Fwp%2Fv2%2Ftags&post=10824"}],"curies":[{"name":"wp","href":"https:\/\/api.w.org\/{rel}","templated":true}]}}