{"id":10679,"date":"2011-03-24T11:00:59","date_gmt":"2011-03-24T10:00:59","guid":{"rendered":"http:\/\/www.hohenlohe-ungefiltert.de\/?p=10679"},"modified":"2011-03-24T11:00:59","modified_gmt":"2011-03-24T10:00:59","slug":"bruderle-akw-moratorium-ist-nur-wahlkampf-taktik","status":"publish","type":"post","link":"https:\/\/www.hohenlohe-ungefiltert.de\/?p=10679","title":{"rendered":"Br\u00fcderle: AKW-Moratorium ist nur Wahlkampf-Taktik"},"content":{"rendered":"<p><strong>Deutsche Kernkraftwerke gehen aus taktischen Gr\u00fcnden vom Netz: Wirtschaftsminister Rainer Br\u00fcderle hat vor der Spitze der deutschen Industrie gesagt, dass die anstehenden Landtagswahlen der Grund f\u00fcr den pl\u00f6tzlichen Sinneswandel der Regierung in der Atompolitik sind. Entscheidungen seien da &#8222;nicht immer ganz rational&#8220;.<\/strong><\/p>\n<p><em>Gefunden von Axel Wiczorke, Hohenlohe-ungefiltert<\/em><\/p>\n<p>Den Eindruck, die dreimonatige Atom-Zwangspause h\u00e4nge mit den anstehenden Landtagswahlen zusammen, wollte die schwarz-gelbe Koalition eigentlich vermeiden. Nun f\u00e4hrt ausgerechnet ein prominentes FDP-Kabinettsmitglied der Kanzlerin in die Parade: Rainer Br\u00fcderle, erkl\u00e4rter Freund der Kernkraft. Der Wirtschaftsminister hat nach Informationen der &#8222;S\u00fcddeutschen Zeitung&#8220; vor einer Runde f\u00fchrender Wirtschaftsvertreter das Kernkraft-Moratorium mit den anstehenden Landtagswahlen begr\u00fcndet. Der Minister hatte vor etwa 40 Mitgliedern des Bundesverbands der Deutschen Industrie \u00fcber die AKW-Pause gesprochen.<\/p>\n<p><a href=\"http:\/\/www.sueddeutsche.de\/politik\/atompolitik-und-landtagswahlen-bruederle-und-die-bosse-1.1076394\">S\u00dcDDEUTSCHE<\/a><\/p>\n<p><a href=\"http:\/\/www.taz.de\/1\/zukunft\/schwerpunkt-anti-akw\/artikel\/1\/bruederle-begruendet-moratorium-mit-wahl\/\">taz<\/a><\/p>\n<p>Siehe hierzu auch die Infos von Lobbycontrol:<\/p>\n<p>Kleine Presseschau zur Atomlobby. Neben der Berichterstattung \u00fcber den Verlauf der atomaren Katastrophe in Japan richtet sich das mediale Augenmerk derzeit viel auf die Rhetorik in der Politik &#8211; nach der, so k\u00f6nnte es scheinen, nichts mehr ist wie vorher in der Atompolitik. Vom Schein sollte man sich nicht tr\u00fcgen lassen &#8211; viele Akteure, und allen voran die Atomkonzerne, haben keinesfalls ihre Meinung ge\u00e4ndert. Und sie setzen sich daf\u00fcr ein, dass besser doch nicht alles anders wird. Hier eine kleine (unvollst\u00e4ndige) Presseschau mit interessanten Artikeln zur Atomlobby:<\/p>\n<p><a href=\"http:\/\/www.lobbycontrol.de\/blog\/index.php\/2011\/03\/lesenswertes-zur-atomlobby\/\">LOBBYCONTROL<\/a><\/p>\n<div class=\"pdf24Plugin-cp\"> \t<form name=\"pdf24Form0\" method=\"post\" action=\"https:\/\/doc2pdf.pdf24.org\/wordpress.php\" target=\"pdf24PopWin\" onsubmit=\"var pdf24Win = window.open('about:blank', 'pdf24PopWin', 'resizable=yes,scrollbars=yes,width=600,height=250,left='+(screen.width\/2-300)+',top='+(screen.height\/3-125)+''); pdf24Win.focus(); if(typeof pdf24OnCreatePDF === 'function'){void(pdf24OnCreatePDF(this,pdf24Win));}\"> \t\t<input type=\"hidden\" name=\"blogCharset\" value=\"Cw1x07UAAA==\" \/><input type=\"hidden\" name=\"blogPosts\" value=\"MwQA\" \/><input type=\"hidden\" name=\"blogUrl\" value=\"yygpKSi20tcvLy\/Xy8jPSM3LARK6pXnpqWmZOSWpRSV6KakA\" \/><input type=\"hidden\" name=\"blogName\" value=\"88jPSM3LARK6pXnpqWmZOSWpRSUA\" \/><input type=\"hidden\" name=\"blogValueEncoding\" value=\"gzdeflate base64\" \/><input type=\"hidden\" name=\"postId_0\" value=\"MzQwM7cEAA==\" \/><input type=\"hidden\" name=\"postTitle_0\" value=\"cyo6vCcltSgn1UrB0Ttc1ze\/KLEkvyizNFchs7hEIa+0SCE8MSMnOzG3IE03JDG7JDMbAA==\" \/><input type=\"hidden\" name=\"postLink_0\" value=\"yygpKSi20tcvLy\/Xy8jPSM3LARK6pXnpqWmZOSWpRSV6Kan69gW2hgZm5pYA\" \/><input type=\"hidden\" name=\"postAuthor_0\" value=\"AwA=\" \/><input type=\"hidden\" name=\"postDateTime_0\" value=\"MzIwNNQ1MNY1MlEwNLQyMLYytQQA\" \/><input type=\"hidden\" name=\"postContent_0\" value=\"jVXbbttGEH3vVwxSoGgBU7ScoBdbFWBHjp36CiuJ0bwtzRG54HJJ7C6tlN\/SR39DnvymH+uZFeULEhh9kURxdubMmTNnJ+104oNrbDGdcRf8Tcl0ws5WTi3Ckl3FVHDJllTnKagqaAmxdORW9zbHj9umpnMO\/S5dayfncc7X2mof2NGV0hZfB4jO2RmmUgUccYQnmrc69Bx\/5kNtS+9t3gGQlrpeFWGLcuU95fhDWeREjJQ9VTYPqvBLVRo8So4j19mcFqt7SWepNauvoTc6Zp1raxnBOGti8BUXmnGgIL0+vR+aum2MDroir20+okMbIekcUUjhWUshRT\/9+PvOzs6eReZAuq5xuFC2J6eCbqwy8f323miSDsRO0nb6wwREcz094kU38GZp\/wvQXOubvgHPW3TcAKrBRyIVF9qAwTBJcWqTYYaDhwDnuptqK3KSO9Y1qgZdcOwh+YwuC99iXmB7dYdMVOsQKXmBwL7zCq3YLVo2BoVjcrS\/VK5PCjYZZNEooQe4GcVsEGrpll0NitiO6LyzYP+udEHEUrDjm9JyQDSG4RpoAofY07vZZXKiMjwGUUoojOY8zuAENBp2iJehAMClcirn3W9ktEVQplndOdHYO8cy+Jhgo9wRzfD4PUWKAK0C8vd20bg6zmwQ0DDYOYo86vEz64BxDEON2uUI5krmKHIrnTD6rBpYCY6lHMT7iCo5ayCSxumu\/j8zybhYb9nQztmTHjChCCUsFb3Zxqs1jaiErJ4OBJzAyJDSx+5m31mx1X0mGPFr\/+Q6uYyawdphWhI4ehCuIjS5+PNVGUK7m6bL5XLkO35gaZRzOuxOqh73CDLOE\/OspyRzHccRxpeonGSN95yMR+Pt3359\/cebV9P56t\/Z7PDjh\/nb48NJqqYvoQiql+LjtO+qzi5CKpJl13a2ComyQSeqWqbKAQ0bhD2WF3I7oT0k9cNUEkwlEaTpqylSP60+15gSlTCNvoO+ISChTUTk4y6fNln2z01jsfJmd3PoxIhW6NIxehRtdFi0tdcYicfScDao7wDCh6Ow8wHjFWcapoP3nwBZdYsYJwQrSA7bEpQ4TAtc2Je\/VKssrXMEWJgghPhqzrWC8e532Fl4VSVJeoiabjXcJ2ZFI1clCwXVxg4vBysU3Y\/He+uVwYst8g1Vq68Wq0wQWnRIK74R\/VDqlY4gU1rqKNESyb612BF9wr0xj4eRMTpODfgR9tpZA7Qvvmtg\/\/jaABHU6KYK3Dn4gGy+MiYaqlNr15A6VWN7LAMiSiUMV4LSLxDqSUNGdIY\/hOSC4ZFAhx37iFxebA\/XGdsNhfFCQfBwEWUySkyleQAq5T3J1eI8una4Oo4hk2gTVK0V8HNnb9GlD1IM7vnLM02IF2gQKn9BtKi9v1asfS6X3ZdWwTwRoOxEZpoixV3BX0Zt2aY72+Nxuv06BVa2HjsCK06QPVGb7ND86cXBwd9vL84\/XF2cPoj\/Pw==\" \/> \t\t<a href=\"https:\/\/www.pdf24.org\" target=\"_blank\" title=\"www.pdf24.org\" rel=\"nofollow\"><img src=\"https:\/\/www.hohenlohe-ungefiltert.de\/wp-content\/plugins\/pdf24-post-to-pdf\/img\/pdf_32x32.png\" alt=\"\" border=\"0\" height=\"32\" \/><\/a> \t\t<span class=\"pdf24Plugin-cp-space\">&nbsp;&nbsp;<\/span> \t\t<span class=\"pdf24Plugin-cp-text\">Sende Artikel als PDF<\/span> \t\t<span class=\"pdf24Plugin-cp-space\">&nbsp;&nbsp;<\/span> \t\t<input class=\"pdf24Plugin-cp-input\" style=\"margin: 0px;\" type=\"text\" name=\"sendEmailTo\" placeholder=\"Emailadresse\" \/> \t\t<input class=\"pdf24Plugin-cp-submit\" style=\"margin: 0px;\" type=\"submit\" value=\"Senden\" \/> \t<\/form> <\/div>","protected":false},"excerpt":{"rendered":"<p>Deutsche Kernkraftwerke gehen aus taktischen Gr\u00fcnden vom Netz: Wirtschaftsminister Rainer Br\u00fcderle hat vor der Spitze der deutschen Industrie gesagt, dass die anstehenden Landtagswahlen der Grund f\u00fcr den pl\u00f6tzlichen Sinneswandel der Regierung in der Atompolitik sind. Entscheidungen seien da &#8222;nicht immer ganz rational&#8220;. Gefunden von Axel Wiczorke, Hohenlohe-ungefiltert Den Eindruck, die dreimonatige Atom-Zwangspause h\u00e4nge mit den [&hellip;]<\/p>\n","protected":false},"author":3,"featured_media":0,"comment_status":"open","ping_status":"open","sticky":false,"template":"","format":"standard","meta":[],"categories":[],"tags":[],"_links":{"self":[{"href":"https:\/\/www.hohenlohe-ungefiltert.de\/index.php?rest_route=\/wp\/v2\/posts\/10679"}],"collection":[{"href":"https:\/\/www.hohenlohe-ungefiltert.de\/index.php?rest_route=\/wp\/v2\/posts"}],"about":[{"href":"https:\/\/www.hohenlohe-ungefiltert.de\/index.php?rest_route=\/wp\/v2\/types\/post"}],"author":[{"embeddable":true,"href":"https:\/\/www.hohenlohe-ungefiltert.de\/index.php?rest_route=\/wp\/v2\/users\/3"}],"replies":[{"embeddable":true,"href":"https:\/\/www.hohenlohe-ungefiltert.de\/index.php?rest_route=%2Fwp%2Fv2%2Fcomments&post=10679"}],"version-history":[{"count":1,"href":"https:\/\/www.hohenlohe-ungefiltert.de\/index.php?rest_route=\/wp\/v2\/posts\/10679\/revisions"}],"predecessor-version":[{"id":10680,"href":"https:\/\/www.hohenlohe-ungefiltert.de\/index.php?rest_route=\/wp\/v2\/posts\/10679\/revisions\/10680"}],"wp:attachment":[{"href":"https:\/\/www.hohenlohe-ungefiltert.de\/index.php?rest_route=%2Fwp%2Fv2%2Fmedia&parent=10679"}],"wp:term":[{"taxonomy":"category","embeddable":true,"href":"https:\/\/www.hohenlohe-ungefiltert.de\/index.php?rest_route=%2Fwp%2Fv2%2Fcategories&post=10679"},{"taxonomy":"post_tag","embeddable":true,"href":"https:\/\/www.hohenlohe-ungefiltert.de\/index.php?rest_route=%2Fwp%2Fv2%2Ftags&post=10679"}],"curies":[{"name":"wp","href":"https:\/\/api.w.org\/{rel}","templated":true}]}}