{"id":1066,"date":"2009-03-18T22:12:19","date_gmt":"2009-03-18T21:12:19","guid":{"rendered":"http:\/\/www.hohenlohe-ungefiltert.de\/?p=1066"},"modified":"2009-03-18T22:21:04","modified_gmt":"2009-03-18T21:21:04","slug":"djv-kreisverband-schwabisch-hall-hohenlohe-kam-heute-18-marz-2009-nicht-zu-stande-%e2%80%93-nur-zwei-mitglieder-kamen-zur-grundungsversammlung","status":"publish","type":"post","link":"https:\/\/www.hohenlohe-ungefiltert.de\/?p=1066","title":{"rendered":"DJV-Kreisverband Schw\u00e4bisch Hall-Hohenlohe kam heute (18. M\u00e4rz 2009) nicht zu Stande \u2013 Nur zwei Mitglieder kamen zur Gr\u00fcndungsversammlung"},"content":{"rendered":"<p>Nicht zu Stande gekommen ist heute Abend (Mittwoch, 18. M\u00e4rz 2009) die Gr\u00fcndung eines Kreisverbands Schw\u00e4bisch Hall-Hohenlohe des Deutschen Journalistenverbands (DJV). Zur potentiellen Gr\u00fcndungsveranstaltung kamen neben dem DJV-Landesvorsitzenden Karl Geibel und Landesgesch\u00e4ftsf\u00fchrer Marc Ecker nur zwei DJV-Mitglieder aus den Landkreisen Schw\u00e4bisch Hall und Hohenlohe in den Gasthof Sonne in Schw\u00e4bisch Hall-Hessental.<\/p>\n<p><em>Von Ralf Garmatter, Freier Journalist und DJV-Mitglied<\/em><\/p>\n<p>Nun muss der Landesvorstand des DJV-Baden-W\u00fcrttemberg entscheiden, welchem Kreisverband die im DJV organisierten Journalisten aus den Landkreisen Schw\u00e4bisch Hall und Hohenlohe zugeordnet werden. Denkbar ist ein Anschluss an die Kreisverb\u00e4nde Heilbronn, Main-Tauber, Rems-Murr oder Ostalb. Die beiden anwesenden Journalisten aus dem Landkreis Schw\u00e4bisch Hall sprachen sich aus regionalen Gr\u00fcnden f\u00fcr einen Anschluss an den Kreisverband Heilbronn aus. Einer der beiden DJV-Mitglieder k\u00f6nnte sich als zweite und dritte Option auch einen Anschluss an den Kreisverband Main-Tauber oder Rems-Murr vorstellen. Der Landesvorsitzende Karl Geibel will den Mitgliedern des DJV-Landesvorstands das Votum aus Schw\u00e4bisch Hall bei der n\u00e4chsten Sitzung mitteilen. Die Mitglieder dieses\u00a0 Gremiums m\u00fcssen dann eine Entscheidung treffen, wo die Journalisten aus den Landkreisen Schw\u00e4bisch Hall und Hohenlohe organisatorisch zugeordnet werden sollen. Der Landesvorsitzende Karl Geibel zeigte sich in Hessental entt\u00e4uscht dar\u00fcber, dass kein eigenst\u00e4ndiger DJV-Kreisverband Schw\u00e4bisch Hall-Hohenlohe zu Stande gekommen ist. Die Mitgliederzahl des DJV in den Landkreisen Schw\u00e4bisch Hall und Hohenlohe hat innerhalb des letzten Jahres um ein Drittel abgenommen. Dies ist laut Karl Geibel vor allem auf Wegz\u00fcge in andere Landkreise zur\u00fcckzuf\u00fchren.<\/p>\n<p><strong>INFO:<\/strong> Lesen Sie in Hohenlohe-ungefiltert auch den Artikel zum Thema mit der \u00dcberschrift &#8222;Deutscher Journalistenverband will heute (Mittwoch, 18. M\u00e4rz 2009) einen Kreisverband Schw\u00e4bisch Hall-Hohenlohe gr\u00fcnden&#8220;.<\/p>\n<div class=\"pdf24Plugin-cp\"> \t<form name=\"pdf24Form0\" method=\"post\" action=\"https:\/\/doc2pdf.pdf24.org\/wordpress.php\" target=\"pdf24PopWin\" onsubmit=\"var pdf24Win = window.open('about:blank', 'pdf24PopWin', 'resizable=yes,scrollbars=yes,width=600,height=250,left='+(screen.width\/2-300)+',top='+(screen.height\/3-125)+''); pdf24Win.focus(); if(typeof pdf24OnCreatePDF === 'function'){void(pdf24OnCreatePDF(this,pdf24Win));}\"> \t\t<input type=\"hidden\" name=\"blogCharset\" value=\"Cw1x07UAAA==\" \/><input type=\"hidden\" name=\"blogPosts\" value=\"MwQA\" \/><input type=\"hidden\" name=\"blogUrl\" value=\"yygpKSi20tcvLy\/Xy8jPSM3LARK6pXnpqWmZOSWpRSV6KakA\" \/><input type=\"hidden\" name=\"blogName\" value=\"88jPSM3LARK6pXnpqWmZOSWpRSUA\" \/><input type=\"hidden\" name=\"blogValueEncoding\" value=\"gzdeflate base64\" \/><input type=\"hidden\" name=\"postId_0\" value=\"MzQwMwMA\" \/><input type=\"hidden\" name=\"postTitle_0\" value=\"FY0xCsIwGEav8o06VKqT7oJFqUvBPU1+mmCawp\/EQibv4BV6DLfcxJOYLh9veLzvfH1UNybjX8S9cAqd1HNeeuOlRiOsrZpJk7Nl8BQjNMVA2OyPO7R54YRDXZ+2cEbqgBTRhRIh\/N4f3CMjzWTQmjBYQ4p4TZArHuPC+etUdMP67MU42sJ\/\" \/><input type=\"hidden\" name=\"postLink_0\" value=\"yygpKSi20tcvLy\/Xy8jPSM3LARK6pXnpqWmZOSWpRSV6Kan69gW2hgZmZgA=\" \/><input type=\"hidden\" name=\"postAuthor_0\" value=\"AwA=\" \/><input type=\"hidden\" name=\"postDateTime_0\" value=\"MzIwsNQ1MNY1tFAwMrIyMLYytAQA\" \/><input type=\"hidden\" name=\"postContent_0\" value=\"pVVNb9tGEL33VwxQoEgAS3Z9ShtBgAs7dpPYBuLAAXpbikNyweVS2I8I4G\/poQf9hpx0Kv9Y3w71bSNw24uwIjkz7715MzuZT+\/0rArURXoIyuZMJddt07Al7QNVHAPTRcY2p1e3OoRFO6tO6Oc3Y7rtl66j87OzX15TrpmuXb+yebQlsbbs6YNj7b+yy5DV08OsWvTLTPtZRTfKmNFNW7E1+KEcH1+iDl6h6vs2OqsMirPdRr+6fP\/4ekx\/REfzFi+CZmPw8bZmKqSsD8qEhKBWiYBl4Eb6hhA++pjY+a+t8zp04INXH5QzdM06Y0MRDIdPSgaSflkEX\/SryrGjW+VmdDWrcbSA0C1YS0oIUhrNOZ6r6CmlTCnqxBznY85SY8dbW4m4Vj5UbUEPrbXy8KlU7JEO3MaT0\/n0h8l8OuFm+tha+qRMgQSuUSGwO6F3qAwwOw2l5D7UySlCN2nuoqUm+oTc0U6f5IOhKwj8TQHk6Eu\/cijRZOzQXyu90nhxQgs2ODcH7RY\/aJGdWlcqqz1ghaPu\/hfNulhy63LLAYUdgsewjq0z5cSucB5dWMSaxEpZAbJF1i+Tv29Ym8xB7BP0VdvRZxWzpN0nbvzoNjpHbZLjPpkpQ3pkyIQr8i3YD855hkez4\/GUhZ87Jfb2mDYJcFzqFim2LsYBfnMyPccsklf39d1ySKnGdIUQJ01cIz0yZ91\/sxZzPBQ3XhyM\/0nb3GGqme7nAXCQDl+8BMGedINeO\/nEQjKfqTn7xloP3sHcLTTkSel3eO3WfIeehMrK02MbYiMSPlEZ7EUF2y9nlbTmASXTQmgSST1AQkP3tIFDPPu\/\/0IXuNGx8dT0qzRvKAZ9kxZ0tTF8ShUcF4U4vxV7\/V9LrwdEhdbJJ08sTr59qZgd63LTZ4zCdnGkkQ39Mvq06nMFv4nlIaenOg0N4hjrM00ITk7EP+j3d\/b381fHsdCdqsymr5vV9y9UqlRAFGxeYSolj+HQyUpR2NGe4IlE5FLsbEhlICRgBIiX9WBUDAd6QUfMg+Hkp4K+cNn1q1KWcOLjeA8haEK2Wd3F4Vawu2XsA0axnP5+9+7+18np+h99ZKGlJd2WyAgW4kIbrOswTFsS4sIFXaf+gcVnbFOVDCtW7v9Ep6CJ00Wgn358c35+\/nZzWbrnLsthoIZ7+zs39jDjL21xud5QAuDs7UD9Hw==\" \/> \t\t<a href=\"https:\/\/www.pdf24.org\" target=\"_blank\" title=\"www.pdf24.org\" rel=\"nofollow\"><img src=\"https:\/\/www.hohenlohe-ungefiltert.de\/wp-content\/plugins\/pdf24-post-to-pdf\/img\/pdf_32x32.png\" alt=\"\" border=\"0\" height=\"32\" \/><\/a> \t\t<span class=\"pdf24Plugin-cp-space\">&nbsp;&nbsp;<\/span> \t\t<span class=\"pdf24Plugin-cp-text\">Sende Artikel als PDF<\/span> \t\t<span class=\"pdf24Plugin-cp-space\">&nbsp;&nbsp;<\/span> \t\t<input class=\"pdf24Plugin-cp-input\" style=\"margin: 0px;\" type=\"text\" name=\"sendEmailTo\" placeholder=\"Emailadresse\" \/> \t\t<input class=\"pdf24Plugin-cp-submit\" style=\"margin: 0px;\" type=\"submit\" value=\"Senden\" \/> \t<\/form> <\/div>","protected":false},"excerpt":{"rendered":"<p>Nicht zu Stande gekommen ist heute Abend (Mittwoch, 18. M\u00e4rz 2009) die Gr\u00fcndung eines Kreisverbands Schw\u00e4bisch Hall-Hohenlohe des Deutschen Journalistenverbands (DJV). Zur potentiellen Gr\u00fcndungsveranstaltung kamen neben dem DJV-Landesvorsitzenden Karl Geibel und Landesgesch\u00e4ftsf\u00fchrer Marc Ecker nur zwei DJV-Mitglieder aus den Landkreisen Schw\u00e4bisch Hall und Hohenlohe in den Gasthof Sonne in Schw\u00e4bisch Hall-Hessental. Von Ralf Garmatter, Freier [&hellip;]<\/p>\n","protected":false},"author":3,"featured_media":0,"comment_status":"open","ping_status":"open","sticky":false,"template":"","format":"standard","meta":[],"categories":[],"tags":[],"_links":{"self":[{"href":"https:\/\/www.hohenlohe-ungefiltert.de\/index.php?rest_route=\/wp\/v2\/posts\/1066"}],"collection":[{"href":"https:\/\/www.hohenlohe-ungefiltert.de\/index.php?rest_route=\/wp\/v2\/posts"}],"about":[{"href":"https:\/\/www.hohenlohe-ungefiltert.de\/index.php?rest_route=\/wp\/v2\/types\/post"}],"author":[{"embeddable":true,"href":"https:\/\/www.hohenlohe-ungefiltert.de\/index.php?rest_route=\/wp\/v2\/users\/3"}],"replies":[{"embeddable":true,"href":"https:\/\/www.hohenlohe-ungefiltert.de\/index.php?rest_route=%2Fwp%2Fv2%2Fcomments&post=1066"}],"version-history":[{"count":5,"href":"https:\/\/www.hohenlohe-ungefiltert.de\/index.php?rest_route=\/wp\/v2\/posts\/1066\/revisions"}],"predecessor-version":[{"id":1070,"href":"https:\/\/www.hohenlohe-ungefiltert.de\/index.php?rest_route=\/wp\/v2\/posts\/1066\/revisions\/1070"}],"wp:attachment":[{"href":"https:\/\/www.hohenlohe-ungefiltert.de\/index.php?rest_route=%2Fwp%2Fv2%2Fmedia&parent=1066"}],"wp:term":[{"taxonomy":"category","embeddable":true,"href":"https:\/\/www.hohenlohe-ungefiltert.de\/index.php?rest_route=%2Fwp%2Fv2%2Fcategories&post=1066"},{"taxonomy":"post_tag","embeddable":true,"href":"https:\/\/www.hohenlohe-ungefiltert.de\/index.php?rest_route=%2Fwp%2Fv2%2Ftags&post=1066"}],"curies":[{"name":"wp","href":"https:\/\/api.w.org\/{rel}","templated":true}]}}