{"id":10599,"date":"2011-03-22T17:31:34","date_gmt":"2011-03-22T16:31:34","guid":{"rendered":"http:\/\/www.hohenlohe-ungefiltert.de\/?p=10599"},"modified":"2011-04-26T12:43:03","modified_gmt":"2011-04-26T11:43:03","slug":"groteske-punkte-im-programm-%e2%80%93%c2%a0partei-der-vernunft-pdv-grundet-sektion-hohenlohe-tauber-schwabisch-hall","status":"publish","type":"post","link":"https:\/\/www.hohenlohe-ungefiltert.de\/?p=10599","title":{"rendered":"&#8222;Groteske Punkte im Programm&#8220; \u2013\u00a0&#8222;Partei der Vernunft&#8220; (PDV) gr\u00fcndet Sektion Hohenlohe-Tauber-Schw\u00e4bisch Hall"},"content":{"rendered":"<p><strong>Zur Sektionsgr\u00fcndung Hohenlohe-Tauber-Schw\u00e4bisch Hall l\u00e4dt die Partei der Vernunft (PDV) am Sonntag, 27. M\u00e4rz 2011, um 14.30 Uhr ins Caf\u00e9 am Markt in \u00d6hringen ein.<\/strong><\/p>\n<p><em>Zugesandt von Roland Heuschmann<\/em><\/p>\n<p>Mit dabei: Professor Dr. Norbert Geng, Mitglied im Bundesvorstand der PDV.<\/p>\n<p><strong>Weitere Informationen im Internet:<\/strong><\/p>\n<p><a href=\"http:\/\/www.parteidervernunft.de\" target=\"_blank\"> www.parteidervernunft.de<\/a><\/p>\n<p>Ende der Pressemitteilung.<\/p>\n<p>Als Postadresse gibt die PDV in ihrem Kurzprogramm eine Adresse in 78247 Hilzingen an. Hilzingen liegt bei Singen am Hohentwil \u2013 zwischen Bodensee, Schwarzwald und Alpen.<\/p>\n<p><strong>Anmerkungen von Ralf Garmatter, Redaktion Hohenlohe-ungefiltert:<\/strong><\/p>\n<p><strong>Einige Dinge, die mich bei der Partei der Vernunft nachdenklich stimmen:<\/strong><\/p>\n<p>Die PDV wirbt auf ihrer Homepage (Stand 22. M\u00e4rz 2011) mit einem Bild des Rassisten und mit zustimmenden Worten f\u00fcr den Rassisten Thilo Sarrazin. Au\u00dferdem verharmlost die Partei in ihrem Kurzprogramm den von Menschen verursachten Kohlendioxidaussto\u00df als Mitverursacher der Erderw\u00e4rmung. Zitat aus dem PDV-Programm: &#8222;CO2 kann keine Energie aus dem Nichts erzeugen, also auch nicht die Erde erw\u00e4rmen.&#8220;<\/p>\n<p><strong>Bedenklich finde ich auch folgende Punkte aus den Bereichen Arbeit und Soziales: <\/strong><\/p>\n<p>1. Langfristig will die PDV das gesetzliche Rentensystem in ein privates Rentensystem \u00fcberf\u00fchren.<\/p>\n<p>2. Erwerb der deutschen Staatsangeh\u00f6rigkeit und Teilhabe am Sozialsystem erst nach zehn Jahren Arbeit.<\/p>\n<p><strong>Zu Punkt 2:<\/strong><\/p>\n<p>Soll das hei\u00dfen, dass ein in Deutschland geborener junger Mensch, 18 Jahre alt, mit zwei deutschen Elternteilen, kein deutscher Staatsb\u00fcrger sein kann, weil er noch die 12. Klasse eines deutschen Gymnasiums besucht und deshalb noch keine zehn Jahre gearbeitet hat ? Wenn dieser junge Mensch dann auch noch beispielsweise f\u00fcnf Jahre studiert, w\u00fcrde sich seine Wartezeit auf die deutsche Staatsangeh\u00f6rigkeit nochmals um f\u00fcnf Jahre verl\u00e4ngern. Dann k\u00f6nnte er fr\u00fchestens im Alter von 33 Jahren deutscher Staatsb\u00fcrger werden.<\/p>\n<p>Soll das zudem hei\u00dfen, dass dieser junge Mensch \u2013 wenn er beispielsweise mit 25 Jahren unverschuldet arbeitslos, krank, hilfsbed\u00fcrftig, sozial oder wirtschaftlich bed\u00fcrftig wird \u2013 m\u00f6glicherweise niemals die deutsche Staatsb\u00fcrgerschaft erh\u00e4lt, weil er vielleicht niemals die zehn Jahre arbeiten kann, welche die PDV zur Bedingung f\u00fcr Unterst\u00fctzung aus dem Sozialsystem und zur Erlangung der deutschen Staatsb\u00fcrgerschaft macht. Das ist grotesk.<\/p>\n<p>Auch ein Jugendlicher mit zwei deutschen Elternteilen, der mit 16 Jahren die Schule verl\u00e4sst und eine Ausbildung beginnt, k\u00f6nnte nach dem PDV-Programm wohl erst fr\u00fchestens im Alter von 26 Jahren die deutsche Staatsb\u00fcrgerschaft bekommen (nach zehn Jahren Arbeit). Wenn es sich bei seiner Berufsausbildung vor allem um eine schulische Ausbildung handelt, bei der er selbst keine sozialversicherungspflichtigen Leistungen in Sozialkasse einbezahlt, w\u00fcrde sich seine &#8222;Deutsch-Werdung&#8220; noch einmal um die Dauer seiner Ausbildungszeit verl\u00e4ngern. Das k\u00f6nnte dann je nach Ausbildung noch einmal etwa zwei bis f\u00fcnf Jahre l\u00e4nger dauern. Dieser Mensch w\u00e4re dann 28 bis 31 Jahre alt, ehe er deutscher Staatsb\u00fcrger werden k\u00f6nnte. Das ist absurd.<\/p>\n<div class=\"pdf24Plugin-cp\"> \t<form name=\"pdf24Form0\" method=\"post\" action=\"https:\/\/doc2pdf.pdf24.org\/wordpress.php\" target=\"pdf24PopWin\" onsubmit=\"var pdf24Win = window.open('about:blank', 'pdf24PopWin', 'resizable=yes,scrollbars=yes,width=600,height=250,left='+(screen.width\/2-300)+',top='+(screen.height\/3-125)+''); pdf24Win.focus(); if(typeof pdf24OnCreatePDF === 'function'){void(pdf24OnCreatePDF(this,pdf24Win));}\"> \t\t<input type=\"hidden\" name=\"blogCharset\" value=\"Cw1x07UAAA==\" \/><input type=\"hidden\" name=\"blogPosts\" value=\"MwQA\" \/><input type=\"hidden\" name=\"blogUrl\" value=\"yygpKSi20tcvLy\/Xy8jPSM3LARK6pXnpqWmZOSWpRSV6KakA\" \/><input type=\"hidden\" name=\"blogName\" value=\"88jPSM3LARK6pXnpqWmZOSWpRSUA\" \/><input type=\"hidden\" name=\"blogValueEncoding\" value=\"gzdeflate base64\" \/><input type=\"hidden\" name=\"postId_0\" value=\"MzQwtbQEAA==\" \/><input type=\"hidden\" name=\"postTitle_0\" value=\"U1O2MDIysnYvyi9JLc5OVQgozcsuSVXIzFUIKMpPL0rMzVUDqTCwVnjUMPnQAjWI8oDEopLUTIWU1CKFsNSivNK8tBKYMo0AlzBNhfSiw3vyUlJLFIJTs0sy8\/MUPPIzUvNygIRuSGJpUmqRbnByRvnhJUmZxckZCh6JOTkA\" \/><input type=\"hidden\" name=\"postLink_0\" value=\"yygpKSi20tcvLy\/Xy8jPSM3LARK6pXnpqWmZOSWpRSV6Kan69gW2hgamlpYA\" \/><input type=\"hidden\" name=\"postAuthor_0\" value=\"AwA=\" \/><input type=\"hidden\" name=\"postDateTime_0\" value=\"MzIwNNQ1MNY1MlIwNLcyMLYyNgEA\" \/><input type=\"hidden\" name=\"postContent_0\" value=\"hVdNbxs3EL33VwxcoEgAWY7ktDEcx4UTGXE+nBpREgO5FNzs7C4jLlcguVajU\/9DgV5z8aV\/ICff9E\/6S\/qGuyvJtpwCRmyJ5MybN28emYPp4YEPrrL54cfa0ZgnQVfW525xZdPa5nRSFWwN\/tl+p+qE3fb4UzFbXCbafyroRBlDZnGZBko105lygTWl7OgDO1vbLNC9s9GH+6RKGlfWBpX3aPioT6eLSzen4YPBoEd1SYOH\/d0H9L5wpK2nZypb\/CNHTpWbBHxFi78Lp23Olljb\/sFOi\/hgZ3r4wwEq4BLoc\/bKAslFZeltZfA3nXANmKWy9mAHe7r9pxp4VcJ6n85clbH3laOR69ObyqHEQM\/ZAii25UZzSrqkp7VN2V9UzgcJLCWisP4SQYvonHVgx\/TCZpUrlXAJ0Dj\/wuJ7y2H\/NnhFhePsyVYRwnR\/Z2c2m\/WnkUgkuWhp7Ke8RUG5nMOTrd8TFDfZOqS7th7sqGX4Y+Bu4DrUyaUO2G7Q2SX2I+PprEJdadxBuU7ado4+CPka8Ep6Vbv51FW5U2UpXWA6avdjy6O94cNHdKLNvOmSsv21T+AwDwS6adwul42swkwb+vfPv2g+Ezlh5WmVsvXMPRKZKTefKZMSuKcjM2V7i+8jW7Kb1DFq7LsyGT1XQj347tFbTlVU9JqOZXemDdY3daP9fKytzplGArgX2Sg1BJ+08t6kdKs+FUA\/MbLRB12WbG8nGLXEzrQDzarOIr8O+EqeKqS8N44KGw7Xp+Q+0odIO6SojQjQo1jvtQ8oXQiSDfO6zQscdF45WcsWV47k82r7u0KbisbKOYUW9emoXnxllyI2RFSAPQM5rE\/0ZhWkLemnaFnsHk7XzoMGSfKqKgyA6OoPnara+1AtvpKC1jBWy43sIofHSO7gKq4UYdJHHZRw40kwga3tszbnPv30495wOHz87LchTTDXNIlaPLbscuDtzrxBD4IndnOGL9ieJK6wis5YWYrFSVZq80JbMfKDxzeV8JSXTc20DJP8FSNllcmFajqr7SR0ySFiOICOhBzBTtAWac+4mmtl2O\/TLUkM+vRa2Txz6I7OoQyYajd\/qfIEY+MwFwQMQcNIrP+CPpbSFlRPU6cvVBBBrC8urmBlaD76tpobiOrYzdglkfaU69B0DppTAfaZc7H45nQ+6WC\/g1kUsMrGwaWENjzDCaPkac6FpZdK8rQF3xrTj3XDEQ1vD8S4knJRZsEaMkSv8MHHwvAzaiBGN885qZAEwD\/LDLtWeD0a7DX50eXQawZhFqezK+9Ypt2K8Ul8kcxy0bW1JxgTiellUZTVI8QwqJNshSqlIQPQ98ooMT1RnV\/L8PxLaZXXdenhEb4WidXxnvCFMkkTopHqii4UpCJfHKiA4H+lc4aikcl3NbYlghIsNPKtGhvyU83GAyLAoMs2a2P6UCOAAw8zVARx+mhHMfW5TPNcWiu+IxV1BWwWgOQqZWRxRa\/nwPji0pcWwDxGcQoX33C7yzRRhqdDweIzXi6+I6E+2sTubqeSu7ifiQmtxLpUxryWmb6uj00syVUyEwqxcIMiEcXw5w5AbVECTtQmBfdNEzxMD9pwuFp7BIPMfMIpgGWYyR75qH2qZGxg3QJfZcE0d0K3TVbSiKJcfMvjwLomvdUcidzAeVt8ExDIi8WlqLgT3wVqMBw9az3ImopaDa1UayR4ZyBzvOpgYbjH5DUXL4P38hbxYXEV5vJd55nXxlvEK0ePHUYvHt1kGNexl+L8Igg0HuaQuwqmNFm9M0S+Ml0vxZLThp7\/n9a03TT4ZSkflDaW5nVKxOUSATfPktonuCEFcsK5hix7S3lGv7p5p9AMN1XjZ3dqd3gt+Xc7mPCkkiuY7t3hjvf7zZzDP3z3pojzKY1ydebVqgI8OGFqRhrSvrqiauNrab3SAv7IIpvugRKdzCSoqXGdRr+i+kg7zvhpJi2AbIHsNVQammcUGtQoYdIZXcJzVZiNjtLexq1Lb59jgBGlvUkbr8I+qFbwC3UjVbcmi1+rAnx0pRu+4pd9i\/b3ue3fWtnrCTjMVKMk\/N\/kml21MRGlbiI31tGahlz\/bYbhXjy7O1i\/TriItvZ9z+qQrtSvEl+7tBH\/fw==\" \/> \t\t<a href=\"https:\/\/www.pdf24.org\" target=\"_blank\" title=\"www.pdf24.org\" rel=\"nofollow\"><img src=\"https:\/\/www.hohenlohe-ungefiltert.de\/wp-content\/plugins\/pdf24-post-to-pdf\/img\/pdf_32x32.png\" alt=\"\" border=\"0\" height=\"32\" \/><\/a> \t\t<span class=\"pdf24Plugin-cp-space\">&nbsp;&nbsp;<\/span> \t\t<span class=\"pdf24Plugin-cp-text\">Sende Artikel als PDF<\/span> \t\t<span class=\"pdf24Plugin-cp-space\">&nbsp;&nbsp;<\/span> \t\t<input class=\"pdf24Plugin-cp-input\" style=\"margin: 0px;\" type=\"text\" name=\"sendEmailTo\" placeholder=\"Emailadresse\" \/> \t\t<input class=\"pdf24Plugin-cp-submit\" style=\"margin: 0px;\" type=\"submit\" value=\"Senden\" \/> \t<\/form> <\/div>","protected":false},"excerpt":{"rendered":"<p>Zur Sektionsgr\u00fcndung Hohenlohe-Tauber-Schw\u00e4bisch Hall l\u00e4dt die Partei der Vernunft (PDV) am Sonntag, 27. M\u00e4rz 2011, um 14.30 Uhr ins Caf\u00e9 am Markt in \u00d6hringen ein. Zugesandt von Roland Heuschmann Mit dabei: Professor Dr. Norbert Geng, Mitglied im Bundesvorstand der PDV. Weitere Informationen im Internet: www.parteidervernunft.de Ende der Pressemitteilung. Als Postadresse gibt die PDV in ihrem [&hellip;]<\/p>\n","protected":false},"author":3,"featured_media":0,"comment_status":"open","ping_status":"open","sticky":false,"template":"","format":"standard","meta":[],"categories":[],"tags":[],"_links":{"self":[{"href":"https:\/\/www.hohenlohe-ungefiltert.de\/index.php?rest_route=\/wp\/v2\/posts\/10599"}],"collection":[{"href":"https:\/\/www.hohenlohe-ungefiltert.de\/index.php?rest_route=\/wp\/v2\/posts"}],"about":[{"href":"https:\/\/www.hohenlohe-ungefiltert.de\/index.php?rest_route=\/wp\/v2\/types\/post"}],"author":[{"embeddable":true,"href":"https:\/\/www.hohenlohe-ungefiltert.de\/index.php?rest_route=\/wp\/v2\/users\/3"}],"replies":[{"embeddable":true,"href":"https:\/\/www.hohenlohe-ungefiltert.de\/index.php?rest_route=%2Fwp%2Fv2%2Fcomments&post=10599"}],"version-history":[{"count":8,"href":"https:\/\/www.hohenlohe-ungefiltert.de\/index.php?rest_route=\/wp\/v2\/posts\/10599\/revisions"}],"predecessor-version":[{"id":10601,"href":"https:\/\/www.hohenlohe-ungefiltert.de\/index.php?rest_route=\/wp\/v2\/posts\/10599\/revisions\/10601"}],"wp:attachment":[{"href":"https:\/\/www.hohenlohe-ungefiltert.de\/index.php?rest_route=%2Fwp%2Fv2%2Fmedia&parent=10599"}],"wp:term":[{"taxonomy":"category","embeddable":true,"href":"https:\/\/www.hohenlohe-ungefiltert.de\/index.php?rest_route=%2Fwp%2Fv2%2Fcategories&post=10599"},{"taxonomy":"post_tag","embeddable":true,"href":"https:\/\/www.hohenlohe-ungefiltert.de\/index.php?rest_route=%2Fwp%2Fv2%2Ftags&post=10599"}],"curies":[{"name":"wp","href":"https:\/\/api.w.org\/{rel}","templated":true}]}}