{"id":1059,"date":"2009-03-18T12:37:53","date_gmt":"2009-03-18T11:37:53","guid":{"rendered":"http:\/\/www.hohenlohe-ungefiltert.de\/?p=1059"},"modified":"2009-03-18T12:47:37","modified_gmt":"2009-03-18T11:47:37","slug":"deutscher-journalistenverband-will-heute-mittwoch-18-marz-2009-einen-kreisverband-schwabisch-hall-hohenlohe-grunden","status":"publish","type":"post","link":"https:\/\/www.hohenlohe-ungefiltert.de\/?p=1059","title":{"rendered":"Deutscher Journalistenverband will heute (Mittwoch, 18. M\u00e4rz 2009) einen Kreisverband Schw\u00e4bisch Hall-Hohenlohe gr\u00fcnden"},"content":{"rendered":"<p><strong><\/strong><\/p>\n<div id=\"attachment_1063\" style=\"width: 160px\" class=\"wp-caption alignleft\"><strong><strong><a href=\"https:\/\/www.hohenlohe-ungefiltert.de\/wp-content\/uploads\/2009\/03\/k-geibel1.jpg\"><img aria-describedby=\"caption-attachment-1063\" loading=\"lazy\" class=\"size-thumbnail wp-image-1063\" title=\"k-geibel1\" src=\"https:\/\/www.hohenlohe-ungefiltert.de\/wp-content\/uploads\/2009\/03\/k-geibel1-150x150.jpg\" alt=\"Karl Geibel, DJV-Landesvorsitzender. Foto: Rolf Dvoracek\" width=\"150\" height=\"150\" \/><\/a><\/strong><\/strong><p id=\"caption-attachment-1063\" class=\"wp-caption-text\">Karl Geibel, DJV-Landesvorsitzender. Foto: Rolf Dvoracek<\/p><\/div>\n<p><strong>Der deutsche Journalistenverband (DJV) will am heutigen Mittwoch, 18. M\u00e4rz 2009, um 19 Uhr einen Kreisverband Schw\u00e4bisch Hall-Hohenlohe gr\u00fcnden. Die DJV-Mitglieder aus den Landkreisen Schw\u00e4bisch Hall und Hohenlohe sind dazu ins Nebenzimmer des Ringhotels &#8222;Die Krone&#8220; in Schw\u00e4bisch Hall-Hessental, Wirtsgasse 1 eingeladen.<\/strong><\/p>\n<p><em>Von Ralf Garmatter, Freier Journalist, Mitglied des DJV-Landesverbands Baden-W\u00fcrttemberg<\/em><\/p>\n<p><strong>Mindestens drei Kreisvorstandsmitglieder sind n\u00f6tig<\/strong><\/p>\n<p>Auf der Tagesordnung stehen der Bericht des Landesvorsitzenden Karl Geibel, Wahlen des Kreisvorstandes und Sonstiges. Im Fr\u00fchjahr 2008 war die Gr\u00fcndung des Kreisverbands Schw\u00e4bisch Hall-Hohenlohe gescheitert, weil nicht gen\u00fcgend Mitglieder f\u00fcr die Kreisvorstands\u00e4mter gefunden wurden. Um einen Kreisverband gr\u00fcnden zu k\u00f6nnen, werden\u00a0 mindestens ein Kreisvorsitzender oder eine Kreisvorsitzende, ein stellvertretender oder eine stellvertretende Kreisvorsitzende und ein Beisitzer des Kreisvorstands ben\u00f6tigt.<\/p>\n<p><strong>DJV-Landesvorstand l\u00f6ste alten Kreisverband vor etwa eineinhalb Jahren auf<\/strong><\/p>\n<p>Vor etwa eineinhalb Jahren hatte der Landesvorstand des DJV Baden-W\u00fcrttemberg wegen interner Querelen im Kreisvorstand den einstigen Kreisverband Heilbronn-Schw\u00e4bisch Hall ohne R\u00fccksprache mit den Mitgliedern aus den Landkreisen Schw\u00e4bisch Hall und Hohenlohe aufgel\u00f6st. Daraufhin hat sich in Heilbronn schon vor etwa einem Jahr ein eigener DJV-Kreisverband gegr\u00fcndet. Der erste Versuch, einen Kreisverband Schw\u00e4bisch Hall-Hohenlohe zu gr\u00fcnden, scheiterte im vergangenen Fr\u00fchjahr wegen Personalmangels.<\/p>\n<p><strong>Berichterstattung \u00fcber Christian von Stetten f\u00fchrte zur Aufl\u00f6sung<\/strong><\/p>\n<p>Die Probleme im Kreisvorstand des Kreisverbands Heilbronn-Schw\u00e4bisch Hall waren wegen der Berichterstattung \u00fcber eine \u00f6ffentliche DJV-Veranstaltung mit dem CDU-Bundestagsabgeordneten Christian von Stetten aus K\u00fcnzelsau-Schloss Stetten im Dezember 2005 entstanden. Der Abgeordnete hatte sich \u00fcber einen f\u00fcr ihn negativen Artikel in mehreren Hohenloher Lokalzeitungen und einen kritischen Folgeartikel eines anderen Journalisten bei der Kreisvorsitzenden und bei den Gesch\u00e4ftsf\u00fchrern des Hohenloher Tagblatts und des Haller Tagblatts beschwert. Der damalige DJV-Kreisvorstand hat sich wegen der Berichterstattung, der Reaktionen von Stettens und die DJV-internen Folgen zerstritten und war arbeitsunf\u00e4hig geworden. Die Kreisvorsitzende Brunhilde Bross-Burkardt und ihr Stellvertreter Hans Ulrich Stuiber sind in der Folge aus dem DJV ausgetreten. Der Autor dieses Artikels (Ralf Garmatter) und Verfasser des von den beiden Kreisvorsitzenden damals kritisierten Artikels \u00fcber Christian von Stetten blieb als Beisitzer des Kreisvorstands \u00fcbrig.<\/p>\n<div class=\"pdf24Plugin-cp\"> \t<form name=\"pdf24Form0\" method=\"post\" action=\"https:\/\/doc2pdf.pdf24.org\/wordpress.php\" target=\"pdf24PopWin\" onsubmit=\"var pdf24Win = window.open('about:blank', 'pdf24PopWin', 'resizable=yes,scrollbars=yes,width=600,height=250,left='+(screen.width\/2-300)+',top='+(screen.height\/3-125)+''); pdf24Win.focus(); if(typeof pdf24OnCreatePDF === 'function'){void(pdf24OnCreatePDF(this,pdf24Win));}\"> \t\t<input type=\"hidden\" name=\"blogCharset\" value=\"Cw1x07UAAA==\" \/><input type=\"hidden\" name=\"blogPosts\" value=\"MwQA\" \/><input type=\"hidden\" name=\"blogUrl\" value=\"yygpKSi20tcvLy\/Xy8jPSM3LARK6pXnpqWmZOSWpRSV6KakA\" \/><input type=\"hidden\" name=\"blogName\" value=\"88jPSM3LARK6pXnpqWmZOSWpRSUA\" \/><input type=\"hidden\" name=\"blogValueEncoding\" value=\"gzdeflate base64\" \/><input type=\"hidden\" name=\"postId_0\" value=\"MzQwtQQA\" \/><input type=\"hidden\" name=\"postTitle_0\" value=\"NYwxDsIwEAS\/siVIgEIq6CkiUCpe4DgnfNLpLJ2dWMp78gw6fww3NFPNzIOWnHwgwzMupk44ZdKVbHI6o7AIQlMIh5FzLtGHE663C8a624a+6+5HECspXkac\/uHbh1L3idsagxM5DzGQSgM+Vr86k\/4A\" \/><input type=\"hidden\" name=\"postLink_0\" value=\"yygpKSi20tcvLy\/Xy8jPSM3LARK6pXnpqWmZOSWpRSV6Kan69gW2hgamlgA=\" \/><input type=\"hidden\" name=\"postAuthor_0\" value=\"AwA=\" \/><input type=\"hidden\" name=\"postDateTime_0\" value=\"MzIwsNQ1MNY1tFAwNLIyMLYyNQYA\" \/><input type=\"hidden\" name=\"postContent_0\" value=\"rVbLbtw2FN33Ky6mQJEA87KDBHl4DMQxktRuitSpnWVBje5IzFDUgKQ8yXxNF\/4Gr7yqfqznUpq3Y6BBFx5Longf55x7qKPZ8ZEPrrTZ8dFgdTE7\/uko1dek01FHhaDGecE2\/HUwfPakQz58MzzqzHUa8pd08Gw4+9qhsVHe4+GsN1azoEtLyujMGp6EzjrD8r+i3PFk1MlDmPmXg8F8Pu\/nZc7W4KdX2Ywn2gR2oZ\/yQGKWNqCAQTUzpUr94HA4fDEYPhlMexnrhM1B\/8ssQx5dZKScVr2U\/dhhJU2+jTptRb11J72mEwmmbTbqGLX4turB6wX3Ql4ViVXaENLrQmXc7gk6SPerzMDDjf\/HTnoHT4df8Rc7Aohh1DlXztC7uNyl07Or3m\/KosHr0nkdFoxr16e3ZShf0kVpJnSKFTXmaYciR6MOwnUoZ53lob0ZgGS1yfjyYhY5\/y5iezT3An8Fwz9aokjtaACpQXBrJZ6yo5Sr4Mc501lZOQsxeeB2zS5BYHqEFI\/RnTGkCnRWBZ2xpQ86hHk5zrt08LxPH+obtyABuEtVQQcv6DJ3xNrizXPH2i+jfRrn8\/om0UhH75UxvfdLAilz9R2Kt3061RwbQ47MaEZDpCqPMi1Jr1MJiOvdWFQhwTqe17hN1aIibT39zgnbhS6K2K+nC4gxLwMbT7\/8\/Pzw8PCVZD0HJhzvh6+w7Z5y2SN1UID+s3bBZ+CI6UBazdgoKX9ntgE1F8dXmNILBTbeKVeAanZdeos+UM0a9C4tO44lbnDboOfpRDL0Ptd3DiGKhF12NED0VaY28wctu0AiQEOSlgIIJEiUYg1rxMjWt+B0r+zX1YTknT8xkL50qcWEwZAY+MbnJ+z0OA+x1D0JgvZNmX5WuYnb\/HYtuBfSPpXWi6x8n34tgEt9l39REBAE9ZzmCoyBm3dRH1LEOswSl4dkxSJtLb7QpTnDZWwsGyKu7\/CT0obMJkA2JttGrL4psB9bJlXsbV65KNTL4j6NL4VMkN60vrV4QTLLln\/+pmLNDfauEy1nl0r5kbB7a924A3uNQa7gOOzu2F3bCxHhligneC7P3D4pnjAqUROhv6usbb+Rt8nUt0gr9rkLBF4hDnMVa9M2VyahM\/CK91Q12RPc1fdfz2Vkoup2krdzcs9gAHHxKY0zwFls\/KNixyJCXWy3G30F+XxjbFsdvIdeEhRpe3tmU+bA+6K+G0\/9DP4KpWGuYqy1nuyP+BaggZUIqHBC5XCb64gAphU7cL2qihACxrKFcxExixyzNITWhbRthXKrUUkh2nHC4BX+VeLo\/823ofKl4ru0mjUWnLE7U1aKsBtT3RDzEdlK+F4hLxi\/p7TWXqQ0kC9jX9+BV3qTO1ilVtI2sAwcRHcY3FySLipHMC6BD1v2JCYe\/9GVieGC7xPCrq88wD9sSZwg9rJhh3v1xrmsbycTHBtGi06EDmCtoDgMjbzZKKegN6eXvZMq+oPKvEoyFt+VUf5O2yKvc2C\/AIKqkiJN6f1qGR2e8iLOg3jpU0INje\/ahvjX6xTtjEWNrSu3jSXq3JLlTAV9jUevXdBTNiLFgjGfAsRKDxjRcqrMAjKQTzK7dBxcTZ0OAqCooTQZqzaOrHqSsiTS5kcInEhHdHd9rAnbrFocM4ha30yCjzqQwRMuN2rCIZYYNNicN3ERJG4tJBJkLp+PEZpUFfJZzRvTs9TJahYfYL8bH1+wmsqnG2\/R1hbRfuW0DtViglNDggCp0DYp559yaDVA0pP6JtcZBnheutW30p7Jn7jK5trEK+gBmnJT5dIQ42mM4KfNc8IBC9R0aaQFLFU6WX4a6Ka7WFnrZUX0W1xn3JwyrZKqUMaj0wPbViCeHm1\/8zyOBUD7E\/lsao4ewSVtmE7Z3kN0JMK34tFiLXad4CFPSGDCCcneBw87hHA6a\/znXw==\" \/> \t\t<a href=\"https:\/\/www.pdf24.org\" target=\"_blank\" title=\"www.pdf24.org\" rel=\"nofollow\"><img src=\"https:\/\/www.hohenlohe-ungefiltert.de\/wp-content\/plugins\/pdf24-post-to-pdf\/img\/pdf_32x32.png\" alt=\"\" border=\"0\" height=\"32\" \/><\/a> \t\t<span class=\"pdf24Plugin-cp-space\">&nbsp;&nbsp;<\/span> \t\t<span class=\"pdf24Plugin-cp-text\">Sende Artikel als PDF<\/span> \t\t<span class=\"pdf24Plugin-cp-space\">&nbsp;&nbsp;<\/span> \t\t<input class=\"pdf24Plugin-cp-input\" style=\"margin: 0px;\" type=\"text\" name=\"sendEmailTo\" placeholder=\"Emailadresse\" \/> \t\t<input class=\"pdf24Plugin-cp-submit\" style=\"margin: 0px;\" type=\"submit\" value=\"Senden\" \/> \t<\/form> <\/div>","protected":false},"excerpt":{"rendered":"<p>Der deutsche Journalistenverband (DJV) will am heutigen Mittwoch, 18. M\u00e4rz 2009, um 19 Uhr einen Kreisverband Schw\u00e4bisch Hall-Hohenlohe gr\u00fcnden. Die DJV-Mitglieder aus den Landkreisen Schw\u00e4bisch Hall und Hohenlohe sind dazu ins Nebenzimmer des Ringhotels &#8222;Die Krone&#8220; in Schw\u00e4bisch Hall-Hessental, Wirtsgasse 1 eingeladen. Von Ralf Garmatter, Freier Journalist, Mitglied des DJV-Landesverbands Baden-W\u00fcrttemberg Mindestens drei Kreisvorstandsmitglieder sind [&hellip;]<\/p>\n","protected":false},"author":3,"featured_media":0,"comment_status":"open","ping_status":"open","sticky":false,"template":"","format":"standard","meta":[],"categories":[],"tags":[],"_links":{"self":[{"href":"https:\/\/www.hohenlohe-ungefiltert.de\/index.php?rest_route=\/wp\/v2\/posts\/1059"}],"collection":[{"href":"https:\/\/www.hohenlohe-ungefiltert.de\/index.php?rest_route=\/wp\/v2\/posts"}],"about":[{"href":"https:\/\/www.hohenlohe-ungefiltert.de\/index.php?rest_route=\/wp\/v2\/types\/post"}],"author":[{"embeddable":true,"href":"https:\/\/www.hohenlohe-ungefiltert.de\/index.php?rest_route=\/wp\/v2\/users\/3"}],"replies":[{"embeddable":true,"href":"https:\/\/www.hohenlohe-ungefiltert.de\/index.php?rest_route=%2Fwp%2Fv2%2Fcomments&post=1059"}],"version-history":[{"count":4,"href":"https:\/\/www.hohenlohe-ungefiltert.de\/index.php?rest_route=\/wp\/v2\/posts\/1059\/revisions"}],"predecessor-version":[{"id":1065,"href":"https:\/\/www.hohenlohe-ungefiltert.de\/index.php?rest_route=\/wp\/v2\/posts\/1059\/revisions\/1065"}],"wp:attachment":[{"href":"https:\/\/www.hohenlohe-ungefiltert.de\/index.php?rest_route=%2Fwp%2Fv2%2Fmedia&parent=1059"}],"wp:term":[{"taxonomy":"category","embeddable":true,"href":"https:\/\/www.hohenlohe-ungefiltert.de\/index.php?rest_route=%2Fwp%2Fv2%2Fcategories&post=1059"},{"taxonomy":"post_tag","embeddable":true,"href":"https:\/\/www.hohenlohe-ungefiltert.de\/index.php?rest_route=%2Fwp%2Fv2%2Ftags&post=1059"}],"curies":[{"name":"wp","href":"https:\/\/api.w.org\/{rel}","templated":true}]}}