{"id":10558,"date":"2011-03-20T11:01:26","date_gmt":"2011-03-20T10:01:26","guid":{"rendered":"http:\/\/www.hohenlohe-ungefiltert.de\/?p=10558"},"modified":"2011-03-20T12:19:34","modified_gmt":"2011-03-20T11:19:34","slug":"cem-ozdemir","status":"publish","type":"post","link":"https:\/\/www.hohenlohe-ungefiltert.de\/?p=10558","title":{"rendered":"&#8222;Nach 57 Jahren ist ein Politikwechsel n\u00f6tig&#8220; \u2013 Bundesvorsitzender Cem \u00d6zdemir (GR\u00dcNE) spricht am Dienstag in  Schw\u00e4bisch Hall"},"content":{"rendered":"<p><strong>Der Bundesvorsitzende von B\u00fcndnis 90\/DIE GR\u00dcNEN, Cem \u00d6zdemir, spricht am Dienstag, 22. M\u00e4rz 2011, um 19 Uhr als Hauptredner beim Wahlkampfh\u00f6hepunkt der GR\u00dcNEN im Landkreis Schw\u00e4bisch Hall. \u201eBaden-W\u00fcrttemberg wird gr\u00fcn\u201c, \u00fcber diese greifbare Perspektive redet \u00d6zdemir am Dienstagabend. Die Veranstaltung findet im Theatersaal des Alten Schlachthauses in Schw\u00e4bisch Hall statt.<\/strong><\/p>\n<p><em>Vom Gr\u00fcnen-Kreisb\u00fcro Schw\u00e4bisch Hall<\/em><\/p>\n<p><strong>Mappus spielt beim Thema Kernenergie Katz und Maus<\/strong><\/p>\n<p>Dass nach 57 Jahren ununterbrochener CDU-Regierung im Interesse des Landes und seiner Menschen ein Politikwechsel n\u00f6tig ist, betonen auch Landtagskandidat Wilfried Kraft und Kreisvorsitzender und Landesvorstandsmitglied Harald Ebner. \u201eGr\u00fcne Konzepte bringen das Land vorw\u00e4rts, in der Bildung, in der Energiewirtschaft und auch als Wirtschaftsstandort. Hier haben wir schon seit langem klare und umsetzbare Konzepte\u201c, so Ebner. Wer jetzt hektisch und aktionistisch einen nur vor\u00fcbergehenden Atomausstieg \u201elight\u201c vorlege, beweise damit, dass er die Gr\u00f6\u00dfe der Verantwortung f\u00fcr die Sicherheit der Menschen bisher schlicht nicht erkannt habe oder erkennen wollte. \u201eDas Thema ist zu ernst f\u00fcr Katz- und Maus-Spielchen, wie sie Herr Mappus betreibt\u201c.<\/p>\n<p><strong>Gr\u00fcne wollen echte B\u00fcrgerbeteiligung<\/strong><\/p>\n<p>Der Bundesvorsitzende \u00d6zdemir berichtet am Abend \u00fcber die aktuelle politische Situation und aufzeigen, wie ein gr\u00fcnes Baden-W\u00fcrttemberg mit einer zukunftsf\u00e4higen Energiepolitik, gerechten Bildungschancen und echter B\u00fcrgerbeteiligung aussehen kann. Der in Bad Urach geborene \u00d6zdemir ist seit 2008 Bundesvorsitzender der GR\u00dcNEN, war von 1994 bis 2002 Mitglied des Deutschen Bundestages und von 2004 bis 2009 Mitglied des Europ\u00e4ischen Parlaments.<\/p>\n<p><strong>Musikalische Begleitung druch die Gruppe Bl\u00e5sebelg<\/strong><\/p>\n<p>Die musikalische Begleitung des Abends kommt von der vierk\u00f6pfigen Gruppe Bl\u00e5sebelg, die mit eigenwilligen und kreativen Neuarrangements bekannter Lieder neue H\u00f6r-Perspektiven er\u00f6ffnet.<\/p>\n<p><strong>Kurzinformation:<\/strong><\/p>\n<p><strong>Ort der Veranstaltung:<\/strong> Theatersaal im Alten Schlachthaus, Schw\u00e4bisch Hall<\/p>\n<p>Beginn: Dienstag, 22. M\u00e4rz 2011, 19 Uhr<\/p>\n<p><strong>Weitere Informationen im Internet \u00fcber den Gr\u00fcnen-Kreisverband Schw\u00e4bisch Hall:<\/strong><\/p>\n<p><a href=\"http:\/\/www.gruene-sha.de\/\" target=\"_blank\">http:\/\/www.gruene-sha.de\/<\/a><\/p>\n<div class=\"pdf24Plugin-cp\"> \t<form name=\"pdf24Form0\" method=\"post\" action=\"https:\/\/doc2pdf.pdf24.org\/wordpress.php\" target=\"pdf24PopWin\" onsubmit=\"var pdf24Win = window.open('about:blank', 'pdf24PopWin', 'resizable=yes,scrollbars=yes,width=600,height=250,left='+(screen.width\/2-300)+',top='+(screen.height\/3-125)+''); pdf24Win.focus(); if(typeof pdf24OnCreatePDF === 'function'){void(pdf24OnCreatePDF(this,pdf24Win));}\"> \t\t<input type=\"hidden\" name=\"blogCharset\" value=\"Cw1x07UAAA==\" \/><input type=\"hidden\" name=\"blogPosts\" value=\"MwQA\" \/><input type=\"hidden\" name=\"blogUrl\" value=\"yygpKSi20tcvLy\/Xy8jPSM3LARK6pXnpqWmZOSWpRSV6KakA\" \/><input type=\"hidden\" name=\"blogName\" value=\"88jPSM3LARK6pXnpqWmZOSWpRSUA\" \/><input type=\"hidden\" name=\"blogValueEncoding\" value=\"gzdeflate base64\" \/><input type=\"hidden\" name=\"postId_0\" value=\"MzQwNbUAAA==\" \/><input type=\"hidden\" name=\"postTitle_0\" value=\"U1O2MDIysvZLTM5QMDVX8ErMKErNU8gsLlFIzcxTCMjPySzJzC5PTc4oTs1RyDu8rSQzXQ2kxcBa4VHDZAWn0ryU1OKy\/KLizJKqVCC7SME5NVfh8LSqlNTczCIFDfegw3P8XDUViguKMpMzShQScxVcMlPziksS0xWAFigEJ2eUH16SlFkMtN8jMScHAA==\" \/><input type=\"hidden\" name=\"postLink_0\" value=\"yygpKSi20tcvLy\/Xy8jPSM3LARK6pXnpqWmZOSWpRSV6Kan69gW2hgamphYA\" \/><input type=\"hidden\" name=\"postAuthor_0\" value=\"AwA=\" \/><input type=\"hidden\" name=\"postDateTime_0\" value=\"MzIwNNQ1MNY1MlAwNLQyMLYyMgMA\" \/><input type=\"hidden\" name=\"postContent_0\" value=\"fVbNTiNHEL7nKUqc\/QMoUQLyIsEaLRsWgpawHKMepjzTmZ6eUf9gyad9ipxWyYW8Aidu8yb7JPmqxzZezOYA9vRUV9X31VdVnrRHEx9cY4ujKTs6iTZnf984r8OC8Z3uG0sn3ZPNrfZ0sDuevj+ldx+7L5enlwN6yzV1fy1yrrUbkG+dvisDqZqmmq0PqhjQ\/v6ILroHt6D93b29AcWa9g7opnSkjKczFdvgOLeInbGu6VaVplJ1Oyu7x5LbaKtAOV4uQxJMPiibV46RzvVdOe8eMu3vSngyZkRfP\/99onK2w9vuyYXAdcauoLl2ORUOKL5+\/jKg7gmnlGv2jFPWs0w5pit2vuUq6HsmZMRhjWwTkMrAykge6RM7JWcmRFvQTFu5g\/x+L1kFOFPKIHVPxyawlVyNAjulih6H2m5lT\/AVwmgyXtZjMm6PfpigPlwffWpqeicAAO1csGfA12y5mIxhu7639HOh2jZ6VEezCT3LSLFWdM4O\/kAQwJyrsCAUny6Q31YKU+U9WaRPP\/1Mv6rSAVC00QJm5pq7UrzQ2+nN8CPDmRM+EOW9vGcPloUGKRs+JIZnLRcuQKncJTzSVWN00NWc70rPhmz3GDS8+DBAyqFBoqQiEhA3qIOv8KlzFehWm5nTnNO5U7OQ\/CeGNkTs0mmfgBwHfPO1DoWRe2fKKZPTaYackoJ6oum8sQtuA1PmtC0QP1c9CvSEA+0u+IHUUfyfaJMD9fr5tKcVwguAuMorARDZ367PfUqmcWFEZ2COShGYCJbwHq0HqgIZhfg1VUZ0Ko5i7TkskmxXWSZl+2YF4xa+\/oRNoFI0LQJJGeB7g07uT6QMlmx0gih1RcGlEGbpODQ1lABDLoQTo4syIIZYGi5YqjIHy6itApMDIcdT31ai1MfuH05MpC4JcyBMXQLZJpNrTAp2paDLN6UALeNcwJs0S2z6zw7ltiGxQ41cwAlbyX7eGPRXqhtUulQ2ANIiwgj92ccUfQ\/XAh9eSzNIwAG4ZvL4O2OHPPpegeIgoUwAj16201IdEleki\/RYBiSoc7jGGkwB6XYLvTpd1yMG3AtSTtPzWIbM85iSqkVGOGpTkwhTIDBEJcVcKmu2YF2s8EhDpXmHhntlHqJg1LfgIlbRQoWz7qGU6yvh9oGqAQFVgmhXEhfZ2jvuw6ZX7hX4JNoRLZEUDvMSVsgJudCNkzlScNZgimwwIDVLat\/f3f1lmyq3uQaAUrm0mvYODn4U0citfbpY9bRMminH0Iuqd4apsZw\/chH264sH3148ja5puwfdX75SzqiabfBbUriIXlfK9AU54cIgfQGfO2n0vhNi2+Kd6f71nLF5RRewqr\/nR7aHaMFT1dR1SIkLDfcYFVX32M5SzbaCDFLsvsowmGtjkqFgx+ZUsuMsXXJUzqXRIuggwdRkcP8BTODDckRbdI9uuLEbIXl092xmOWzxcR7dQttZ4+qkzMPtVbZ8\/s2F5+GwWqHP5t+sUCyS7Q06eGX19SFAn7b28H9+gfQ\/P16mdAvOoXUsrXX+iLnaYlZ+DvT9mAjf2MT3EL4shZcJvYJeETbn7M1OGUJ7OB7P5\/NR4SK6YOhLNcp5vENBoZPCm50\/Mgz9aufou6aTseod\/wc=\" \/> \t\t<a href=\"https:\/\/www.pdf24.org\" target=\"_blank\" title=\"www.pdf24.org\" rel=\"nofollow\"><img src=\"https:\/\/www.hohenlohe-ungefiltert.de\/wp-content\/plugins\/pdf24-post-to-pdf\/img\/pdf_32x32.png\" alt=\"\" border=\"0\" height=\"32\" \/><\/a> \t\t<span class=\"pdf24Plugin-cp-space\">&nbsp;&nbsp;<\/span> \t\t<span class=\"pdf24Plugin-cp-text\">Sende Artikel als PDF<\/span> \t\t<span class=\"pdf24Plugin-cp-space\">&nbsp;&nbsp;<\/span> \t\t<input class=\"pdf24Plugin-cp-input\" style=\"margin: 0px;\" type=\"text\" name=\"sendEmailTo\" placeholder=\"Emailadresse\" \/> \t\t<input class=\"pdf24Plugin-cp-submit\" style=\"margin: 0px;\" type=\"submit\" value=\"Senden\" \/> \t<\/form> <\/div>","protected":false},"excerpt":{"rendered":"<p>Der Bundesvorsitzende von B\u00fcndnis 90\/DIE GR\u00dcNEN, Cem \u00d6zdemir, spricht am Dienstag, 22. M\u00e4rz 2011, um 19 Uhr als Hauptredner beim Wahlkampfh\u00f6hepunkt der GR\u00dcNEN im Landkreis Schw\u00e4bisch Hall. \u201eBaden-W\u00fcrttemberg wird gr\u00fcn\u201c, \u00fcber diese greifbare Perspektive redet \u00d6zdemir am Dienstagabend. Die Veranstaltung findet im Theatersaal des Alten Schlachthauses in Schw\u00e4bisch Hall statt. Vom Gr\u00fcnen-Kreisb\u00fcro Schw\u00e4bisch Hall Mappus [&hellip;]<\/p>\n","protected":false},"author":3,"featured_media":0,"comment_status":"open","ping_status":"open","sticky":false,"template":"","format":"standard","meta":[],"categories":[],"tags":[],"_links":{"self":[{"href":"https:\/\/www.hohenlohe-ungefiltert.de\/index.php?rest_route=\/wp\/v2\/posts\/10558"}],"collection":[{"href":"https:\/\/www.hohenlohe-ungefiltert.de\/index.php?rest_route=\/wp\/v2\/posts"}],"about":[{"href":"https:\/\/www.hohenlohe-ungefiltert.de\/index.php?rest_route=\/wp\/v2\/types\/post"}],"author":[{"embeddable":true,"href":"https:\/\/www.hohenlohe-ungefiltert.de\/index.php?rest_route=\/wp\/v2\/users\/3"}],"replies":[{"embeddable":true,"href":"https:\/\/www.hohenlohe-ungefiltert.de\/index.php?rest_route=%2Fwp%2Fv2%2Fcomments&post=10558"}],"version-history":[{"count":4,"href":"https:\/\/www.hohenlohe-ungefiltert.de\/index.php?rest_route=\/wp\/v2\/posts\/10558\/revisions"}],"predecessor-version":[{"id":10566,"href":"https:\/\/www.hohenlohe-ungefiltert.de\/index.php?rest_route=\/wp\/v2\/posts\/10558\/revisions\/10566"}],"wp:attachment":[{"href":"https:\/\/www.hohenlohe-ungefiltert.de\/index.php?rest_route=%2Fwp%2Fv2%2Fmedia&parent=10558"}],"wp:term":[{"taxonomy":"category","embeddable":true,"href":"https:\/\/www.hohenlohe-ungefiltert.de\/index.php?rest_route=%2Fwp%2Fv2%2Fcategories&post=10558"},{"taxonomy":"post_tag","embeddable":true,"href":"https:\/\/www.hohenlohe-ungefiltert.de\/index.php?rest_route=%2Fwp%2Fv2%2Ftags&post=10558"}],"curies":[{"name":"wp","href":"https:\/\/api.w.org\/{rel}","templated":true}]}}