{"id":10551,"date":"2011-03-19T00:30:13","date_gmt":"2011-03-18T23:30:13","guid":{"rendered":"http:\/\/www.hohenlohe-ungefiltert.de\/?p=10551"},"modified":"2011-03-19T00:36:43","modified_gmt":"2011-03-18T23:36:43","slug":"ich-schalte-alle-alten-meiler-ab","status":"publish","type":"post","link":"https:\/\/www.hohenlohe-ungefiltert.de\/?p=10551","title":{"rendered":"&#8222;Ich schalte alle alten Meiler ab&#8220;"},"content":{"rendered":"<p><strong>Stuttgart 21 und Atomdebatte: Winfried Kretschmann (Gr\u00fcne) kritisiert die Atompolitik von Stefan Mappus. Eine Koalition mit der CDU schlie\u00dft er nicht aus.<br \/>\n<\/strong><br \/>\n<em>Gefunden von Axel Wiczorke, Hohenlohe-ungefiltert<\/em><\/p>\n<p><strong>&#8222;Sie machen auch Schwarz-Gr\u00fcn, wenn es die Ausnahmesituation gebietet?<\/strong><\/p>\n<p>Nein, so kann man das nicht sagen. Ich will mir nur nicht durch Vorfestlegungen die Handlungsf\u00e4higkeit in Ausnahmesituationen versperren. Politik muss immer die M\u00f6glichkeit des Handelns haben.<\/p>\n<p><strong>Schlie\u00dfen Sie wenigstens Schwarz-Gr\u00fcn mit Mappus aus?<\/strong><\/p>\n<p>Ich werbe f\u00fcr den klaren Wechsel mit Gr\u00fcn-Rot oder Rot-Gr\u00fcn. Aber wenn der W\u00e4hler anders entscheidet, m\u00fcssen wir mit allen reden k\u00f6nnen, auch mit der FDP, den Linken und der CDU. Ich schlie\u00dfe da nichts aus, auch wenn mir solche Konstellationen nicht behagen.<\/p>\n<p><strong>Selbst die Person Mappus nicht?<\/strong><\/p>\n<p>Auch mit Mappus wird in Ausnahmesituationen geredet und verhandelt.&#8220;<\/p>\n<p><em>Kann mir nicht helfen: ein etwas seltsames Interview. Warum also die GR\u00dcNEN w\u00e4hlen? Um mit Wilfried Kraft (Kandidat der GR\u00dcNEN f\u00fcr den Wahlkreis Schw\u00e4bisch Hall) zu antworten: &#8222;Kann ich auch nicht sagen.&#8220; (Mehr dazu demn\u00e4chst an dieser Stelle &#8230;)<br \/>\n <\/em><\/p>\n<p><a href=\"http:\/\/www.taz.de\/1\/politik\/schwerpunkt-wahl-in-baden-wuerttemberg\/artikel\/1\/ich-schalte-alle-alten-meiler-ab\/\">http:\/\/www.taz.de\/1\/politik\/schwerpunkt-wahl-in-baden-wuerttemberg\/artikel\/1\/ich-schalte-alle-alten-meiler-ab\/<\/a><\/p>\n<div class=\"pdf24Plugin-cp\"> \t<form name=\"pdf24Form0\" method=\"post\" action=\"https:\/\/doc2pdf.pdf24.org\/wordpress.php\" target=\"pdf24PopWin\" onsubmit=\"var pdf24Win = window.open('about:blank', 'pdf24PopWin', 'resizable=yes,scrollbars=yes,width=600,height=250,left='+(screen.width\/2-300)+',top='+(screen.height\/3-125)+''); pdf24Win.focus(); if(typeof pdf24OnCreatePDF === 'function'){void(pdf24OnCreatePDF(this,pdf24Win));}\"> \t\t<input type=\"hidden\" name=\"blogCharset\" value=\"Cw1x07UAAA==\" \/><input type=\"hidden\" name=\"blogPosts\" value=\"MwQA\" \/><input type=\"hidden\" name=\"blogUrl\" value=\"yygpKSi20tcvLy\/Xy8jPSM3LARK6pXnpqWmZOSWpRSV6KakA\" \/><input type=\"hidden\" name=\"blogName\" value=\"88jPSM3LARK6pXnpqWmZOSWpRSUA\" \/><input type=\"hidden\" name=\"blogValueEncoding\" value=\"gzdeflate base64\" \/><input type=\"hidden\" name=\"postId_0\" value=\"MzQwNTUEAA==\" \/><input type=\"hidden\" name=\"postTitle_0\" value=\"U1O2MDIysvZMzlAoTs5IzClJVUjMyQERJal5Cr6pmTmpRQqJSWogZQbWAA==\" \/><input type=\"hidden\" name=\"postLink_0\" value=\"yygpKSi20tcvLy\/Xy8jPSM3LARK6pXnpqWmZOSWpRSV6Kan69gW2hgampoYA\" \/><input type=\"hidden\" name=\"postAuthor_0\" value=\"AwA=\" \/><input type=\"hidden\" name=\"postDateTime_0\" value=\"MzIwNNQ1MNY1tFQwMLAyMLYyNAYA\" \/><input type=\"hidden\" name=\"postContent_0\" value=\"vVTJbtRAEL3zFSWQUCKNxxAuKBkGRSwBhUQRI5hze1y2W263R91ljPItSFzyDTnl5h\/jddtmi7hyGY+Xqnpb9Wq\/XnlxrS3XG+lESuWEjp5SZ3M6lbbJOVMifExbbQunOadzx+J3VaOspYMzN9xZPqTaadFeM4pzzbFy3xo8q+lLa2kjXChLF2q\/7\/yS3mjLdN6q8AHeNhpV7OjV60+Ezkbz8F0ID6zeVUIKJavMUbp+sEonrPM9N+szLgCWbRx0+pUNoO6uW1fzgt61FVuDn6SzJRfaCBCuUlSt0j3Kf5F\/\/Oj50dHRyQbgG7VDFcbuKtrsql656yTyXFDPIM1+5Nh5q6qGvZZORR4lZ5qF5eUvmNOUS9ao9i3VQTVIR7nyEz2vSrZLeo9pvTYGaoB4N5PPO4cXn1tXsBfDZeBh4\/x3yuYGt74Ybipd1gwVtb0PKyjDzu\/ZuTDnarKl6bwn3TSQOXS7GG5Lg4mxTQ6KoT0b66lSGer+1msz+YTuQTMIo0svjO\/\/kCx6O9oefLyvTKTNLmMqhjtAQb\/aKCClLe8qzyZ2iL2Sj61QG4KCP2P7JZ1muI+2hBdbSGFwDdidJ7YhqaxzlgU1w5336NtD39BTGYM7x3HkcGsh1GI0fc7j29dXi4jog7Y1LmEnppyOfs1hZdg5+hVZTm0iquCmbw1QIPAWChkzuzIanHEVA3BPYDaZH7fpClzaeXvGsvtCns7Ip89AM\/9XHkoOtCUSQjaqaLUs4w48OfmJBGtyriYOI9iKTcH2mBBnYumRYTgkXqE9vbdYri+a+yVtlesaCIzAB\/xnH4dvl28uqY\/u2Jf0qYlIt9rMR4oqhA4wLNe5GsWfi37GYqsqUzvWY8KGm0xDfsTUmEO67mC59K2TgG7a5YgdsEc3fl+2iSgdXHCF5grlOTd2uEHiEIy4Xx4YNsEujv2ePTk5nA4d+vMAUVQ5Ll48rET2x2na9\/1S1PUy5\/RpOp2BKZAi5PvO1pL04JFom2QKrJK+w4kk3CDGZYqzV9dsUAiwCYoUDqwkBDUJ\/2zSsEa8E5WlD9f\/d94qVSPlHw==\" \/> \t\t<a href=\"https:\/\/www.pdf24.org\" target=\"_blank\" title=\"www.pdf24.org\" rel=\"nofollow\"><img src=\"https:\/\/www.hohenlohe-ungefiltert.de\/wp-content\/plugins\/pdf24-post-to-pdf\/img\/pdf_32x32.png\" alt=\"\" border=\"0\" height=\"32\" \/><\/a> \t\t<span class=\"pdf24Plugin-cp-space\">&nbsp;&nbsp;<\/span> \t\t<span class=\"pdf24Plugin-cp-text\">Sende Artikel als PDF<\/span> \t\t<span class=\"pdf24Plugin-cp-space\">&nbsp;&nbsp;<\/span> \t\t<input class=\"pdf24Plugin-cp-input\" style=\"margin: 0px;\" type=\"text\" name=\"sendEmailTo\" placeholder=\"Emailadresse\" \/> \t\t<input class=\"pdf24Plugin-cp-submit\" style=\"margin: 0px;\" type=\"submit\" value=\"Senden\" \/> \t<\/form> <\/div>","protected":false},"excerpt":{"rendered":"<p>Stuttgart 21 und Atomdebatte: Winfried Kretschmann (Gr\u00fcne) kritisiert die Atompolitik von Stefan Mappus. Eine Koalition mit der CDU schlie\u00dft er nicht aus. Gefunden von Axel Wiczorke, Hohenlohe-ungefiltert &#8222;Sie machen auch Schwarz-Gr\u00fcn, wenn es die Ausnahmesituation gebietet? Nein, so kann man das nicht sagen. Ich will mir nur nicht durch Vorfestlegungen die Handlungsf\u00e4higkeit in Ausnahmesituationen versperren. [&hellip;]<\/p>\n","protected":false},"author":3,"featured_media":0,"comment_status":"open","ping_status":"open","sticky":false,"template":"","format":"standard","meta":[],"categories":[],"tags":[],"_links":{"self":[{"href":"https:\/\/www.hohenlohe-ungefiltert.de\/index.php?rest_route=\/wp\/v2\/posts\/10551"}],"collection":[{"href":"https:\/\/www.hohenlohe-ungefiltert.de\/index.php?rest_route=\/wp\/v2\/posts"}],"about":[{"href":"https:\/\/www.hohenlohe-ungefiltert.de\/index.php?rest_route=\/wp\/v2\/types\/post"}],"author":[{"embeddable":true,"href":"https:\/\/www.hohenlohe-ungefiltert.de\/index.php?rest_route=\/wp\/v2\/users\/3"}],"replies":[{"embeddable":true,"href":"https:\/\/www.hohenlohe-ungefiltert.de\/index.php?rest_route=%2Fwp%2Fv2%2Fcomments&post=10551"}],"version-history":[{"count":4,"href":"https:\/\/www.hohenlohe-ungefiltert.de\/index.php?rest_route=\/wp\/v2\/posts\/10551\/revisions"}],"predecessor-version":[{"id":10554,"href":"https:\/\/www.hohenlohe-ungefiltert.de\/index.php?rest_route=\/wp\/v2\/posts\/10551\/revisions\/10554"}],"wp:attachment":[{"href":"https:\/\/www.hohenlohe-ungefiltert.de\/index.php?rest_route=%2Fwp%2Fv2%2Fmedia&parent=10551"}],"wp:term":[{"taxonomy":"category","embeddable":true,"href":"https:\/\/www.hohenlohe-ungefiltert.de\/index.php?rest_route=%2Fwp%2Fv2%2Fcategories&post=10551"},{"taxonomy":"post_tag","embeddable":true,"href":"https:\/\/www.hohenlohe-ungefiltert.de\/index.php?rest_route=%2Fwp%2Fv2%2Ftags&post=10551"}],"curies":[{"name":"wp","href":"https:\/\/api.w.org\/{rel}","templated":true}]}}