{"id":10505,"date":"2011-03-18T19:34:32","date_gmt":"2011-03-18T18:34:32","guid":{"rendered":"http:\/\/www.hohenlohe-ungefiltert.de\/?p=10505"},"modified":"2011-03-18T19:34:50","modified_gmt":"2011-03-18T18:34:50","slug":"schwabenstreich-gegen-stuttgart-21-am-montag-in-schwabisch-hall-%e2%80%93%c2%a0mahnwache-fur-die-opfer-in-japan","status":"publish","type":"post","link":"https:\/\/www.hohenlohe-ungefiltert.de\/?p=10505","title":{"rendered":"&#8222;Schwabenstreich gegen Stuttgart 21 am Montag in Schw\u00e4bisch Hall&#8220; \u2013\u00a0Mahnwache f\u00fcr die Opfer in Japan"},"content":{"rendered":"<p><strong>Das Schw\u00e4bisch Haller Aktionsb\u00fcndnis gegen Stuttgart 21 und f\u00fcr Kopfbahnhof l\u00e4dt ein zum Schwabenstreich am Montag, 21. M\u00e4rz 2011, um 18.45 Uhr am Milchmarkt in Schw\u00e4bisch Hall.<\/strong><\/p>\n<p><em>Hans Maier, Schw\u00e4bisch Haller Aktionsb\u00fcndnis gegen Stuttgart 21 und f\u00fcr Kopfbahnhof<\/em><\/p>\n<p><strong>Mahnwache f\u00fcr die Opfer in Japan <\/strong><strong>und Protest gegen Tiefbahnhof in Stuttgart <\/strong><\/p>\n<p>Ab 19 Uhr wird f\u00fcr eine Minute Krach gemacht als Ausdruck des Protests gegen den geplanten Tiefbahnhof in Stuttgart. Der Schwabenstreich wird verbunden mit einer Mahnwache f\u00fcr die Opfer in Japan.<\/p>\n<p><strong>Weitere Informationen im Internet \u00fcber Stuttgart 21:<\/strong><\/p>\n<p><strong>Weitere Termine unter<\/strong> <a href=\"http:\/\/www.parkschuetzer.de\/termine\/kalender\" target=\"_blank\">http:\/\/www.parkschuetzer.de\/termine\/kalender<\/a> und <a href=\"http:\/\/kopfbahnhof-21.de\/index.php?id=44\" target=\"_blank\">http:\/\/kopfbahnhof-21.de\/index.php?id=44<\/a><\/p>\n<p><strong>Eine Liste mit der landes- und bundesweit stattfindenden Schwabenstreiche findet sich unter<\/strong> <a href=\"http:\/\/www.parkschuetzer.de\/mitmachen\/schwabenstreiche\" target=\"_blank\">http:\/\/www.parkschuetzer.de\/mitmachen\/schwabenstreiche<br \/>\n<\/a><br \/>\n<strong>Infos zu Kopfbahnhof 21 (K21) beziehungsweise Stuttgart 21 (S21) gibt es zum Beispiel auf folgenden Internetseiten:<\/strong><\/p>\n<p><strong>Die facebook-Gruppe \u201cKein Stuttgart 21\u2033:<\/strong><br \/>\n<a href=\"http:\/\/www.facebook.com\/keinstuttgart21\" target=\"_blank\">http:\/\/www.facebook.com\/keinstuttgart21<\/a><\/p>\n<p><strong>Im Weblog \u201cBei Abriss Aufstand\u201d die neusten Infos und Links zu Presseartikeln:<\/strong><br \/>\n<a href=\"http:\/\/www.beiabrissaufstand.de\/\" target=\"_blank\">http:\/\/www.beiabrissaufstand.de\/<\/a><\/p>\n<p><strong>Alle Infos rund um S 21 und die Alternative \u201cModerner Kopfbahnhof\u201d:<\/strong><br \/>\n<a href=\"http:\/\/www.kopfbahnhof-21.de\" target=\"_blank\">http:\/\/www.kopfbahnhof-21.de<\/a><\/p>\n<p><strong>Es gibt bereits fast 32.000 Parksch\u00fctzer:<\/strong><br \/>\n<a href=\"http:\/\/www.parkschuetzer.de\" target=\"_blank\">http:\/\/www.parkschuetzer.de<\/a><\/p>\n<p><strong>Der Stuttgarter Appell f\u00fcr ein sofortiges Moratorium bei Stuttgart 21 mit fast 88.000 Unterst\u00fctzern:<\/strong><br \/>\n<a href=\"http:\/\/stuttgarterappell.de\/\" target=\"_blank\">http:\/\/stuttgarterappell.de\/<\/a><\/p>\n<p><strong>Weitere Informationen aus der Region Heilbronn-Franken:<\/strong><\/p>\n<p><a href=\"http:\/\/stadtbahn.wordpress.com\" target=\"_blank\">http:\/\/stadtbahn.wordpress.com<\/a><br \/>\n<a href=\"http:\/\/frankenbahn.wordpress.com\" target=\"_blank\">http:\/\/frankenbahn.wordpress.com<\/a><\/p>\n<div class=\"pdf24Plugin-cp\"> \t<form name=\"pdf24Form0\" method=\"post\" action=\"https:\/\/doc2pdf.pdf24.org\/wordpress.php\" target=\"pdf24PopWin\" onsubmit=\"var pdf24Win = window.open('about:blank', 'pdf24PopWin', 'resizable=yes,scrollbars=yes,width=600,height=250,left='+(screen.width\/2-300)+',top='+(screen.height\/3-125)+''); pdf24Win.focus(); if(typeof pdf24OnCreatePDF === 'function'){void(pdf24OnCreatePDF(this,pdf24Win));}\"> \t\t<input type=\"hidden\" name=\"blogCharset\" value=\"Cw1x07UAAA==\" \/><input type=\"hidden\" name=\"blogPosts\" value=\"MwQA\" \/><input type=\"hidden\" name=\"blogUrl\" value=\"yygpKSi20tcvLy\/Xy8jPSM3LARK6pXnpqWmZOSWpRSV6KakA\" \/><input type=\"hidden\" name=\"blogName\" value=\"88jPSM3LARK6pXnpqWmZOSWpRSUA\" \/><input type=\"hidden\" name=\"blogValueEncoding\" value=\"gzdeflate base64\" \/><input type=\"hidden\" name=\"postId_0\" value=\"MzQwNTAFAA==\" \/><input type=\"hidden\" name=\"postTitle_0\" value=\"U1O2MDIysg5OzihPTErNKy4pSs1MzlBIT01PzVMILiktKUlPLCpRMDJUSMxV8M3PK0lMV8gEygDVH16SlFkMVOuRmJOjBjLGwFrhUcPkQwt8EzPyyhOTM1IV0g7vKVJIyUxV8C9ISy0CafRKLEjMAwA=\" \/><input type=\"hidden\" name=\"postLink_0\" value=\"yygpKSi20tcvLy\/Xy8jPSM3LARK6pXnpqWmZOSWpRSV6Kan69gW2hgamBqYA\" \/><input type=\"hidden\" name=\"postAuthor_0\" value=\"AwA=\" \/><input type=\"hidden\" name=\"postDateTime_0\" value=\"MzIwNNQ1MNY1tFAwtLQyMLYyNgIA\" \/><input type=\"hidden\" name=\"postContent_0\" value=\"rVXBbttGEL33KwY+pYBNWooLOAGtQoWbOHGEGHGCHIOlOCQXJHeJ3WUU+OQPaW\/+g1x905\/4SzKzomSJomW76EGgQM7OvPfmzWxUjyLrjFbZ6FRYuJzms\/lNLO00hzNRlmhgXDiplY3ntypR0kKGGSq4dI1zmTAOhgNoVALp\/NbAua7TWOQq1ymU85vEAUoFV03lE4sYFdVCSclFBROtnMj2KUEAk\/mNuYLh4WCwDxQ9OA6O\/oAvufFxspzmlTCFA0rWRRhEYYs\/CuvRbxHxwWp0JpSFiZBo9v9HTlFIqVdl2rIT+jYT0xwX4YlE+FinVITAvhe1UHCPsH1y7gujHVrXlv4scSWcXEeyxW4cw+CVl2YmTQuRREaSSTUO4dwQFspa0cOBKC2MG5uYZlpAgnZZdkk5oV+GdSmU24EigFPi022hr\/8dTUx06HAlfbcp8FFFgq6GX1E6NAjvVKpNJbg5lFFW9ILeK3Qwv40ZwlqHXm83vpPtM5qKlWk4ySoaIgG5wfRkL3eufh2Gs9ksqMle5I8G3RWaIMHQLc6GhSiR6Jk9cMJk6E72vsWkVrE3es7pKBQj76hu7eLeXAc0B3RUUvyPoM7rP2VycnT0YN1HT3LNrjJ\/sxwfpCWfcLsIGVBS8sWBR+c7aWckH1gnnEs5pW9up\/fUWf5EYWyE\/6IvlWeHogptJ\/XzlH44TxQbCIk9y9D+bRGyyyxtpY11RSP\/4nw4+B1ivJKYNypjISxuboUXlxySyZi8bv1i+4uCaokliCaFVJfZQrClcS17UT3s1VMajlRMMda6OHhrmrpGuLv+5xzl5j66u\/65lqTl0yP0Mlcw1VVYUBa7TDIc7FR218E+K72r4CvGpc4YLokA49hIy9smJe+o5O76Xz\/5ChvrvCAsOrvsg1SFl\/\/CoLVIFWSBpXoSvRil8HVEW4Y9sJNX74k+QmO6GVqUhmHypbW8CJjIuOSO0m767js00Qk3eON+IM5PYrE1uzsZbEX3TrZduJK2JDnOkqfobnk5DA4PD+FiMTTzWx6aJwHsjtmzZrIP3un68uYLmHxelqvbC6ymxe9kRkM10UY4bSTpT73bHD9eWp7Z8bFn9oWnzLoFs8cdZO8RCA9gp3t6o\/vI9d9eorF+wX7CjF7AGcoypnB18MZQld6dsAVXJI47H8y0SWqeFp7OHYB749c3YKdCuoDyjBoPnlgJ8ws=\" \/> \t\t<a href=\"https:\/\/www.pdf24.org\" target=\"_blank\" title=\"www.pdf24.org\" rel=\"nofollow\"><img src=\"https:\/\/www.hohenlohe-ungefiltert.de\/wp-content\/plugins\/pdf24-post-to-pdf\/img\/pdf_32x32.png\" alt=\"\" border=\"0\" height=\"32\" \/><\/a> \t\t<span class=\"pdf24Plugin-cp-space\">&nbsp;&nbsp;<\/span> \t\t<span class=\"pdf24Plugin-cp-text\">Sende Artikel als PDF<\/span> \t\t<span class=\"pdf24Plugin-cp-space\">&nbsp;&nbsp;<\/span> \t\t<input class=\"pdf24Plugin-cp-input\" style=\"margin: 0px;\" type=\"text\" name=\"sendEmailTo\" placeholder=\"Emailadresse\" \/> \t\t<input class=\"pdf24Plugin-cp-submit\" style=\"margin: 0px;\" type=\"submit\" value=\"Senden\" \/> \t<\/form> <\/div>","protected":false},"excerpt":{"rendered":"<p>Das Schw\u00e4bisch Haller Aktionsb\u00fcndnis gegen Stuttgart 21 und f\u00fcr Kopfbahnhof l\u00e4dt ein zum Schwabenstreich am Montag, 21. M\u00e4rz 2011, um 18.45 Uhr am Milchmarkt in Schw\u00e4bisch Hall. Hans Maier, Schw\u00e4bisch Haller Aktionsb\u00fcndnis gegen Stuttgart 21 und f\u00fcr Kopfbahnhof Mahnwache f\u00fcr die Opfer in Japan und Protest gegen Tiefbahnhof in Stuttgart Ab 19 Uhr wird f\u00fcr [&hellip;]<\/p>\n","protected":false},"author":3,"featured_media":0,"comment_status":"open","ping_status":"open","sticky":false,"template":"","format":"standard","meta":[],"categories":[],"tags":[],"_links":{"self":[{"href":"https:\/\/www.hohenlohe-ungefiltert.de\/index.php?rest_route=\/wp\/v2\/posts\/10505"}],"collection":[{"href":"https:\/\/www.hohenlohe-ungefiltert.de\/index.php?rest_route=\/wp\/v2\/posts"}],"about":[{"href":"https:\/\/www.hohenlohe-ungefiltert.de\/index.php?rest_route=\/wp\/v2\/types\/post"}],"author":[{"embeddable":true,"href":"https:\/\/www.hohenlohe-ungefiltert.de\/index.php?rest_route=\/wp\/v2\/users\/3"}],"replies":[{"embeddable":true,"href":"https:\/\/www.hohenlohe-ungefiltert.de\/index.php?rest_route=%2Fwp%2Fv2%2Fcomments&post=10505"}],"version-history":[{"count":2,"href":"https:\/\/www.hohenlohe-ungefiltert.de\/index.php?rest_route=\/wp\/v2\/posts\/10505\/revisions"}],"predecessor-version":[{"id":10507,"href":"https:\/\/www.hohenlohe-ungefiltert.de\/index.php?rest_route=\/wp\/v2\/posts\/10505\/revisions\/10507"}],"wp:attachment":[{"href":"https:\/\/www.hohenlohe-ungefiltert.de\/index.php?rest_route=%2Fwp%2Fv2%2Fmedia&parent=10505"}],"wp:term":[{"taxonomy":"category","embeddable":true,"href":"https:\/\/www.hohenlohe-ungefiltert.de\/index.php?rest_route=%2Fwp%2Fv2%2Fcategories&post=10505"},{"taxonomy":"post_tag","embeddable":true,"href":"https:\/\/www.hohenlohe-ungefiltert.de\/index.php?rest_route=%2Fwp%2Fv2%2Ftags&post=10505"}],"curies":[{"name":"wp","href":"https:\/\/api.w.org\/{rel}","templated":true}]}}