{"id":1047,"date":"2009-03-17T14:21:32","date_gmt":"2009-03-17T13:21:32","guid":{"rendered":"http:\/\/www.hohenlohe-ungefiltert.de\/?p=1047"},"modified":"2009-03-17T16:36:58","modified_gmt":"2009-03-17T15:36:58","slug":"djv-geschaftsfuhrer-ubernahme-des-haller-tagblatts-konnte-die-lokale-vielfalt-gefahrden","status":"publish","type":"post","link":"https:\/\/www.hohenlohe-ungefiltert.de\/?p=1047","title":{"rendered":"DJV-Gesch\u00e4ftsf\u00fchrer: \u00dcbernahme des Haller Tagblatts k\u00f6nnte die lokale Vielfalt gef\u00e4hrden"},"content":{"rendered":"<p><strong>Zur geplanten \u00dcbernahme des Haller Tagblatts durch die S\u00fcdwestpresse Ulm hat sich auf Nachfrage von Hohenlohe-ungefiltert auch der Rechtsanwalt Marc Ecker, Gesch\u00e4ftsf\u00fchrer des Deutschen Journalistenverbands (DJV), Landesverband Baden-W\u00fcrttemberg, ge\u00e4u\u00dfert.<\/strong><\/p>\n<p><em>Von Ralf Garmatter, Freier Journalist aus Kirchberg\/Jagst<\/em><\/p>\n<p>DJV-Landesgesch\u00e4ftsf\u00fchrer Marc Ecker ist der Ansicht, dass die m\u00f6gliche \u00dcbernahme des Haller Tagblatts durch die S\u00fcdwestpresse die lokale Vielfalt im Bereich Schw\u00e4bisch Hall gef\u00e4hrden k\u00f6nne. &#8222;Unter Umst\u00e4nden k\u00f6nnte die publizistische Kompetenz steigen und auch die Wirtschaftlichkeit der Zeitung wachsen&#8220;, meint er. Bei der \u00dcbernahme der Lokalzeitung sei das Kartellamt an die Regelungen des Kartellrechts gebunden. F\u00fcr &#8222;eine Strohmannrolle des Herrn Detjen&#8220; beim Kauf des Haller Tagblatts im Jahr 2002 liegen dem DJV laut Marc Ecker keine Belege vor.<\/p>\n<p>Lesen Sie zu dem Thema auch die weiteren Artikel in Hohenlohe-ungefiltert:<br \/>\n<a href=\"https:\/\/www.hohenlohe-ungefiltert.de\/?p=302\">https:\/\/www.hohenlohe-ungefiltert.de\/?p=302<\/a><br \/>\n<a href=\"https:\/\/www.hohenlohe-ungefiltert.de\/?p=859\">https:\/\/www.hohenlohe-ungefiltert.de\/?p=859<\/a><br \/>\n<a href=\"https:\/\/www.hohenlohe-ungefiltert.de\/?p=681\">https:\/\/www.hohenlohe-ungefiltert.de\/?p=681<\/a><\/p>\n<p>Das Bundeskartellamt hat zu dem \u00dcbernahmeantrag der S\u00fcdwestpresse noch keine Entscheidung gef\u00e4llt. Bereits zweimal hat das Kartellamt die Frist f\u00fcr die Entscheidung verl\u00e4ngert. Derzeit aktueller Stand: Eine Entscheidung des Bundeskartellamt wurde von der Beh\u00f6rde f\u00fcr sp\u00e4testens 23. April 2009 angek\u00fcndigt. &#8222;Die Entscheidungsfrist wurde auf Bitte der beteiligten Unternehmen erneut auf den 23. April verl\u00e4ngert&#8220;, teilte Kartellamtssprecher Kay Weidner auf Nachfrage von Hohenlohe-ungefiltert mit. &#8222;Selbstverst\u00e4ndlich werden das Verfahren betreffende sachdienliche Hinweise und Informationen gerne von der zust\u00e4ndigen 6. Beschlussabteilung entgegengenommen und gew\u00fcrdigt&#8220;, so Weidner weiter.<\/p>\n<p><strong>Info:<\/strong> Der Deutsche Journalistenverband ist neben der Deutschen Journalistenunion (dju) von verdi eine von derzeit zwei Journalistengewerkschaften in Deutschland. Der DJV-Landesverband Baden-W\u00fcrttemberg ist f\u00fcr das gesamte Bundesland zust\u00e4ndig.<\/p>\n<p><strong>Internet:<\/strong> <a href=\"http:\/\/www.djv-bw.de\" target=\"_blank\">www.djv-bw.de<\/a> und <a href=\"http:\/\/www.djv.de\" target=\"_blank\">www.djv.de <\/a><\/p>\n<p><a href=\"http:\/\/www.djv-bw.de\/\" target=\"_blank\"><br \/>\n<\/a><\/p>\n<div class=\"pdf24Plugin-cp\"> \t<form name=\"pdf24Form0\" method=\"post\" action=\"https:\/\/doc2pdf.pdf24.org\/wordpress.php\" target=\"pdf24PopWin\" onsubmit=\"var pdf24Win = window.open('about:blank', 'pdf24PopWin', 'resizable=yes,scrollbars=yes,width=600,height=250,left='+(screen.width\/2-300)+',top='+(screen.height\/3-125)+''); pdf24Win.focus(); if(typeof pdf24OnCreatePDF === 'function'){void(pdf24OnCreatePDF(this,pdf24Win));}\"> \t\t<input type=\"hidden\" name=\"blogCharset\" value=\"Cw1x07UAAA==\" \/><input type=\"hidden\" name=\"blogPosts\" value=\"MwQA\" \/><input type=\"hidden\" name=\"blogUrl\" value=\"yygpKSi20tcvLy\/Xy8jPSM3LARK6pXnpqWmZOSWpRSV6KakA\" \/><input type=\"hidden\" name=\"blogName\" value=\"88jPSM3LARK6pXnpqWmZOSWpRSUA\" \/><input type=\"hidden\" name=\"blogValueEncoding\" value=\"gzdeflate base64\" \/><input type=\"hidden\" name=\"postId_0\" value=\"MzQwMQcA\" \/><input type=\"hidden\" name=\"postTitle_0\" value=\"DcmxDYAwDATAVbwAC1AjgagRvSEfgjBBcjwOZWagovNicO1149z0KGvyGq1Ef5NCW\/J7gWZOJyig0MAiUJp4W4TNCh3+5Gx\/7iC5DhbQvEMii9GG6DVpQP4A\" \/><input type=\"hidden\" name=\"postLink_0\" value=\"yygpKSi20tcvLy\/Xy8jPSM3LARK6pXnpqWmZOSWpRSV6Kan69gW2hgYm5gA=\" \/><input type=\"hidden\" name=\"postAuthor_0\" value=\"AwA=\" \/><input type=\"hidden\" name=\"postDateTime_0\" value=\"MzIwsNQ1MNY1NFcwNLEyMLYyNgIA\" \/><input type=\"hidden\" name=\"postContent_0\" value=\"pVbbTiNHEH3PV5SIFO1KYBOvsmJZ4wgELAGSB1hA2peox1Mz07inx+ruwYq\/JVJe\/A088TY\/llM9vrHAimwkZObSXVXn1KnT0x8P+j64yuaDL7WjnMdG2cCWmr8TdlYVJVPKnk6UMezos8oTo0LwlNZuWFCqmS6bh3TCPowde890ZUoqVCCv8V7VGf2hhkXmVM50V1k6qQq2Bj9btc050yawC1gnwZDggodF8MpOlAn0u3JDOhqO2G3SJ\/bDopllwWfNQ+GwVMo65DrgOeo9rWqUa7RH8XfsEmVTT28OT6\/fbtI5btjPn9KBStlu3TQPLgQugTLfBO5mVjf\/oJROvzvno98dD37ogx8uB9eo\/EKZjD4pVwK\/VHTsWKOMVWKg8HSmwYsE7Z6q3Id+F7sXkVDNVltL\/gTNCitJKOFi3wqHYZNS5X2kumzuc4Nn\/P3tkUemGinDdK3ZZMKzLumAgQY7LofFpJklGuXFoGAma2aFA2U0au6t5Q799ONOr9f7eAWdOLoqfWhmdvk+tCnGdWL0FEgkEtNZVY4ZnZkS+qNzLK7RibbrWH2jnbRRZUHQjVi3BHzBBVRCEyjIs415tz9uUsnaBmLXQdk6rnxEh6NzATid7\/ayRqEzygU2RpVolI1pLzhnIzK0kcT5AhclCOBJLbA6dAypLEAjMyiFQIpSWesq0N42gJ2zkGO4XdZJCYPYMxmBZ1uEl6eqcNTb3u6R0dyWURJUQkbV6\/KnUcx7wIbjGLnOQlLnDGLoEmCmddz9ueBSrZidgAS01tK+C3rEhvQLI7jbTxx1EVMR9JjtbRQhjP1utzuZTDrFczs6KXd\/He+92+5tDP7D4n5XDb43184vH16fC4v\/T673Oz+\/PhcWx1yLQYfcDkQ9frQSnZjivEkrucJsYY1RtF8Nqq3QwrbvRzaanE5FznEgjQmddmYhpCmaXCoTE3wldJHAsRNDyUTEcvsoGDzRYHpzQQL1OpkZUqNQcxTrZYBb7dLRkyJE0E8ATmrYRDR5gXPARXMvD2JmP25mgcWcPfXedWh\/7LQR6X\/AMOY8ah5sqvOwNJfDryr1WUTRppCROtAhtMOewFi0wWaoPHqSZRBrSS7qQO382bWsa6CXliIhEG9FnfdjMQLEP1N\/0Q2qsLh+7XlW6hWUSzaJD0jaGqU4HMYyOqp065pdBhvAHYBAoRmDVvJIgm7Z1u1PtEWPIQpxzd9sVskhpCuLTbnAXJI+rdsk0WLfi0TAoKm9V4kglNaxDbl4Df6qspw7cc4TdEk6sGTEV0vUrYksPWfxwSCF7C6PS5HP8jx+7jiO55rlhNtSnz+6awtY9Ca9rd9GUNibaopTMMcYJSqSf7QPANiN2jMEIbVdxMfnTNppa1uevi9\/CdBqVJQcAR5K4LnSJdIawc\/QEbUX1ih5ZDpzG0lv77YS\/OMNCsrlHPY2\/sSJYEcbg0evxU9ib14I8q0IeEfrfvTNOrpPwyw8cxHiXw==\" \/> \t\t<a href=\"https:\/\/www.pdf24.org\" target=\"_blank\" title=\"www.pdf24.org\" rel=\"nofollow\"><img src=\"https:\/\/www.hohenlohe-ungefiltert.de\/wp-content\/plugins\/pdf24-post-to-pdf\/img\/pdf_32x32.png\" alt=\"\" border=\"0\" height=\"32\" \/><\/a> \t\t<span class=\"pdf24Plugin-cp-space\">&nbsp;&nbsp;<\/span> \t\t<span class=\"pdf24Plugin-cp-text\">Sende Artikel als PDF<\/span> \t\t<span class=\"pdf24Plugin-cp-space\">&nbsp;&nbsp;<\/span> \t\t<input class=\"pdf24Plugin-cp-input\" style=\"margin: 0px;\" type=\"text\" name=\"sendEmailTo\" placeholder=\"Emailadresse\" \/> \t\t<input class=\"pdf24Plugin-cp-submit\" style=\"margin: 0px;\" type=\"submit\" value=\"Senden\" \/> \t<\/form> <\/div>","protected":false},"excerpt":{"rendered":"<p>Zur geplanten \u00dcbernahme des Haller Tagblatts durch die S\u00fcdwestpresse Ulm hat sich auf Nachfrage von Hohenlohe-ungefiltert auch der Rechtsanwalt Marc Ecker, Gesch\u00e4ftsf\u00fchrer des Deutschen Journalistenverbands (DJV), Landesverband Baden-W\u00fcrttemberg, ge\u00e4u\u00dfert. Von Ralf Garmatter, Freier Journalist aus Kirchberg\/Jagst DJV-Landesgesch\u00e4ftsf\u00fchrer Marc Ecker ist der Ansicht, dass die m\u00f6gliche \u00dcbernahme des Haller Tagblatts durch die S\u00fcdwestpresse die lokale Vielfalt [&hellip;]<\/p>\n","protected":false},"author":3,"featured_media":0,"comment_status":"open","ping_status":"open","sticky":false,"template":"","format":"standard","meta":[],"categories":[],"tags":[],"_links":{"self":[{"href":"https:\/\/www.hohenlohe-ungefiltert.de\/index.php?rest_route=\/wp\/v2\/posts\/1047"}],"collection":[{"href":"https:\/\/www.hohenlohe-ungefiltert.de\/index.php?rest_route=\/wp\/v2\/posts"}],"about":[{"href":"https:\/\/www.hohenlohe-ungefiltert.de\/index.php?rest_route=\/wp\/v2\/types\/post"}],"author":[{"embeddable":true,"href":"https:\/\/www.hohenlohe-ungefiltert.de\/index.php?rest_route=\/wp\/v2\/users\/3"}],"replies":[{"embeddable":true,"href":"https:\/\/www.hohenlohe-ungefiltert.de\/index.php?rest_route=%2Fwp%2Fv2%2Fcomments&post=1047"}],"version-history":[{"count":10,"href":"https:\/\/www.hohenlohe-ungefiltert.de\/index.php?rest_route=\/wp\/v2\/posts\/1047\/revisions"}],"predecessor-version":[{"id":1052,"href":"https:\/\/www.hohenlohe-ungefiltert.de\/index.php?rest_route=\/wp\/v2\/posts\/1047\/revisions\/1052"}],"wp:attachment":[{"href":"https:\/\/www.hohenlohe-ungefiltert.de\/index.php?rest_route=%2Fwp%2Fv2%2Fmedia&parent=1047"}],"wp:term":[{"taxonomy":"category","embeddable":true,"href":"https:\/\/www.hohenlohe-ungefiltert.de\/index.php?rest_route=%2Fwp%2Fv2%2Fcategories&post=1047"},{"taxonomy":"post_tag","embeddable":true,"href":"https:\/\/www.hohenlohe-ungefiltert.de\/index.php?rest_route=%2Fwp%2Fv2%2Ftags&post=1047"}],"curies":[{"name":"wp","href":"https:\/\/api.w.org\/{rel}","templated":true}]}}