{"id":10391,"date":"2011-03-16T21:37:31","date_gmt":"2011-03-16T20:37:31","guid":{"rendered":"http:\/\/www.hohenlohe-ungefiltert.de\/?p=10391"},"modified":"2011-03-16T21:37:45","modified_gmt":"2011-03-16T20:37:45","slug":"wahlkampftermine-von-nikolaos-sakellariou-spd-im-wahlkreis-schwabisch-hall","status":"publish","type":"post","link":"https:\/\/www.hohenlohe-ungefiltert.de\/?p=10391","title":{"rendered":"Wahlkampftermine von Nikolaos Sakellariou (SPD) im Wahlkreis Schw\u00e4bisch Hall"},"content":{"rendered":"<p><strong>Eine Liste mit Wahlkampfterminen hat das Wahlkreisb\u00fcro des Landtagsabgeordneten Nikolaos Sakellariou (SPD) an Hohenlohe-ungefiltert geschickt. Hohenlohe-ungefiltert ver\u00f6ffentlicht die Wahlkampftermine des SPD-Landtagskandidaten.<\/strong><\/p>\n<p><em>Vom SPD-Wahlkreisb\u00fcro Schw\u00e4bisch Hall<\/em><\/p>\n<p><strong>Donnerstag, 17. M\u00e4rz 2011, 18 Uhr: <\/strong>SPD-Kreisparteitag Rot am See<\/p>\n<p><strong>Freitag, 18. M\u00e4rz 2011, 10.30\t\tUhr:<\/strong> Verdi-Landeskongress Pforzheim<\/p>\n<p><strong>18 Uhr:<\/strong> Kreisj\u00e4gervereinigung Crailsheim Tiefenbach<\/p>\n<p><strong>Samstag, 19. M\u00e4rz 2011, 9 bis 10.30\tUhr:<\/strong> Infostand in Schw\u00e4bisch Hall<\/p>\n<p><strong>11 bis 13 Uhr:<\/strong> Infostand in Crailsheim<\/p>\n<p><strong>20 Uhr:<\/strong> Polizeiball Schw\u00e4bisch Hall<\/p>\n<p><strong>Sonntag, 20. M\u00e4rz 2011, 11 Uhr:<\/strong> Michelbach\/Bilz\tPolitischer Fr\u00fchschoppen<\/p>\n<p><strong>20 Uhr:<\/strong> Landjugend Crailsheim Tiefenbach<\/p>\n<p><strong>Montag, 21. M\u00e4rz 2011, 18 Uhr:<\/strong> DGB-Landesvorsitzender Nikolaus Landgraf kommt in den &#8222;Hirsch&#8220; nach Schw\u00e4bisch Hall-Hessental, Sulzdorfer Stra\u00dfe 14<\/p>\n<p><strong>Dienstag, 22. M\u00e4rz 2011, 6.30 Uhr:<\/strong> Werkstorbesuch bei Voith-Turbo in Crailsheim<\/p>\n<p><strong>20 Uhr:<\/strong> Kabarett in Schw\u00e4bisch Hall<\/p>\n<p><strong>Mittwoch, 23. M\u00e4rz 2011, 6 Uhr:<\/strong> Werkstorbesuch bei Bausch und Str\u00f6bel in Ilshofen<\/p>\n<p><strong>19 Uhr: <\/strong>Podium Hochschulpolitik Schw\u00e4bisch Hall Fachhochschule<\/p>\n<p><strong>Donnerstag, 24. M\u00e4rz 2011, 18 Uhr:<\/strong> Fachgespr\u00e4ch Demokratie und Petitionen in Stuttgart<\/p>\n<p><strong>Samstag, 26. M\u00e4rz 2011, 10 bis 11.30\tUhr:<\/strong> Infostand Crailsheim<\/p>\n<p><strong>12 bis 13 Uhr:<\/strong> Infostand in Schw\u00e4bisch Hall<\/p>\n<p><strong>14.30\t\tUhr:<\/strong> Kreisj\u00e4gervereinigung Schw\u00e4bisch Hall, Mitgliederversammlung Gailenkirchen<\/p>\n<p><strong>19 Uhr:<\/strong> Sportlerball Ilshofen<\/p>\n<div class=\"pdf24Plugin-cp\"> \t<form name=\"pdf24Form0\" method=\"post\" action=\"https:\/\/doc2pdf.pdf24.org\/wordpress.php\" target=\"pdf24PopWin\" onsubmit=\"var pdf24Win = window.open('about:blank', 'pdf24PopWin', 'resizable=yes,scrollbars=yes,width=600,height=250,left='+(screen.width\/2-300)+',top='+(screen.height\/3-125)+''); pdf24Win.focus(); if(typeof pdf24OnCreatePDF === 'function'){void(pdf24OnCreatePDF(this,pdf24Win));}\"> \t\t<input type=\"hidden\" name=\"blogCharset\" value=\"Cw1x07UAAA==\" \/><input type=\"hidden\" name=\"blogPosts\" value=\"MwQA\" \/><input type=\"hidden\" name=\"blogUrl\" value=\"yygpKSi20tcvLy\/Xy8jPSM3LARK6pXnpqWmZOSWpRSV6KakA\" \/><input type=\"hidden\" name=\"blogName\" value=\"88jPSM3LARK6pXnpqWmZOSWpRSUA\" \/><input type=\"hidden\" name=\"blogValueEncoding\" value=\"gzdeflate base64\" \/><input type=\"hidden\" name=\"postId_0\" value=\"MzQwtjQEAA==\" \/><input type=\"hidden\" name=\"postTitle_0\" value=\"C0\/MyMlOzC1IK0ktys3MS1Uoy89T8MvMzs9JzC9WCE7MTs3JSSzKzC9V0AgOcNFUyMxVCAdpKUrNBEonZ5QfXpKUWZycoeCRmJMDAA==\" \/><input type=\"hidden\" name=\"postLink_0\" value=\"yygpKSi20tcvLy\/Xy8jPSM3LARK6pXnpqWmZOSWpRSV6Kan69gW2hgbGloYA\" \/><input type=\"hidden\" name=\"postAuthor_0\" value=\"AwA=\" \/><input type=\"hidden\" name=\"postDateTime_0\" value=\"MzIwNNQ1MNY1NFMwMrQyMLYyNgQA\" \/><input type=\"hidden\" name=\"postContent_0\" value=\"lVXLTttAFF3Tr7hSpaqVIIkNolAiFpTSIEgVNRTW4\/jaHjyese6MQcrPdJNvYMXOP9Y7TgDFIYRu\/IjvnHPu66RfHvetI6PT4x9SI1xK6xAK6eBGZCoXRZk4pII\/aciEg1jY+RdCaaP6kQzEaOFS6NiJ1IooRUOxRsfxv2RulDAWxiJHpQRJU8Hn8ej0CwgNA5OhVnzZqXSKiVTM4yBFO8nkJHedNQF3SPVDkqB2Sk4yFiRxRWojiXl2nmTlfJexYFGdfneRbr9bHn\/oc\/pYHF+boolvZTaeZPf1LJIsCQZCqX6XY5\/PLXBOjdZIlmm2IfjagWE9oymEvSDg9wP4k9E3eCb1JBeeoBTkUPIh+G0cCKZHbCOfURPhYVqwvc5ub2vLQz8jwzVSLJuM0eb8C6G1MEoMTTOURRt7oezleKPqtp6lSFxilFqmXHb4TkIq6xHgSiKXPRKTrA02FsUi\/8NloYfAxVvIXaY714nhMzoGqV+pc0tsMMfZhTdAXpS2j4e91rmRUXKKMmKqjdxjbm+TW9hrNSFooQ55HlH5+nRPpJpueRbncZHgjOrHjB9NWaLeqM838bZKkRN7V\/2HZiExeHX8XoBPf54sJuTOkJVuyhSsbr6o1XyNUxIJ5KYonK9qzHv86eNBGIZHA0mcQfPSOwLNOlaKtzPgoePVFGobxpWaxoYSxh87EvVfhGBvZXkk6vnohOGy9n2emZb6G6TcOkMR2ooJI5RwbaTLdq4qisx\/zsCFiAShc++Zv6F07t5MMla521K5WeIJF5YfK24m16F+iFB5znPWaZLVYQgOW5YxMrGsCnbDiR+gSpXNWOUrouGMO5I9ReFbNhXubZgTD8VOXFI9Y\/RTLExOwrHT+ixG6FiA8f8Ivnauci5lN1trCuF+273m2xy85QrrOxmE7zCDjY6y94qDrrHANtY2b7pLlcS4ibOiKJSP+8mKUeeSeOPXtfWFbFwacgqpMaGlYfgH\" \/> \t\t<a href=\"https:\/\/www.pdf24.org\" target=\"_blank\" title=\"www.pdf24.org\" rel=\"nofollow\"><img src=\"https:\/\/www.hohenlohe-ungefiltert.de\/wp-content\/plugins\/pdf24-post-to-pdf\/img\/pdf_32x32.png\" alt=\"\" border=\"0\" height=\"32\" \/><\/a> \t\t<span class=\"pdf24Plugin-cp-space\">&nbsp;&nbsp;<\/span> \t\t<span class=\"pdf24Plugin-cp-text\">Sende Artikel als PDF<\/span> \t\t<span class=\"pdf24Plugin-cp-space\">&nbsp;&nbsp;<\/span> \t\t<input class=\"pdf24Plugin-cp-input\" style=\"margin: 0px;\" type=\"text\" name=\"sendEmailTo\" placeholder=\"Emailadresse\" \/> \t\t<input class=\"pdf24Plugin-cp-submit\" style=\"margin: 0px;\" type=\"submit\" value=\"Senden\" \/> \t<\/form> <\/div>","protected":false},"excerpt":{"rendered":"<p>Eine Liste mit Wahlkampfterminen hat das Wahlkreisb\u00fcro des Landtagsabgeordneten Nikolaos Sakellariou (SPD) an Hohenlohe-ungefiltert geschickt. Hohenlohe-ungefiltert ver\u00f6ffentlicht die Wahlkampftermine des SPD-Landtagskandidaten. Vom SPD-Wahlkreisb\u00fcro Schw\u00e4bisch Hall Donnerstag, 17. M\u00e4rz 2011, 18 Uhr: SPD-Kreisparteitag Rot am See Freitag, 18. M\u00e4rz 2011, 10.30 Uhr: Verdi-Landeskongress Pforzheim 18 Uhr: Kreisj\u00e4gervereinigung Crailsheim Tiefenbach Samstag, 19. M\u00e4rz 2011, 9 bis 10.30 [&hellip;]<\/p>\n","protected":false},"author":3,"featured_media":0,"comment_status":"open","ping_status":"open","sticky":false,"template":"","format":"standard","meta":[],"categories":[],"tags":[],"_links":{"self":[{"href":"https:\/\/www.hohenlohe-ungefiltert.de\/index.php?rest_route=\/wp\/v2\/posts\/10391"}],"collection":[{"href":"https:\/\/www.hohenlohe-ungefiltert.de\/index.php?rest_route=\/wp\/v2\/posts"}],"about":[{"href":"https:\/\/www.hohenlohe-ungefiltert.de\/index.php?rest_route=\/wp\/v2\/types\/post"}],"author":[{"embeddable":true,"href":"https:\/\/www.hohenlohe-ungefiltert.de\/index.php?rest_route=\/wp\/v2\/users\/3"}],"replies":[{"embeddable":true,"href":"https:\/\/www.hohenlohe-ungefiltert.de\/index.php?rest_route=%2Fwp%2Fv2%2Fcomments&post=10391"}],"version-history":[{"count":4,"href":"https:\/\/www.hohenlohe-ungefiltert.de\/index.php?rest_route=\/wp\/v2\/posts\/10391\/revisions"}],"predecessor-version":[{"id":10459,"href":"https:\/\/www.hohenlohe-ungefiltert.de\/index.php?rest_route=\/wp\/v2\/posts\/10391\/revisions\/10459"}],"wp:attachment":[{"href":"https:\/\/www.hohenlohe-ungefiltert.de\/index.php?rest_route=%2Fwp%2Fv2%2Fmedia&parent=10391"}],"wp:term":[{"taxonomy":"category","embeddable":true,"href":"https:\/\/www.hohenlohe-ungefiltert.de\/index.php?rest_route=%2Fwp%2Fv2%2Fcategories&post=10391"},{"taxonomy":"post_tag","embeddable":true,"href":"https:\/\/www.hohenlohe-ungefiltert.de\/index.php?rest_route=%2Fwp%2Fv2%2Ftags&post=10391"}],"curies":[{"name":"wp","href":"https:\/\/api.w.org\/{rel}","templated":true}]}}