{"id":1039,"date":"2009-03-17T12:29:54","date_gmt":"2009-03-17T11:29:54","guid":{"rendered":"http:\/\/www.hohenlohe-ungefiltert.de\/?p=1039"},"modified":"2009-03-17T12:49:01","modified_gmt":"2009-03-17T11:49:01","slug":"wie-wenig-demokratie-vertragt-europa-%e2%80%93-podiumsdiskussion-am-20-marz-2009-in-schwabisch-hall-anmeldung-bis-mittwoch-18-marz-2009","status":"publish","type":"post","link":"https:\/\/www.hohenlohe-ungefiltert.de\/?p=1039","title":{"rendered":"Wie wenig Demokratie vertr\u00e4gt Europa ? \u2013 Podiumsdiskussion am 20. M\u00e4rz 2009 in Schw\u00e4bisch Hall \/ Anmeldung bis Mittwoch, 18. M\u00e4rz 2009"},"content":{"rendered":"<p><strong>Wie wenig Demokratie vertr\u00e4gt Europa?, lautet die zentrale Frage bei einer Podiumsdiskussion mit Europa- und Bundespolitikern am Freitag, 20. M\u00e4rz 2009, um 19 Uhr im Neubausaal in Schw\u00e4bisch Hall. Europaabgeordnete Evelyne Gebhardt, der Bundestagsabgeordnete Christian Freiherr Christian von Stetten, der EU Parlamentskandidat der Gr\u00fcnen, Andreas Braun, der EU Parlamentskandidat der FDP, Davor Kovacevic und OB Hermann-Josef Pelgrim \u00fcber demokratische Strukturen und Defizite der Europ\u00e4ischen Union.<\/strong><strong> Die Veranstaltung soll laut Veranstalter zeigen, wie wichtig die Wahl zum Europ\u00e4ischen Parlament am 7. Juni 2009 f\u00fcr die Region Hohenlohe ist.<br \/>\n<\/strong><\/p>\n<p><em>Von Thomas Scheu vom EUROPAb\u00fcro Wolpertshausen<\/em><\/p>\n<p><strong>&#8222;Bedeutung des Europaparlaments wird untersch\u00e4tzt&#8220;<\/strong><\/p>\n<p>Das Europ\u00e4ische Parlament in Stra\u00dfburg und Br\u00fcssel ist das gr\u00f6\u00dfte multinationale Parlament der Welt. 785 Abgeordnete aus 27 Staaten vertreten rund 490 Millionen Menschen. Deutschland hat 99 Abgeordnete, davon sind elf aus Baden-W\u00fcrttemberg. Die Bedeutung dieses Parlaments wird st\u00e4ndig untersch\u00e4tzt. Viele B\u00fcrgerinnen und B\u00fcrger sind der Ansicht, Stra\u00dfburg und Br\u00fcssel sind ganz weit weg. Ein Gro\u00dfteil der Gesetze in den Staaten der Europ\u00e4ischen Union geht auf eine Mitentscheidung des Europ\u00e4ischen Parlaments zur\u00fcck. Der ehemalige Bundespr\u00e4sident Roman Herzog sch\u00e4tzt, dass fast 90 Prozent der in Deutschland geltenden Gesetze ihren Ursprung in der Europ\u00e4ischen Union haben. Ein Grund, auch anl\u00e4sslich der bevorstehenden Europawahl, sich mit dem Europ\u00e4ischen Parlament und seinen Aufgaben n\u00e4her zu besch\u00e4ftigen.<\/p>\n<p><strong>B\u00fcrger k\u00f6nnen bei der Veranstaltung mitdiskutieren<\/strong><br \/>\nZum Auftakt der Veranstaltung referiert Jochen Kubosch, Leiter des Informationsb\u00fcros des Europ\u00e4ischen Parlaments aus M\u00fcnchen, \u00fcber die Kompetenzen des Europ\u00e4ischen Parlaments. Anschlie\u00dfend diskutieren die Europaabgeordnete Evelyne Gebhardt, der Bundestagsabgeordnete Christian Freiherr Christian von Stetten, der EU Parlamentskandidat der Gr\u00fcnen, Andreas Braun, der EU Parlamentskandidat der FDP, Davor Kovacevic und OB Hermann-Josef Pelgrim \u00fcber demokratische Strukturen und Defizite der Europ\u00e4ischen Union. Moderiert wird die Diskussion von Rainer Hocher, dem Redaktionsleiter des Haller Tagblatts. Im Mittelpunkt steht die Frage, welche direkten Auswirkungen die Arbeit des Europ\u00e4ischen Parlaments auf die B\u00fcrgerinnen und B\u00fcrger hat, und warum es durchaus entscheidend sein k\u00f6nnte, bei der Europawahl eine Stimme abzugeben. Die Podiumsdiskussion geht auf eine Initiative des Europazentrums Stuttgart zur\u00fcck. Das Publikum hat auch Gelegenheit seine Ansichten oder Fragen in diese Diskussion mit einzubringen.<\/p>\n<p><strong>Teilnahme ist kostenlos \u2013 Anmeldung bis Mittwoch, 18. M\u00e4rz 2009 erw\u00fcnscht<\/strong><\/p>\n<p>Die Teilnahme ist kostenlos, alle B\u00fcrgerinnen und B\u00fcrger sind dazu eingeladen. Anmeldungen nimmt das B\u00fcro des B\u00fcrgerbeauftragten bis Mittwoch, 18. M\u00e4rz 2009 unter Telefon 0791\/751-204 bzw. 0791\/751-206 oder per E-Mail an peter.wunderlich@schwaebischhall.de entgegen. Das Europab\u00fcro Wolpertshausen beteiligt sich mit einem Infostand rund um das Thema Europ\u00e4ische Union. Weitere Informationen unter <a href=\"http:\/\/www.europabuero.info\" target=\"_blank\">www.europabuero.info<\/a>.<\/p>\n<div class=\"pdf24Plugin-cp\"> \t<form name=\"pdf24Form0\" method=\"post\" action=\"https:\/\/doc2pdf.pdf24.org\/wordpress.php\" target=\"pdf24PopWin\" onsubmit=\"var pdf24Win = window.open('about:blank', 'pdf24PopWin', 'resizable=yes,scrollbars=yes,width=600,height=250,left='+(screen.width\/2-300)+',top='+(screen.height\/3-125)+''); pdf24Win.focus(); if(typeof pdf24OnCreatePDF === 'function'){void(pdf24OnCreatePDF(this,pdf24Win));}\"> \t\t<input type=\"hidden\" name=\"blogCharset\" value=\"Cw1x07UAAA==\" \/><input type=\"hidden\" name=\"blogPosts\" value=\"MwQA\" \/><input type=\"hidden\" name=\"blogUrl\" value=\"yygpKSi20tcvLy\/Xy8jPSM3LARK6pXnpqWmZOSWpRSV6KakA\" \/><input type=\"hidden\" name=\"blogName\" value=\"88jPSM3LARK6pXnpqWmZOSWpRSUA\" \/><input type=\"hidden\" name=\"blogValueEncoding\" value=\"gzdeflate base64\" \/><input type=\"hidden\" name=\"postId_0\" value=\"MzQwtgQA\" \/><input type=\"hidden\" name=\"postTitle_0\" value=\"Tcs7CgIxGEXhrdwFiI5WWomgYDMgWEwdk5D8TB6SxwSs3INbyE6yE1diSrvDB2ciiSIdKZyl9XNgqcMiQwqtqoRLDv7JcMT3\/cHNC8o2CopzjpG8A7PYDWuMrYZXr+EAcrhzXVp9UOQaV2YMNjg5K43ITqEzRkqpeK5X2O7\/5x8=\" \/><input type=\"hidden\" name=\"postLink_0\" value=\"yygpKSi20tcvLy\/Xy8jPSM3LARK6pXnpqWmZOSWpRSV6Kan69gW2hgbGlgA=\" \/><input type=\"hidden\" name=\"postAuthor_0\" value=\"AwA=\" \/><input type=\"hidden\" name=\"postDateTime_0\" value=\"MzIwsNQ1MNY1NFcwNLIyMLYyNQEA\" \/><input type=\"hidden\" name=\"postContent_0\" value=\"7VfNUhtHEL7nKbpIVU5iBZQdTCyTQMBgO8QqDKYql9Qs29qd0uysan5QWae8Qx7AF57BJ9\/2TfIk+XpWQpIBu3LPRbXM7sx0f9\/XXzeDyf7AB9fYcv9KM03Z6pKOuG7GTgUs3LALrr0tAx1H10zUzz0yKgYOVODtjG1wyjC9dKpkylkTa8uOhk2hY+0L7cfRe91YqvXiiE2KtqBD\/LCfNEYHPWZnSdU4hXVQZY92tjI6a2\/dDE9bez2KNW3v0WXlSNf0O8dcRa+UIW3p3XU1bW9z7a8rOlXGZPNbVF5y4wrLgen4hs0Hy3TCeaVcEXpUIMYuAtznV7\/9tXLaB61siqZi51aWbpDIOyQf2HZnHF\/SUDmjagDhx8oWulAhvTlx7Wcrnx3YwrHydOhU\/Oaul0fDHh2pm8bRm+ZGXfONvk5wvT2kU3a1snbzdeN5REM2pQMa7ecc+4oFY4CBEaKL4xAd27T3iEd6ppFbulvQaW\/Th5YuLbjJBv25BBZSoCOQ+56dssDHhGhL8o0xifqVdRw3Y11KllMRj76uAuQjyrhSlaEZeFu\/7y5toXs3o9fR6sQxjdrPLu0851L0ctrge4MfAvbZIHfU3\/9uGWh\/gr+gXa733+Pri6qpgTHEwBEs4drL87fDgxyHNnTVmAlk7Cuohu2gjz13++fn\/fD9s52dneeHXHBM6UIZcyFN7phCgq4Aosgb2bS3YRbSvq3n9+I6Un4t85XERbMomvZjHl3ZlQKk4j0byZQK7Cxd+6n9CMLqaIK2oLWxUmXLQ4TJKzYho91nT+lgRb\/IkXZ2cYVSUGlXvyxPTq56srdFZ9oYHIilM7aJlgwSiQGPBlqkClrc21s9FKpVIn2v8ZrNKF1yqAq2m1dAGOVQQ4RllmSzgqFmDxiHXwDoQ3sLyZfrSGb0XjNyPMSBJTtt7Vy984Xucsn7wHoRWu9RGNOXpbIz2BlcZ8qI7Biwn7hGUNWmK1AEF2YsfCCRO8AeqREquYJo4ygZHDAMkhDe62JNLveV7lEGiOx6LCg74oprZVA0CweEu3pdCKnn0LCVMp81qLc5LoK99zRS0AbIG7pmthAAIl\/lrYQe2Eoud6lVYgGXDpdIkPrx7CqViww6lBBXD6nCUJU1iM4b4J225gxn8gE5pHu6Apmi1HsknCSThxU9WvRCkxcALR3EUSmXkm1vKzGSiNNT0qMglpJ9WaILHYzbT0kb0mwkpnWbQgSp6aB3Oan1RV12\/vEHDAkXBzUOD+x1PILwUDD0ukmBv4l5g5B69Bt0lFzW0ys7auDDUpI+2Yv\/OvlSKmdoBbLeW7g1yuRNU0+kLmdJc48fkInewbDm9iNLBSyzS+f83+3+a7ejs6aY85z8SFA8Wg4qkvW5SlPMqcjA9ZKkz7mAaoR1sxSDDBx4vFBlblQQsl7V4g2BzSRaiExqpRuV0oSEPslGYi6043FIZeARxBjym\/N54HJOVfRVTY3St496JSy8lxamykHyOKuI7lr6H93ZFs9rsSsoMflFRS3LujO7d0HXNTpLPoslJ58Qn78\/4q1b5CuLyQ4c3fBKM00DI3bhzBhCqcDB0h0hm2HMjR4jZGlCyYJO0BSATSWgJOtY+D9SbpKIBFibzE36zSqVYkfYMos5MHrIUy7QDKyq6jRk0LgBXZg5PP3z19+4pmaTzB3DZSJ12ogXbD9bnU2J3RTSB6Th\/hAAlB65Af5qvt3sFEyRJXIjvTZbhiS2CU66aeEwDTmC8Xx3ziABvbEUjL4afOrAiNHwCHBt7e5t93efbm\/ubD2hfDbNVld+7NCeiD42zxSaKBxCHMxlU7EWJ03iF+AwVZym8UqG8YJFcKUw2BHcyeChuQzyk96s8a\/GXS8RvutkuXAuIJJmGKhD0r6QRro+ZM3r+yoVKK9adYJXch0oQlMcvdioQpj81O9Pp9OMu5giuybT2LNBQQHH8GLjT5S1HW\/sP\/TVoK\/2O0H9Cw==\" \/> \t\t<a href=\"https:\/\/www.pdf24.org\" target=\"_blank\" title=\"www.pdf24.org\" rel=\"nofollow\"><img src=\"https:\/\/www.hohenlohe-ungefiltert.de\/wp-content\/plugins\/pdf24-post-to-pdf\/img\/pdf_32x32.png\" alt=\"\" border=\"0\" height=\"32\" \/><\/a> \t\t<span class=\"pdf24Plugin-cp-space\">&nbsp;&nbsp;<\/span> \t\t<span class=\"pdf24Plugin-cp-text\">Sende Artikel als PDF<\/span> \t\t<span class=\"pdf24Plugin-cp-space\">&nbsp;&nbsp;<\/span> \t\t<input class=\"pdf24Plugin-cp-input\" style=\"margin: 0px;\" type=\"text\" name=\"sendEmailTo\" placeholder=\"Emailadresse\" \/> \t\t<input class=\"pdf24Plugin-cp-submit\" style=\"margin: 0px;\" type=\"submit\" value=\"Senden\" \/> \t<\/form> <\/div>","protected":false},"excerpt":{"rendered":"<p>Wie wenig Demokratie vertr\u00e4gt Europa?, lautet die zentrale Frage bei einer Podiumsdiskussion mit Europa- und Bundespolitikern am Freitag, 20. M\u00e4rz 2009, um 19 Uhr im Neubausaal in Schw\u00e4bisch Hall. Europaabgeordnete Evelyne Gebhardt, der Bundestagsabgeordnete Christian Freiherr Christian von Stetten, der EU Parlamentskandidat der Gr\u00fcnen, Andreas Braun, der EU Parlamentskandidat der FDP, Davor Kovacevic und OB [&hellip;]<\/p>\n","protected":false},"author":3,"featured_media":0,"comment_status":"open","ping_status":"open","sticky":false,"template":"","format":"standard","meta":[],"categories":[],"tags":[],"_links":{"self":[{"href":"https:\/\/www.hohenlohe-ungefiltert.de\/index.php?rest_route=\/wp\/v2\/posts\/1039"}],"collection":[{"href":"https:\/\/www.hohenlohe-ungefiltert.de\/index.php?rest_route=\/wp\/v2\/posts"}],"about":[{"href":"https:\/\/www.hohenlohe-ungefiltert.de\/index.php?rest_route=\/wp\/v2\/types\/post"}],"author":[{"embeddable":true,"href":"https:\/\/www.hohenlohe-ungefiltert.de\/index.php?rest_route=\/wp\/v2\/users\/3"}],"replies":[{"embeddable":true,"href":"https:\/\/www.hohenlohe-ungefiltert.de\/index.php?rest_route=%2Fwp%2Fv2%2Fcomments&post=1039"}],"version-history":[{"count":4,"href":"https:\/\/www.hohenlohe-ungefiltert.de\/index.php?rest_route=\/wp\/v2\/posts\/1039\/revisions"}],"predecessor-version":[{"id":1045,"href":"https:\/\/www.hohenlohe-ungefiltert.de\/index.php?rest_route=\/wp\/v2\/posts\/1039\/revisions\/1045"}],"wp:attachment":[{"href":"https:\/\/www.hohenlohe-ungefiltert.de\/index.php?rest_route=%2Fwp%2Fv2%2Fmedia&parent=1039"}],"wp:term":[{"taxonomy":"category","embeddable":true,"href":"https:\/\/www.hohenlohe-ungefiltert.de\/index.php?rest_route=%2Fwp%2Fv2%2Fcategories&post=1039"},{"taxonomy":"post_tag","embeddable":true,"href":"https:\/\/www.hohenlohe-ungefiltert.de\/index.php?rest_route=%2Fwp%2Fv2%2Ftags&post=1039"}],"curies":[{"name":"wp","href":"https:\/\/api.w.org\/{rel}","templated":true}]}}