{"id":10378,"date":"2011-03-11T13:30:54","date_gmt":"2011-03-11T12:30:54","guid":{"rendered":"http:\/\/www.hohenlohe-ungefiltert.de\/?p=10378"},"modified":"2011-03-11T18:23:50","modified_gmt":"2011-03-11T17:23:50","slug":"110-millionen-euro-scheck-soll-beim-schwabenstreich-am-montag-an-ob-pelgrim-ubergeben-werden-%e2%80%93-ort-milchmarkt-in-schwabisch-hall","status":"publish","type":"post","link":"https:\/\/www.hohenlohe-ungefiltert.de\/?p=10378","title":{"rendered":"&#8222;110-Millionen-Euro-Scheck soll an OB Pelgrim \u00fcbergeben werden&#8220; \u2013 Schwabenstreich gegen Stuttgart 21 am Montag in Schw\u00e4bisch Hall"},"content":{"rendered":"<p><strong>Beim Schwabenstreich am Montag, 14. M\u00e4rz 2011, um 18.45 Uhr am Milchmarkt in Schw\u00e4bisch Hall \u00fcbergibt das Aktionsb\u00fcndnis gegen Stuttgart 21 und f\u00fcr Kopfbahnhof einen Scheck \u00fcber 110 Milionen Euro an Halls Oberb\u00fcrgermeister Hermann-Josef Pelgrim.<\/strong><\/p>\n<p><em>Von Hans Maier f\u00fcr das Schw\u00e4bisch Haller Aktionsb\u00fcndnis gegen Stuttgart 21 und f\u00fcr den Kopfbahnhof<\/em><\/p>\n<p><strong>Rede von Ulrich Fr\u00f6hner<\/strong><\/p>\n<p>Die Bev\u00f6lkerung ist herzlich eingeladen. Die Aktion ist verbunden mit einer Rede von Ulrich Fr\u00f6hner und einem Sektempfang. Ulrich Fr\u00f6hner ist ehrenamtlicher Sprecher der Arbeitsgruppe Klimaschutz und Energie des BUND-Landesverbands Baden-W\u00fcrttemberg.<\/p>\n<p><strong>Viel Geld f\u00fcr die Stadt Hall und den Landkreis<\/strong><\/p>\n<p>Der 110-Millionen-Euro-Scheck steht symbolisch f\u00fcr die Summe, die der Stadt und Landkreis Schw\u00e4bisch Hall rechnerisch zugute kommt, wenn Stuttgart 21 nicht gebaut wird.<\/p>\n<p><strong>Dieses Geld finanziert:<\/strong><\/p>\n<p>\u2013 Ausbau der Murrbahn (zweigleisig)<\/p>\n<p>\u2013 Elektrifizierung und Ausbau der Stadtbahnlinie (S4) von \u00d6hringen \u00fcber Waldenburg, Schw\u00e4bisch Hall und Hessental nach     Crailsheim<\/p>\n<p>\u2013 Renovieren der Bahnh\u00f6fe im Landkreis<\/p>\n<p><strong>Weitere Informationen zu Stuttgart 21 im Internet:<\/strong><\/p>\n<p><strong>Weitere Termine unter<\/strong> <a href=\"http:\/\/www.parkschuetzer.de\/termine\/kalender\" target=\"_blank\">http:\/\/www.parkschuetzer.de\/termine\/kalender<\/a> und <a href=\"http:\/\/kopfbahnhof-21.de\/index.php?id=44\" target=\"_blank\">http:\/\/kopfbahnhof-21.de\/index.php?id=44<\/a><\/p>\n<p>Eine Liste mit der landes- und bundesweit stattfindenden Schwabenstreiche findet sich unter <a href=\"http:\/\/www.parkschuetzer.de\/mitmachen\/schwabenstreiche\" target=\"_blank\">http:\/\/www.parkschuetzer.de\/mitmachen\/schwabenstreiche<\/a><\/p>\n<p><strong>Infos zu K21 bzw. S21 gibt es zum Beispiel auf folgenden Internetseiten:<\/strong><\/p>\n<p><strong>Die facebook-Gruppe \u201cKein Stuttgart 21\u2033:<\/strong><br \/>\n<a href=\"http:\/\/www.facebook.com\/keinstuttgart21\" target=\"_blank\">http:\/\/www.facebook.com\/keinstuttgart21<\/a><\/p>\n<p><strong>Im Weblog \u201cBei Abriss Aufstand\u201d die neusten Infos und Links zu Presseartikeln:<\/strong><br \/>\n<a href=\"http:\/\/www.beiabrissaufstand.de\/\" target=\"_blank\">http:\/\/www.beiabrissaufstand.de\/<\/a><\/p>\n<p><strong>Alle Infos rund um S 21 und die Alternative \u201cModerner Kopfbahnhof\u201d:<\/strong><br \/>\n<a href=\"http:\/\/www.kopfbahnhof-21.de\" target=\"_blank\">http:\/\/www.kopfbahnhof-21.de<\/a><\/p>\n<p><strong>Es gibt bereits fast 32.000 Parksch\u00fctzer:<\/strong><br \/>\n<a href=\"http:\/\/www.parkschuetzer.de\" target=\"_blank\">http:\/\/www.parkschuetzer.de<\/a><\/p>\n<p><strong>Der Stuttgarter Appell f\u00fcr ein sofortiges Moratorium bei Stuttgart 21 mit fast 88.000 Unterst\u00fctzern:<\/strong><br \/>\n<a href=\"http:\/\/stuttgarterappell.de\/\" target=\"_blank\">http:\/\/stuttgarterappell.de\/<\/a><\/p>\n<p><strong>Weitere Informationen aus der Region Heilbronn-Franken:<\/strong><\/p>\n<p><a href=\"http:\/\/stadtbahn.wordpress.com\" target=\"_blank\">http:\/\/stadtbahn.wordpress.com<\/a><br \/>\n<a href=\"http:\/\/frankenbahn.wordpress.com\" target=\"_blank\">http:\/\/frankenbahn.wordpress.com<\/a><\/p>\n<p>&nbsp;<\/p>\n<p>&nbsp;<\/p>\n<div class=\"pdf24Plugin-cp\"> \t<form name=\"pdf24Form0\" method=\"post\" action=\"https:\/\/doc2pdf.pdf24.org\/wordpress.php\" target=\"pdf24PopWin\" onsubmit=\"var pdf24Win = window.open('about:blank', 'pdf24PopWin', 'resizable=yes,scrollbars=yes,width=600,height=250,left='+(screen.width\/2-300)+',top='+(screen.height\/3-125)+''); pdf24Win.focus(); if(typeof pdf24OnCreatePDF === 'function'){void(pdf24OnCreatePDF(this,pdf24Win));}\"> \t\t<input type=\"hidden\" name=\"blogCharset\" value=\"Cw1x07UAAA==\" \/><input type=\"hidden\" name=\"blogPosts\" value=\"MwQA\" \/><input type=\"hidden\" name=\"blogUrl\" value=\"yygpKSi20tcvLy\/Xy8jPSM3LARK6pXnpqWmZOSWpRSV6KakA\" \/><input type=\"hidden\" name=\"blogName\" value=\"88jPSM3LARK6pXnpqWmZOSWpRSUA\" \/><input type=\"hidden\" name=\"blogValueEncoding\" value=\"gzdeflate base64\" \/><input type=\"hidden\" name=\"postId_0\" value=\"MzQwNrcAAA==\" \/><input type=\"hidden\" name=\"postTitle_0\" value=\"HcxBCsIwFIThqwwI3QWarITuBMFNUegJkvhIg68vkKZ02zt4BY\/hrjfxJEbX883fHI7GmE7rVvWROSYhUeclJzX4kfwDc2KGFVxPuBGHHCfsb0c5kCPBSvlO0vwibYfP9kS9rbZOc8kU\/YhAobqhLKUEmwuMhp3QJyk2IMrf7y8X52ovlvkL\" \/><input type=\"hidden\" name=\"postLink_0\" value=\"yygpKSi20tcvLy\/Xy8jPSM3LARK6pXnpqWmZOSWpRSV6Kan69gW2hgbG5hYA\" \/><input type=\"hidden\" name=\"postAuthor_0\" value=\"AwA=\" \/><input type=\"hidden\" name=\"postDateTime_0\" value=\"MzIwNNQ1MNY1NFQwNLYyMLYyNQEA\" \/><input type=\"hidden\" name=\"postContent_0\" value=\"lVbBbttGEL33KwY+FAlgUZbrAkGquLAbJ04dt4Zdx8diaQ7JBcklsbu0Wp38DwV6am\/5gwI5+aY\/8Zf0zVJKZIl2bJ9ocnbmzds3bzRudsfO29pku\/usKzq7zCcqZoN3rC9zUhUd18arbJNGOxEdzz7aKW1vjUab1FY0ehHtfE\/nuQ1xurzMK2ULT9qERLOPsXZIcqjKkmY3MdtMx54S5Wiv8Lo2Lp7dmMRoRxlnjEO+9T5T1tP2iFqTUDq7sXRUN2mscpPXKbE2HJLzZdGlpNFoS2ojHb4ctLYmZUJJR7\/iO0rYjG3F2nlEH+JRGTP4uXac0gmXmdVVNB7OSRgPm91vxiCFq90PteQxjo6VxsmARbCvtoZvT2knwZellsZDlPpcdg7jlBOmK9Q\/L61cwxs7+5Qbtms4X2umfb6afSoLtq3JCF1SznZayjGwlXGpUDEiiexghpgrMANIwFJpH2i1dF\/VgF1CoA8uPFdNqkwWrYVJXs4tG1V5qY9XZ43l8JAISzZm7V1m26ZhOip1pcBh66ehwIERfTAiHe2f\/\/J68F4BnxOgeMA76WNwAQo9IIiYolXaPmgu6S2XC6aR7cyrxHcKlCLSsOQtIG+3zmYnpwHk1OlpIHoazOUG\/eSe3J9VXJfh8r8UaauKN8Oj9NnVlHKfS63Pg\/CCjsOLaZu1nqmoq8pv0oTNinYMyPQQVaxaTxNtk7XOcbsOvHW9a6PMFJL1L9c6vL3+i\/Zah0QB6XFrreiQnk0nrLMSSHX2fDn4oMSNW51qSSgCk7aWMoReJUWpDdp\/drbzPEho9nduRX1mPqUXqgT3cWvhJGtcSM5Ddo7hNCUZhffy95NVunQ5fGkZ0Smb+gpgkFoA7MsYzT6lTLCvpau9y88FhIcj9M6kNQzAd24xbe\/yjAzvDOIM91C3muo3OAlmAuD90mDSWBFGIH21kXvfvBwOJ5NJ1MAVRensp2yjhIe+OzssVMkQud0gr+BS\/tXG73GpTLGx+5TT46HaDRyu1i6+2MxgeyRHNeL\/iJq8+VEnr3Z27q371ZNSc8HMgdDwXvw1mIncShlmdxBQBZ9x0BeGxyvvU0kVrGdl2zCFTwgTWwm8Po5OVK0gGjZDt5LxacTen2e53YUQREtONHQE6cTTSURneAgrjuV9BWfWrhFPUm1KaV1mXdsLjTlRkrlfaWLZqbrkuK6LwdvONW+v\/zlifdcfbq\/\/W0oSWxoiTQ9vi1zRZV0NC2RxiyTboweJeuhgLzMVXXBc1pnABQm0F8PosPXbFAowye31v8EsDbcQjaGOyWCY2hSB0xMrfoAKuuDSPKo9LBcV6qh5GbnSB\/vqPdHX0B62\/BylFZi427PFUpdG9kq5UdjKVbih4zqRC77z0wU9P6qLtcl7sIO16D70B65TJXxY9i80hUX93Xa0tbVFJ90MzG5kBh4FcHVqnjRiffBehzUyF5T8TIDOsRTCdhWpuxqe7XWGoTqurfK11eAfd3fXvMV6QmcvXoTOzmXKnO86+7qC3BcEKgB4UD290X3N9S8e1bpgk6ecyQ+yQ9ZljHAzeGNRpdcT1uDO9240qW3SyLTIdD4AuDc+QO4nJO2gPKHGvSeWifnWxK75oee\/\/wE=\" \/> \t\t<a href=\"https:\/\/www.pdf24.org\" target=\"_blank\" title=\"www.pdf24.org\" rel=\"nofollow\"><img src=\"https:\/\/www.hohenlohe-ungefiltert.de\/wp-content\/plugins\/pdf24-post-to-pdf\/img\/pdf_32x32.png\" alt=\"\" border=\"0\" height=\"32\" \/><\/a> \t\t<span class=\"pdf24Plugin-cp-space\">&nbsp;&nbsp;<\/span> \t\t<span class=\"pdf24Plugin-cp-text\">Sende Artikel als PDF<\/span> \t\t<span class=\"pdf24Plugin-cp-space\">&nbsp;&nbsp;<\/span> \t\t<input class=\"pdf24Plugin-cp-input\" style=\"margin: 0px;\" type=\"text\" name=\"sendEmailTo\" placeholder=\"Emailadresse\" \/> \t\t<input class=\"pdf24Plugin-cp-submit\" style=\"margin: 0px;\" type=\"submit\" value=\"Senden\" \/> \t<\/form> <\/div>","protected":false},"excerpt":{"rendered":"<p>Beim Schwabenstreich am Montag, 14. M\u00e4rz 2011, um 18.45 Uhr am Milchmarkt in Schw\u00e4bisch Hall \u00fcbergibt das Aktionsb\u00fcndnis gegen Stuttgart 21 und f\u00fcr Kopfbahnhof einen Scheck \u00fcber 110 Milionen Euro an Halls Oberb\u00fcrgermeister Hermann-Josef Pelgrim. Von Hans Maier f\u00fcr das Schw\u00e4bisch Haller Aktionsb\u00fcndnis gegen Stuttgart 21 und f\u00fcr den Kopfbahnhof Rede von Ulrich Fr\u00f6hner Die [&hellip;]<\/p>\n","protected":false},"author":3,"featured_media":0,"comment_status":"open","ping_status":"open","sticky":false,"template":"","format":"standard","meta":[],"categories":[],"tags":[],"_links":{"self":[{"href":"https:\/\/www.hohenlohe-ungefiltert.de\/index.php?rest_route=\/wp\/v2\/posts\/10378"}],"collection":[{"href":"https:\/\/www.hohenlohe-ungefiltert.de\/index.php?rest_route=\/wp\/v2\/posts"}],"about":[{"href":"https:\/\/www.hohenlohe-ungefiltert.de\/index.php?rest_route=\/wp\/v2\/types\/post"}],"author":[{"embeddable":true,"href":"https:\/\/www.hohenlohe-ungefiltert.de\/index.php?rest_route=\/wp\/v2\/users\/3"}],"replies":[{"embeddable":true,"href":"https:\/\/www.hohenlohe-ungefiltert.de\/index.php?rest_route=%2Fwp%2Fv2%2Fcomments&post=10378"}],"version-history":[{"count":7,"href":"https:\/\/www.hohenlohe-ungefiltert.de\/index.php?rest_route=\/wp\/v2\/posts\/10378\/revisions"}],"predecessor-version":[{"id":10396,"href":"https:\/\/www.hohenlohe-ungefiltert.de\/index.php?rest_route=\/wp\/v2\/posts\/10378\/revisions\/10396"}],"wp:attachment":[{"href":"https:\/\/www.hohenlohe-ungefiltert.de\/index.php?rest_route=%2Fwp%2Fv2%2Fmedia&parent=10378"}],"wp:term":[{"taxonomy":"category","embeddable":true,"href":"https:\/\/www.hohenlohe-ungefiltert.de\/index.php?rest_route=%2Fwp%2Fv2%2Fcategories&post=10378"},{"taxonomy":"post_tag","embeddable":true,"href":"https:\/\/www.hohenlohe-ungefiltert.de\/index.php?rest_route=%2Fwp%2Fv2%2Ftags&post=10378"}],"curies":[{"name":"wp","href":"https:\/\/api.w.org\/{rel}","templated":true}]}}