{"id":10339,"date":"2011-03-10T14:54:47","date_gmt":"2011-03-10T13:54:47","guid":{"rendered":"http:\/\/www.hohenlohe-ungefiltert.de\/?p=10339"},"modified":"2011-03-10T14:54:47","modified_gmt":"2011-03-10T13:54:47","slug":"handlungsmoglichkeiten-bei-leiharbeit-%e2%80%93-regionale-betriebs-und-personalratekonferenz-in-ilshofen","status":"publish","type":"post","link":"https:\/\/www.hohenlohe-ungefiltert.de\/?p=10339","title":{"rendered":"&#8222;Handlungsm\u00f6glichkeiten bei Leiharbeit&#8220; \u2013 Regionale Betriebs- und Personalr\u00e4tekonferenz in Ilshofen"},"content":{"rendered":"<p><strong>Eine regionale Betriebs- und Personalr\u00e4tekonferenz nach \u00a7 37,6 BetrVG und \u00a7 47,5 LPersVG zum Thema &#8222;Handlungsm\u00f6glichkeiten bei Leiharbeit&#8220; findet am Dienstag, 15. M\u00e4rz 2011, von 9 bis 16 Uhr, im Flair Park-Hotel Ilshofen statt (Parkstra\u00dfe 2, Internet:<\/strong> <a href=\"http:\/\/www.parkhotel-ilshofen.de\" target=\"_blank\">www.parkhotel-ilshofen.de<\/a><strong>).<\/strong><\/p>\n<p><em>Von der DGB-Region Nordw\u00fcrttemberg  und IG Metall Schw\u00e4bisch Hall<\/em><\/p>\n<p><strong>Noch Anmeldungen m\u00f6glich<\/strong><\/p>\n<p>Anmeldungen sind noch m\u00f6glich bei der IG Metall Schw\u00e4bisch Hall und der DGB-Region Nordw\u00fcrttemberg, B\u00fcro Heilbronn.<\/p>\n<p><strong>Liebe Kolleginnen und Kollegen,<\/strong><\/p>\n<p>das Thema Leiharbeit hat sich verst\u00e4rkt in den letzten Monaten zu einem Hauptproblem in vielen Betrieben entwickelt. Immer mehr versuchen die Unternehmer, nicht nur Produktionsspitzen, sondern allgemein Schwankungen der Auftragsabwicklung mit dem Einsatz von Leiharbeit zu bew\u00e4ltigen. Dadurch entstehen f\u00fcr Betriebsr\u00e4te und Belegschaften vielf\u00e4ltige Anforderungen und der Druck auf die Einkommen und Arbeitsbedingungen nimmt zu. Mit unserer regionalen Konferenz wollen wir f\u00fcr dieses Thema sensibilisieren, M\u00f6glichkeiten der Begrenzung und Gestaltung von Leiharbeit aufzeigen sowie Hilfen anbieten.<\/p>\n<p><strong>Ablauf der Konferenz:<\/strong><\/p>\n<p>ab 8:30 Uhr Ankommen \/ Kaffee<\/p>\n<p>9 Uhr  <strong>Arbeit \u2013 sicher und fair! Einf\u00fchrung in das Thema<\/strong><\/p>\n<p>Heidi Scharf \u2013 IG Metall Schw\u00e4bisch Hall<\/p>\n<p>9:30 Uhr Berichte aus der Praxis<\/p>\n<p>Betriebs- und Personalr\u00e4te<\/p>\n<p>u.a. ver.di-Betriebsr\u00e4tin von Schlecker (angefragt)<\/p>\n<p>11 Uhr Tarifliche M\u00f6glichkeiten zur Regelung der Leiharbeit<\/p>\n<p>Michael Fai\u00dft \u2013 IG Metall Vorstand<\/p>\n<p>Burkhard Siebert \u2013 NGG Heilbronn<\/p>\n<p>12:30 Uhr \u2013 13:30 Uhr Mittagspause<\/p>\n<p>13:30 Uhr Nationales und EU-Recht zu Leiharbeit und Equal Pay<\/p>\n<p>Verena zu Dohna-Jaeger \u2013 IG Metall Vorstand<\/p>\n<p>14:30 Uhr  Handlungsanleitungen f\u00fcr Betriebs- und Personalr\u00e4te bei Leiharbeit (Betriebsvereinbarungen, Besserregelungen)<\/p>\n<p>Gerhard Wick &#8211; IG Metall Baden-W\u00fcrttemberg<\/p>\n<p>Rolf Klotz \u2013 stellvertretender Betriebsratsvorsitzender Audi Neckarsulm<\/p>\n<p>15:30 Uhr Zusammenfassung \/ Ausblick<\/p>\n<p><strong>Freistellung:<\/strong><\/p>\n<p>Die Schulung findet nach \u00a7 37,6 BetrVG und \u00a7 47,5 LPersVG sowie nach und Kosten: analogen Regelungen f\u00fcr die MAV statt. Die Teilnehmer\/-innen sind unter Fortzahlung des Arbeitsentgeltes von der Arbeit freizustellen. Der Arbeitgeber tr\u00e4gt die Kosten f\u00fcr Fahrt, Verpflegung und die Seminargeb\u00fchren. Die Kosten betragen pro Teilnehmer\/-in 135 Euro. Die Abrechung erfolgt \u00fcber das DGB-Bildungswerk Baden-W\u00fcrttemberg e.V.<\/p>\n<p>Die Konferenz findet in Kooperation mit dem DGB Bildungswerk Baden-W\u00fcrttemberg e.V. statt.<\/p>\n<p>Mit kollegialen Gr\u00fc\u00dfen<\/p>\n<p>gez. Silvia Wagner \/ gez. Alfons Kuhnh\u00e4user<\/p>\n<p>DGB Region Nordw\u00fcrttemberg  IG Metall Schw\u00e4bisch Hall<\/p>\n<p><strong>Weitere Informationen, Anmeldung und Kontakt:<\/strong><\/p>\n<p><a href=\"http:\/\/www.schwaebisch-hall.igm.de\/\" target=\"_blank\">http:\/\/www.schwaebisch-hall.igm.de\/<\/a><\/p>\n<p><a href=\"http:\/\/www.nordwuerttemberg.dgb.de\/\" target=\"_blank\">http:\/\/www.nordwuerttemberg.dgb.de\/<\/a><\/p>\n<p>&nbsp;<\/p>\n<p>&nbsp;<\/p>\n<div class=\"pdf24Plugin-cp\"> \t<form name=\"pdf24Form0\" method=\"post\" action=\"https:\/\/doc2pdf.pdf24.org\/wordpress.php\" target=\"pdf24PopWin\" onsubmit=\"var pdf24Win = window.open('about:blank', 'pdf24PopWin', 'resizable=yes,scrollbars=yes,width=600,height=250,left='+(screen.width\/2-300)+',top='+(screen.height\/3-125)+''); pdf24Win.focus(); if(typeof pdf24OnCreatePDF === 'function'){void(pdf24OnCreatePDF(this,pdf24Win));}\"> \t\t<input type=\"hidden\" name=\"blogCharset\" value=\"Cw1x07UAAA==\" \/><input type=\"hidden\" name=\"blogPosts\" value=\"MwQA\" \/><input type=\"hidden\" name=\"blogUrl\" value=\"yygpKSi20tcvLy\/Xy8jPSM3LARK6pXnpqWmZOSWpRSV6KakA\" \/><input type=\"hidden\" name=\"blogName\" value=\"88jPSM3LARK6pXnpqWmZOSWpRSUA\" \/><input type=\"hidden\" name=\"blogValueEncoding\" value=\"gzdeflate base64\" \/><input type=\"hidden\" name=\"postId_0\" value=\"MzQwNrYEAA==\" \/><input type=\"hidden\" name=\"postTitle_0\" value=\"U1O2MDIysvZIzEvJKc1LL849vC09JzM5Izs1syQ1TyEpNVPBJzUzI7EIyCpRAyk2sFZ41DBZISg1PTM\/LzEnVcEptaQoMzWpWFehNC9FISC1qBgkXnR4SUlqdn5eWmpRal6VQmaegmdOcUZ+WmoeAA==\" \/><input type=\"hidden\" name=\"postLink_0\" value=\"yygpKSi20tcvLy\/Xy8jPSM3LARK6pXnpqWmZOSWpRSV6Kan69gW2hgbGxpYA\" \/><input type=\"hidden\" name=\"postAuthor_0\" value=\"AwA=\" \/><input type=\"hidden\" name=\"postDateTime_0\" value=\"MzIwNNQ1MNY1NFAwNLEyMLYyMQcA\" \/><input type=\"hidden\" name=\"postContent_0\" value=\"jVZLbhtHEN3nFBUFMGyAHJqy5Y9ECxBhi1JkCYY\/EpBN0KOpmWmwp4fp7hETrnKHHMAbAblBVl6FN8lJ8rrnQ1qULK\/ImemuelX16lWNZvsj60yps\/03UjMZzmSphWIaszOSY9unSif0jo31783y2vG01Ckb1gvS4jKnf\/+mJ897z8KN80k4jldPn\/d26K2\/h3eLqqCPOReCHvz0Ynt7e+9I6ERVOrPF8p9Myct8ytKxppglvWWZC4N\/Lhx+vEep1Ak7EgW9lqytE1mPhjsRnS6vzYK2Hw+HPboqNb2kWFoaPqNPuemRLOhQCWnonTDT\/lHpWNGxsnmZwhGMOEcP\/SfEL5afmbZ7dKwdG81udzRoskIjQbnh9NVW7txsdzCYz+fRDLdyb68vG3tRwlvkhMnYvdr6NVZCT7f27zw6Gogu7Y+iztdoMNv\/YYSKcLF\/jnASNvR6Mu6\/D0Whs9Ik8+UX4xwXMZuMQqqPJ3TKTihFHy7z+fIaGUBNjvBiNICdzmbj46zE1wNdsEqQfiSiLcAGivVDFgUg7a+2x0OlPMC7\/Qd498TQozGeSjpiqWK419FNwG9BQqaTUilY0BpgvNn6mXVvA3YibEO1FY8oFw4xANcV+OjAmqkj6ROsSbFbeOadgt7+d1ERoxMKhFDN3MyUscIDDl9JVvje9AX+sXZzeTll5SI6LgoEWnBugovqMseBRDJ9qhmV43OPNCA40hUoacqkmjqkxNqZdAtEQmgwZEsTUpdxARAho2BSXQOfyYMqBVkzK2Lv2TcQFQgvAUK0rxVuEfpgLXKEEzPKopyEkYhei6QySATAW8ceZYoCdN0e+jtkeIxoM5RSpD4rPvi0sQL6pCgjmxpXV2VTXU5JVGmIG3CmJZJSfz8IYGzMidRZfU3LovDw0MWAWWkLRTEr\/dEocasyc19sTXO0cgAL+5bbKlsIgoylklb60z2IwleK4qGNOfOGfLo8mgmj+5XzjzeyBfQLloHx5RxRHEnlxULoWDKMbZDzAJ3uA4aPDu7uBiVFTC92nzz2qoTcNWkZ0IlIU+b20MvwmTrLNaD\/\/vwrEBcOPPIUcvajzy3ykPv8Bxa3jN9wjK5KpGeRMGkw9S2xaGC0QMdsPFsZObEhwHdG\/C5te+4b46E9UkUi8t0QJbK\/zi\/fS2Ugt2K0j6GHAoxIwWv3qL07HAYQH4WRqS8m3yzrAk0ETeHQAx7eqoqtjVOcFtD8QyGXn92N+M9LCAGGUBdPBZ0WJqEPvrlNffxsMlkpUwdtu02RPzJ80j6BxhhMdoZ8dSlYfT0Tria2DQl78wmK6MUA\/bnGv\/Dpt0oozKw\/WiPnnlbCn3xd5lr0fxaI29wTz\/Bp65m6WSu0gpO6\/b7q+luKeGMS08P2LAoKaYpF3f3Qb7ZoXdOUgnVXwgmbkNALKFUY+8Ph3hrgsYD69i\/WZkF78X2pUjpRJcQs0B\/DU8GrM74F63ZuyCScvULcQT9reQTdz0AqAQlWRZeLnTYXv1RW+O5LhbWeOANcsTFoNb3Z2YeIMnjGsc2Oxhri+VsF9jXbyffuQrWyhNP1JIMbvQuNEar0lXnfpbJTOzo9OK83lshvQPQRnKxnyqBfz8QwoCs\/a+iwNG4h8qYxbKu9EHzYdXhx1awWjcSkiHRRhVjDgOi+ZL4RyIEOmQsoaqg1qkORG9cjcHOWYlC00uqPfeBCar8KxV6kgs3V5Zj9AMMfTNYbcaCXduhNZcr6wkFs0CHeMJu0VMCw\/OIBebnzG8VYhu3EztlMb2ETcXQerddrNU+agkk\/Y8oZm9Ca3SCFbfoe201BVmrjaFpvKWF8TczyC7bKTjYyXkQQF3UlBV2ITCOSAYWXByrFGkAnVa7z5TXUw3SwAeXO5e9+LW+5fOEl0zC2W8ztIkTrO7db8BoeaiembpPrty3A1i8mHDz2c3iMZFZgrx1s7sDfcSlsw99wpn3oFXehR0kW3+vsrkvrzh7o2M72bnn6Hw==\" \/> \t\t<a href=\"https:\/\/www.pdf24.org\" target=\"_blank\" title=\"www.pdf24.org\" rel=\"nofollow\"><img src=\"https:\/\/www.hohenlohe-ungefiltert.de\/wp-content\/plugins\/pdf24-post-to-pdf\/img\/pdf_32x32.png\" alt=\"\" border=\"0\" height=\"32\" \/><\/a> \t\t<span class=\"pdf24Plugin-cp-space\">&nbsp;&nbsp;<\/span> \t\t<span class=\"pdf24Plugin-cp-text\">Sende Artikel als PDF<\/span> \t\t<span class=\"pdf24Plugin-cp-space\">&nbsp;&nbsp;<\/span> \t\t<input class=\"pdf24Plugin-cp-input\" style=\"margin: 0px;\" type=\"text\" name=\"sendEmailTo\" placeholder=\"Emailadresse\" \/> \t\t<input class=\"pdf24Plugin-cp-submit\" style=\"margin: 0px;\" type=\"submit\" value=\"Senden\" \/> \t<\/form> <\/div>","protected":false},"excerpt":{"rendered":"<p>Eine regionale Betriebs- und Personalr\u00e4tekonferenz nach \u00a7 37,6 BetrVG und \u00a7 47,5 LPersVG zum Thema &#8222;Handlungsm\u00f6glichkeiten bei Leiharbeit&#8220; findet am Dienstag, 15. M\u00e4rz 2011, von 9 bis 16 Uhr, im Flair Park-Hotel Ilshofen statt (Parkstra\u00dfe 2, Internet: www.parkhotel-ilshofen.de). Von der DGB-Region Nordw\u00fcrttemberg und IG Metall Schw\u00e4bisch Hall Noch Anmeldungen m\u00f6glich Anmeldungen sind noch m\u00f6glich bei [&hellip;]<\/p>\n","protected":false},"author":3,"featured_media":0,"comment_status":"open","ping_status":"open","sticky":false,"template":"","format":"standard","meta":[],"categories":[],"tags":[],"_links":{"self":[{"href":"https:\/\/www.hohenlohe-ungefiltert.de\/index.php?rest_route=\/wp\/v2\/posts\/10339"}],"collection":[{"href":"https:\/\/www.hohenlohe-ungefiltert.de\/index.php?rest_route=\/wp\/v2\/posts"}],"about":[{"href":"https:\/\/www.hohenlohe-ungefiltert.de\/index.php?rest_route=\/wp\/v2\/types\/post"}],"author":[{"embeddable":true,"href":"https:\/\/www.hohenlohe-ungefiltert.de\/index.php?rest_route=\/wp\/v2\/users\/3"}],"replies":[{"embeddable":true,"href":"https:\/\/www.hohenlohe-ungefiltert.de\/index.php?rest_route=%2Fwp%2Fv2%2Fcomments&post=10339"}],"version-history":[{"count":3,"href":"https:\/\/www.hohenlohe-ungefiltert.de\/index.php?rest_route=\/wp\/v2\/posts\/10339\/revisions"}],"predecessor-version":[{"id":10363,"href":"https:\/\/www.hohenlohe-ungefiltert.de\/index.php?rest_route=\/wp\/v2\/posts\/10339\/revisions\/10363"}],"wp:attachment":[{"href":"https:\/\/www.hohenlohe-ungefiltert.de\/index.php?rest_route=%2Fwp%2Fv2%2Fmedia&parent=10339"}],"wp:term":[{"taxonomy":"category","embeddable":true,"href":"https:\/\/www.hohenlohe-ungefiltert.de\/index.php?rest_route=%2Fwp%2Fv2%2Fcategories&post=10339"},{"taxonomy":"post_tag","embeddable":true,"href":"https:\/\/www.hohenlohe-ungefiltert.de\/index.php?rest_route=%2Fwp%2Fv2%2Ftags&post=10339"}],"curies":[{"name":"wp","href":"https:\/\/api.w.org\/{rel}","templated":true}]}}