{"id":1030,"date":"2009-03-17T11:25:56","date_gmt":"2009-03-17T10:25:56","guid":{"rendered":"http:\/\/www.hohenlohe-ungefiltert.de\/?p=1030"},"modified":"2009-03-18T12:04:46","modified_gmt":"2009-03-18T11:04:46","slug":"bundnis-90die-grunen-nominieren-in-croffelbach-ihre-kreistagskandidaten","status":"publish","type":"post","link":"https:\/\/www.hohenlohe-ungefiltert.de\/?p=1030","title":{"rendered":"B\u00fcndnis 90\/Die Gr\u00fcnen nominieren in Cr\u00f6ffelbach ihre Kreistagskandidaten"},"content":{"rendered":"<p><strong>B\u00fcndnis90\/DIE GR\u00dcNEN im Landkreis Schw\u00e4bisch Hall stellen <\/strong><strong>am Samstag, 21. M\u00e4rz 2009, um 18 Uhr im Gasthaus Ochsen in Wolpertshausen-Cr\u00f6ffelbach <\/strong><strong>die Kandidaten ihrer Liste f\u00fcr die Kreistagswahl auf. Die Veranstaltung ist \u00f6ffentlich.<br \/>\n<\/strong><\/p>\n<p><em>Von Harald Ebner, Kreisvorsitzender von B\u00fcndnis 90\/DIE GR\u00dcNEN Schw\u00e4bisch Hall und Kandidat der Partei im Wahlkreis Schw\u00e4bisch Hall-Hohenlohe f\u00fcr die Bundestagswahl 2009 <\/em><\/p>\n<p><strong>Die Tagesordnung sieht folgende Punkte vor:<\/strong><br \/>\n1. Begr\u00fc\u00dfung<br \/>\n2. Protokoll der letzten Kreismitgliederversammlung (KMV)<br \/>\n3. Wahl der Versammlungsleitung<br \/>\n4. Weitere Formalien:<br \/>\na.) Wahl einer Person zur Fertigung der Niederschrift<br \/>\nb.) Wahl der zwei wahlberechtigten Personen\/Vertrauensleuten, die die Niederschrift unter-<br \/>\nzeichnen<br \/>\nc.) Beschluss \u00fcber das Wahlverfahren<br \/>\nd.) Wahl der Personen f\u00fcr die Stimmausz\u00e4hlung<br \/>\n5. Vorstellung der Bewerberinnen und Bewerber f\u00fcr die Liste (Wahlvorschlag)<br \/>\n6. Aufstellung des Wahlvorschlags durch geheime Wahl.<br \/>\nDie BewerberInnen werden getrennt nach den jeweiligen Kreistags-Wahlkreisen gew\u00e4hlt:<br \/>\nSchw\u00e4bisch Hall (1), Rosengarten (2), Gaildorf (3), Frankenhardt (4), Crailsheim (5), Ilshofen<br \/>\n(6) und Schrozberg (7).<br \/>\n7. Termine<br \/>\n8. Sonstiges<\/p>\n<p><strong>Weitere Termine zum Vormerken:<\/strong><br \/>\n<strong>Freitag, 20. M\u00e4rz, 19 Uhr:<\/strong> Podiumsdiskussion zur Europawahl, Neubausaal in Schw\u00e4bisch Hall mit Andreas Braun<br \/>\n<strong>Dienstag, 24. M\u00e4rz, 20 Uhr:<\/strong> Info-Veranstaltung zum Thema Mobilfunk mit Prof. Dr. Wilfried K\u00fchling, Dorfgemeinschaftshaus in Rosengarten-Uttenhofen.<br \/>\n<strong>Freitag, 3. April, voraussichtlich 14.30 Uhr:<\/strong> Die <strong>Europaabgeordnete Heide R\u00fchle<\/strong> kommt nach Kirchberg\/Jagst zum <strong>Kommunalgespr\u00e4ch<\/strong> und zur Feier von 25 Jahre Unabh\u00e4ngige gr\u00fcne Liste Kirchberg (UGL). Zun\u00e4chst findet im Kirchberger Rathaus ein kommunalpolitisches Gespr\u00e4ch mit B\u00fcrgermeister Stefan Ohr und gr\u00fcnen Mandatstr\u00e4gerInnen statt. Danach sind verschiedene Stationen wie Wasserversorgung als Beispiel kommunaler Daseinsf\u00fcrsorge (Enth\u00e4rtung, Eigenwasser), Energiekonzept am Beispiel Schulzentrum-Festhalle-Baugebiet Kreuzstein, Soziale Einrichtungen und ihre Bedeutung f\u00fcr die Kommune Kirchberg vorgesehen. <strong>Um 19 Uhr<\/strong> findet im Kirchberger Landhotel der Festakt <strong>25 Jahre UGL<\/strong> statt.<\/p>\n<p><strong>Samstag, 25. April, 16 Uhr:<\/strong> Wahlkampfauftakt mit dem Bundestagsabgeordneten Fritz Kuhn im Rittersaal des Kirchberger Schlosses.<\/p>\n<div class=\"pdf24Plugin-cp\"> \t<form name=\"pdf24Form0\" method=\"post\" action=\"https:\/\/doc2pdf.pdf24.org\/wordpress.php\" target=\"pdf24PopWin\" onsubmit=\"var pdf24Win = window.open('about:blank', 'pdf24PopWin', 'resizable=yes,scrollbars=yes,width=600,height=250,left='+(screen.width\/2-300)+',top='+(screen.height\/3-125)+''); pdf24Win.focus(); if(typeof pdf24OnCreatePDF === 'function'){void(pdf24OnCreatePDF(this,pdf24Win));}\"> \t\t<input type=\"hidden\" name=\"blogCharset\" value=\"Cw1x07UAAA==\" \/><input type=\"hidden\" name=\"blogPosts\" value=\"MwQA\" \/><input type=\"hidden\" name=\"blogUrl\" value=\"yygpKSi20tcvLy\/Xy8jPSM3LARK6pXnpqWmZOSWpRSV6KakA\" \/><input type=\"hidden\" name=\"blogName\" value=\"88jPSM3LARK6pXnpqWmZOSWpRSUA\" \/><input type=\"hidden\" name=\"blogValueEncoding\" value=\"gzdeflate base64\" \/><input type=\"hidden\" name=\"postId_0\" value=\"MzQwNgAA\" \/><input type=\"hidden\" name=\"postTitle_0\" value=\"DcixDYAwDATAVbwBtLSARMEUhjjkBTySk9mo6LIY6U431o+ByDL03QyTxVsYhc8NwrwRlMnrG6Ndm+5JkNxkdUMueuRTGRC0GH8=\" \/><input type=\"hidden\" name=\"postLink_0\" value=\"yygpKSi20tcvLy\/Xy8jPSM3LARK6pXnpqWmZOSWpRSV6Kan69gW2hgbGBgA=\" \/><input type=\"hidden\" name=\"postAuthor_0\" value=\"AwA=\" \/><input type=\"hidden\" name=\"postDateTime_0\" value=\"MzIwsNQ1MNY1NFcwNLQyMLYyNQMA\" \/><input type=\"hidden\" name=\"postContent_0\" value=\"dVbbbts4EH3fr5hHB7CVS5O2KYIAdeOkaS4NkiYF9o22KIlrijRIKgb8LQvsS75hn\/KmH9szlGS5TvfBF1GcmTMzZw55sjg98cFZk5+O61eTGuWP93bPLid0cV\/\/fTu5JVXStTDp3Enl6WFWLOuXqfKzgr4KrckHqbU0dLLbeum8iZIeROmDyId0sJ\/QTf3iVnSwt3c8pKqk\/Y\/0WDh2fiF8KETl6fus8PCkDP20eiFd8LwszeiLq\/\/NMqmnAlHfBEqVpCsAVKkIbF446ehaARhl9auj+J7BA4pfikKTqLKEzrD8JJ0wWNehMjlhB8VAJmg1K5KTqaPd0z\/6gLsLPKFesjx9sgb5O6FTmkyNdMMmxLN1XoWVNCkwPGNPV1PaKuqbOlYmXWdBbH0nXJCKC\/QTmH9f\/dFXW0ij8dWnOoYn2efKBUfNAHkNv02HC\/BD5NJblxrO3ytZBMqszhk\/3VVmjhoipU99CZqSoJ1jmbv6tf4Hhu3iQUJ3zgY7t0iHM9AyrLgjsTKlCrlWEuvP0nlRlppDDq5unnZa+3dJzDSaPvV7vJYq9FEOsQsL0kk6t64U8Gk+te9EstO4kMpwBeEELVhVjs7BJpVzRPZ+G3GgiE5lobWddra8YbVE5bl8U8SZFTDlPBp\/0uwCXXCikgbYKrwZxsLz5xfP6ClwjtoAKwlOwbp9nCHeWGKnrryn+hWRKBU+YkCFMgEad3vTTWwdir7jD0GVJSZlVb8Uuq\/UUUJPoCPPZ5f4WC6lQyRl2AFTrlvpvTWTM4g4LKeiRd616H1Cn6tsw2WLt9vnKa0cuJnLQqpSxpfdGDHdumiXMT7+p\/jJZUCqJpDh8eaVv7BNaZV33GEyj9ZTEE2WnGvoGv9mmgb7O0O6t9ib8xgZGhxg4UIonVqX0eAdns4x+3NpCuHSQINDrHxx2OAZOg2O8HyJB5ut2zB4vxNrhmjOrpAG+Pthp8vvQ0I\/pCvBvHbhY0IPFuqCPPz27HUUbi3A0ZKbVUo3ZzpvjVtndY70Gz3da\/V0SPvHrKO9Cd3ZVFWlT5Wfg1mqHYBJ5exCMKWHdCurKegihGatfVM7TCp9NqmTYOMYNDdbKNBI08r64RrGwd4WjEuT2dGv+spJ\/ihkKejGTpXOoC8xGFSD9dhhsrHqMEJ0Vb8WWhnEOEO\/clliogFQZM2ZwLg3ujt6DPiOrUr+r2RQl88Lp5A+2Cq4MphrlnnaP0zebaNnsnYumtKJaS5ZKCWG46tU0Md7xih7m7kty5bEVwpTwATZ\/Qbqhph55+4K2yojILJ+4eqXWdF7YHI1aqXa4+PgiL6xEtCjEdOifjE52ESsvKab1HUsGjxeXO8k9Gdl2C3CZgo6HvgIWW+C33vRHLcoacTMYBZWq8AUwERfdMBic3CAsVXJYwjjhyAzYeg7jm5G2yAxdIOTSwTkUb\/k3Xij7yGgryKWxAMLPUdtZI00LFsiqKhkS8VS4X1zNlgXhVpo0A9RF0rqNU4gOBOeycB6xVshVRMTUBrHHBvShGVjGZ1hgic4B3Il59as5CIQ7iRrl+B9pXFSB1eVo3PJdxBcZEZjUeVyqlA2SE+1QtIK+v5gVwrR4d04Jg5CtQLK1w04TXEQMOr+xhERb7bnmdF6KKNJ1mR4LNsB7knw+6bxDaywEN6o4wxXzMPaTU+Ti+veU9OAbenpL2VH65HYf7\/F\/yi2olxkuCrFSEyFVJYbt4uNgTDQUtx66KoqDAO\/V5hHFwWGj4jNPFB1bdEc3+D6Dw==\" \/> \t\t<a href=\"https:\/\/www.pdf24.org\" target=\"_blank\" title=\"www.pdf24.org\" rel=\"nofollow\"><img src=\"https:\/\/www.hohenlohe-ungefiltert.de\/wp-content\/plugins\/pdf24-post-to-pdf\/img\/pdf_32x32.png\" alt=\"\" border=\"0\" height=\"32\" \/><\/a> \t\t<span class=\"pdf24Plugin-cp-space\">&nbsp;&nbsp;<\/span> \t\t<span class=\"pdf24Plugin-cp-text\">Sende Artikel als PDF<\/span> \t\t<span class=\"pdf24Plugin-cp-space\">&nbsp;&nbsp;<\/span> \t\t<input class=\"pdf24Plugin-cp-input\" style=\"margin: 0px;\" type=\"text\" name=\"sendEmailTo\" placeholder=\"Emailadresse\" \/> \t\t<input class=\"pdf24Plugin-cp-submit\" style=\"margin: 0px;\" type=\"submit\" value=\"Senden\" \/> \t<\/form> <\/div>","protected":false},"excerpt":{"rendered":"<p>B\u00fcndnis90\/DIE GR\u00dcNEN im Landkreis Schw\u00e4bisch Hall stellen am Samstag, 21. M\u00e4rz 2009, um 18 Uhr im Gasthaus Ochsen in Wolpertshausen-Cr\u00f6ffelbach die Kandidaten ihrer Liste f\u00fcr die Kreistagswahl auf. Die Veranstaltung ist \u00f6ffentlich. Von Harald Ebner, Kreisvorsitzender von B\u00fcndnis 90\/DIE GR\u00dcNEN Schw\u00e4bisch Hall und Kandidat der Partei im Wahlkreis Schw\u00e4bisch Hall-Hohenlohe f\u00fcr die Bundestagswahl 2009 Die [&hellip;]<\/p>\n","protected":false},"author":3,"featured_media":0,"comment_status":"open","ping_status":"open","sticky":false,"template":"","format":"standard","meta":[],"categories":[],"tags":[],"_links":{"self":[{"href":"https:\/\/www.hohenlohe-ungefiltert.de\/index.php?rest_route=\/wp\/v2\/posts\/1030"}],"collection":[{"href":"https:\/\/www.hohenlohe-ungefiltert.de\/index.php?rest_route=\/wp\/v2\/posts"}],"about":[{"href":"https:\/\/www.hohenlohe-ungefiltert.de\/index.php?rest_route=\/wp\/v2\/types\/post"}],"author":[{"embeddable":true,"href":"https:\/\/www.hohenlohe-ungefiltert.de\/index.php?rest_route=\/wp\/v2\/users\/3"}],"replies":[{"embeddable":true,"href":"https:\/\/www.hohenlohe-ungefiltert.de\/index.php?rest_route=%2Fwp%2Fv2%2Fcomments&post=1030"}],"version-history":[{"count":5,"href":"https:\/\/www.hohenlohe-ungefiltert.de\/index.php?rest_route=\/wp\/v2\/posts\/1030\/revisions"}],"predecessor-version":[{"id":1032,"href":"https:\/\/www.hohenlohe-ungefiltert.de\/index.php?rest_route=\/wp\/v2\/posts\/1030\/revisions\/1032"}],"wp:attachment":[{"href":"https:\/\/www.hohenlohe-ungefiltert.de\/index.php?rest_route=%2Fwp%2Fv2%2Fmedia&parent=1030"}],"wp:term":[{"taxonomy":"category","embeddable":true,"href":"https:\/\/www.hohenlohe-ungefiltert.de\/index.php?rest_route=%2Fwp%2Fv2%2Fcategories&post=1030"},{"taxonomy":"post_tag","embeddable":true,"href":"https:\/\/www.hohenlohe-ungefiltert.de\/index.php?rest_route=%2Fwp%2Fv2%2Ftags&post=1030"}],"curies":[{"name":"wp","href":"https:\/\/api.w.org\/{rel}","templated":true}]}}