{"id":10266,"date":"2011-03-06T13:36:26","date_gmt":"2011-03-06T12:36:26","guid":{"rendered":"http:\/\/www.hohenlohe-ungefiltert.de\/?p=10266"},"modified":"2011-03-06T13:37:27","modified_gmt":"2011-03-06T12:37:27","slug":"gruner-wirtschaften-%e2%80%93-jetzt-%e2%80%93-fritz-kuhn-grune-spricht-bei-bei-feuchters-in-schrozberg-bovenzenweiler","status":"publish","type":"post","link":"https:\/\/www.hohenlohe-ungefiltert.de\/?p=10266","title":{"rendered":"&#8222;Gr\u00fcner wirtschaften \u2013 JETZT!&#8220; \u2013 Fritz Kuhn (Gr\u00fcne) spricht bei bei Feuchters in Schrozberg-Bovenzenweiler"},"content":{"rendered":"<p><strong>Der Bundestagsabgeordnete Fritz Kuhn (B\u00fcndnis90\/Die Gr\u00fcnen), stellvertretender Fraktionsvorsitzender der Bundestagsfraktion, kommt am Freitag, 11. M\u00e4rz 2011, um 19.30 Uhr zu \u201eFeuchter\u2019s\u201c nach Schrozberg-Bovenzenweiler. Kuhn berichtet \u00fcber &#8222;\u00d6kologische Modernisierung \u2013 Gr\u00fcne Konzepte f\u00fcr Wirtschaft und Finanzen.<\/strong><\/p>\n<p><em>Vom Gr\u00fcnen-Kreisb\u00fcro Schw\u00e4bisch Hall<\/em><\/p>\n<p><strong>Wirtschaftskraft erhalten und dennoch \u00f6kologisch vertr\u00e4glich und nachhaltig produzieren<\/strong><\/p>\n<p>\u00d6kologische Modernisierung des Wirtschaftsstandortes Baden-W\u00fcrttemberg, die \u00d6kologisierung der Marktwirtschaft und nachhaltiges Wirtschaften, das sind die Themen, die den Poltiker Fritz Kuhn seit Jahren umtreiben. Er ist zusammen mit Dr. Gerhard Schick einer der V\u00e4ter des &#8222;Green New Deal&#8220;, dem gr\u00fcnen Weg aus Finanz-, Wirtschafts-, Klima-, und Sozialkrise. Gerade auch in unserer Region, die eine der besten wirtschaftlichen Entwicklungen bundesweit aufweist und mit zahlreichen High-Tech-Firmen aufwarten kann, stellt sich die Frage: Wie k\u00f6nnen wir auch in Zukunft diese W? Das hier vorhandene Know-How ist Gold wert f\u00fcr den \u00f6kologischen Umbau, den unsere Wirtschaft braucht, um auch in Zukunft wettbewerbsf\u00e4hig zu sein.<\/p>\n<p><strong>Kurzinfo:<\/strong><\/p>\n<p><strong>Ort:<\/strong> \u201eFeuchter\u2019s \u2013 Essen Kultur\u201c, Bovenzenweiler 6, 74575 Schrozberg<\/p>\n<p><strong>Zeit:<\/strong> Freitag, 11. M\u00e4rz 2011, 19.30 Uhr<\/p>\n<div class=\"pdf24Plugin-cp\"> \t<form name=\"pdf24Form0\" method=\"post\" action=\"https:\/\/doc2pdf.pdf24.org\/wordpress.php\" target=\"pdf24PopWin\" onsubmit=\"var pdf24Win = window.open('about:blank', 'pdf24PopWin', 'resizable=yes,scrollbars=yes,width=600,height=250,left='+(screen.width\/2-300)+',top='+(screen.height\/3-125)+''); pdf24Win.focus(); if(typeof pdf24OnCreatePDF === 'function'){void(pdf24OnCreatePDF(this,pdf24Win));}\"> \t\t<input type=\"hidden\" name=\"blogCharset\" value=\"Cw1x07UAAA==\" \/><input type=\"hidden\" name=\"blogPosts\" value=\"MwQA\" \/><input type=\"hidden\" name=\"blogUrl\" value=\"yygpKSi20tcvLy\/Xy8jPSM3LARK6pXnpqWmZOSWpRSV6KakA\" \/><input type=\"hidden\" name=\"blogName\" value=\"88jPSM3LARK6pXnpqWmZOSWpRSUA\" \/><input type=\"hidden\" name=\"blogValueEncoding\" value=\"gzdeflate base64\" \/><input type=\"hidden\" name=\"postId_0\" value=\"MzQwMjMDAA==\" \/><input type=\"hidden\" name=\"postTitle_0\" value=\"U1O2MDIysnYvOrwnL7VIoTyzqKQ4OSMxrSQ1T+FRw2QFL9eQqBBFNZAqA2uwiFtRZkmVgndpRp6CBkSbpkJxQVFmckaJQlJqJhi7pZYCualFxQqZeQrByRlF+VVJqUXpuk75Zal5Val55amZOalFAA==\" \/><input type=\"hidden\" name=\"postLink_0\" value=\"yygpKSi20tcvLy\/Xy8jPSM3LARK6pXnpqWmZOSWpRSV6Kan69gW2hgZGZmYA\" \/><input type=\"hidden\" name=\"postAuthor_0\" value=\"AwA=\" \/><input type=\"hidden\" name=\"postDateTime_0\" value=\"MzIwNNQ1MNY1MFMwNLYyMLYyMgMA\" \/><input type=\"hidden\" name=\"postContent_0\" value=\"fVTNahRBEL77FAWCKMwm2WjU6BIhbH5wiYpJDHjr2amdaWamO1T3ZGBPeQdBEIKnfQZPuc2b5En8unfd7Eb0NNPVXX\/f91UNLvcGzos1+d6QhfYbk7HzKncqzdlKZtgzHYr2Uxo1haGn+92tyYx2u1ubQ810JDizeZaQ81xVVyxe4IIoAjdVem2Nu7LiEGFuzdbSTBZvEiptXXtSNdxY4yqhfn+DTrqZTGl7q99PqKmpv7vxfIvOC6FpQ3fXPw+5GRee5e76h7u7viGjxgWdjgux05Ql7+3bKzZI3LKuWDbmPeBGBy9P3S3+6cnj19vb22+776WtbK7duGA6sagTbWqWxuRI9W3RKo0sAl4ClUl3K3ShxcNBTTyhJzrURoV8G4PNBaqDzcu9RwOgzPXeF1v\/Aaw3QpcuRQgb6m27WRoS07GqqsEm3i79FnHuE7lSQjqWQlVAOubN2BgL9+7XsgeKXHSzvEKz8VEAJ\/jonC7FZs0UzbH5q9L\/4QDWVlp2oNBkVjys+wo19C7QkPdcB\/ATyiCQZbRlBKETJaVv15G7L24tBUMZmXLkdOgS8c4KrqMR\/8hInyx8yqi2pUgdBETvVSEBnRqC1CkooQMh7TyU41SNGFTj1RCiOApQShZ40OOSWJuFTL90Mx9\/3R+NHAnD8QO3NGRVRePWWxTDNeVzYumCc1KNW0ihl6zihdOo0rXCN\/R8aqdaVaVox7EKQAhXsKUDqw7sCH3mPI5H6DdUFgtLMTxIdQ9h4BiGAwNYx2UFoHFK45S1AQzVTPB1c6hD31NVVMAleh3rvOid8bjoHWoJwITXSkKGUhmzGG0PDlBaqAODnfMbNMZUdr+MmZeyLP1rUzYGtOKpY7p4R0MQWIB\/wiIooBgOY2Rs2zu2baTkyFYZtdDrfKgCrytKxum8TlWTxIs5MKuDl0rI7OOCeFhDy96njNCpm3SzAtLH4oA+woSuD9iokak2E\/vm79FdnD+Kv798uH3iijhwDhWOmso3MN4ktL5\/6GVCr17svNpZWVEPk3wFXStZ\/rkMl5swBvgN\" \/> \t\t<a href=\"https:\/\/www.pdf24.org\" target=\"_blank\" title=\"www.pdf24.org\" rel=\"nofollow\"><img src=\"https:\/\/www.hohenlohe-ungefiltert.de\/wp-content\/plugins\/pdf24-post-to-pdf\/img\/pdf_32x32.png\" alt=\"\" border=\"0\" height=\"32\" \/><\/a> \t\t<span class=\"pdf24Plugin-cp-space\">&nbsp;&nbsp;<\/span> \t\t<span class=\"pdf24Plugin-cp-text\">Sende Artikel als PDF<\/span> \t\t<span class=\"pdf24Plugin-cp-space\">&nbsp;&nbsp;<\/span> \t\t<input class=\"pdf24Plugin-cp-input\" style=\"margin: 0px;\" type=\"text\" name=\"sendEmailTo\" placeholder=\"Emailadresse\" \/> \t\t<input class=\"pdf24Plugin-cp-submit\" style=\"margin: 0px;\" type=\"submit\" value=\"Senden\" \/> \t<\/form> <\/div>","protected":false},"excerpt":{"rendered":"<p>Der Bundestagsabgeordnete Fritz Kuhn (B\u00fcndnis90\/Die Gr\u00fcnen), stellvertretender Fraktionsvorsitzender der Bundestagsfraktion, kommt am Freitag, 11. M\u00e4rz 2011, um 19.30 Uhr zu \u201eFeuchter\u2019s\u201c nach Schrozberg-Bovenzenweiler. Kuhn berichtet \u00fcber &#8222;\u00d6kologische Modernisierung \u2013 Gr\u00fcne Konzepte f\u00fcr Wirtschaft und Finanzen. Vom Gr\u00fcnen-Kreisb\u00fcro Schw\u00e4bisch Hall Wirtschaftskraft erhalten und dennoch \u00f6kologisch vertr\u00e4glich und nachhaltig produzieren \u00d6kologische Modernisierung des Wirtschaftsstandortes Baden-W\u00fcrttemberg, die \u00d6kologisierung [&hellip;]<\/p>\n","protected":false},"author":3,"featured_media":0,"comment_status":"open","ping_status":"open","sticky":false,"template":"","format":"standard","meta":[],"categories":[],"tags":[],"_links":{"self":[{"href":"https:\/\/www.hohenlohe-ungefiltert.de\/index.php?rest_route=\/wp\/v2\/posts\/10266"}],"collection":[{"href":"https:\/\/www.hohenlohe-ungefiltert.de\/index.php?rest_route=\/wp\/v2\/posts"}],"about":[{"href":"https:\/\/www.hohenlohe-ungefiltert.de\/index.php?rest_route=\/wp\/v2\/types\/post"}],"author":[{"embeddable":true,"href":"https:\/\/www.hohenlohe-ungefiltert.de\/index.php?rest_route=\/wp\/v2\/users\/3"}],"replies":[{"embeddable":true,"href":"https:\/\/www.hohenlohe-ungefiltert.de\/index.php?rest_route=%2Fwp%2Fv2%2Fcomments&post=10266"}],"version-history":[{"count":5,"href":"https:\/\/www.hohenlohe-ungefiltert.de\/index.php?rest_route=\/wp\/v2\/posts\/10266\/revisions"}],"predecessor-version":[{"id":10278,"href":"https:\/\/www.hohenlohe-ungefiltert.de\/index.php?rest_route=\/wp\/v2\/posts\/10266\/revisions\/10278"}],"wp:attachment":[{"href":"https:\/\/www.hohenlohe-ungefiltert.de\/index.php?rest_route=%2Fwp%2Fv2%2Fmedia&parent=10266"}],"wp:term":[{"taxonomy":"category","embeddable":true,"href":"https:\/\/www.hohenlohe-ungefiltert.de\/index.php?rest_route=%2Fwp%2Fv2%2Fcategories&post=10266"},{"taxonomy":"post_tag","embeddable":true,"href":"https:\/\/www.hohenlohe-ungefiltert.de\/index.php?rest_route=%2Fwp%2Fv2%2Ftags&post=10266"}],"curies":[{"name":"wp","href":"https:\/\/api.w.org\/{rel}","templated":true}]}}