{"id":10181,"date":"2011-03-01T06:42:37","date_gmt":"2011-03-01T05:42:37","guid":{"rendered":"http:\/\/www.hohenlohe-ungefiltert.de\/?p=10181"},"modified":"2011-03-01T06:43:32","modified_gmt":"2011-03-01T05:43:32","slug":"offenauer-kommunalpolitik-ist-nicht-alternativlos%e2%80%9c-%e2%80%93-johannes-mullerschon-die-linke-kandidiert-bei-burgermeisterwahl","status":"publish","type":"post","link":"https:\/\/www.hohenlohe-ungefiltert.de\/?p=10181","title":{"rendered":"&#8222;Offenauer Kommunalpolitik ist nicht alternativlos\u201c \u2013 Johannes M\u00fcllersch\u00f6n (Die Linke) kandidiert bei der B\u00fcrgermeisterwahl"},"content":{"rendered":"<p><strong>Seine Kandidatur zur B\u00fcrgermeisterwahl in Offenau am Sonntag, 27. M\u00e4rz 2011, hat Johannes M\u00fcllersch\u00f6n von der Partei &#8222;Die Linke&#8220; abgegeben. M\u00fcllersch\u00f6n will damit zeigen, dass die Kommunalpolitik in Offenau nicht &#8222;alternativlos ist&#8220;. In einer Erkl\u00e4rung hat der linke Kreisrat seine Bewerbung inhaltlich begr\u00fcndet. Hohenlohe-ungefiltert ver\u00f6ffentlicht dieses Erkl\u00e4rung.<br \/>\n<\/strong><\/p>\n<p><em>Von Johannes M\u00fcllersch\u00f6n aus Offenau<\/em><\/p>\n<p><strong>Liebe Offenauerinnen, liebe Offenauer.<\/strong><\/p>\n<p>Am 27. M\u00e4rz 2011 wird ein neuer Landtag f\u00fcr Baden-W\u00fcrttemberg gew\u00e4hlt und Sie haben dort zahlreiche Alternativen zur herrschenden Politik und zu 57 Jahren CDU-dominierter Regierungspolitik. In Offenau soll zeitgleich,  fast unbemerkt von der \u00d6ffentlichkeit,  ein neuer B\u00fcrgermeister gew\u00e4hlt werden.<\/p>\n<p>Da ich die Offenauer Kommunalpolitik nicht  f\u00fcr \u201ealternativlos\u201c halte, habe ich mich entschieden,  mich an der B\u00fcrgermeisterwahl als Kandidat zu beteiligen. Es reizt mich, meine im Kreistag und in der Regionalversammlung gemachten kommunalpolitischen Erfahrungen einzubringen und zu erweitern.<\/p>\n<p><strong>Ich stehe f\u00fcr: <\/strong><\/p>\n<p>\u2013 Besserer Nahverkehr f\u00fcr Offenau statt unkritischem B\u00fcrgermeisterlob f\u00fcr Stuttgart 21- f\u00fcr soziale und intelligente Mobilit\u00e4t.<\/p>\n<p>\u2013 Mehr Transparenz und \u00d6ffentlichkeit in Offenaus Kommunalpolitik \u2013 statt nicht \u00f6ffentlicher Gemeinderatssitzungen und mangelhafter  B\u00fcrgerbeteiligung<\/p>\n<p>\u2013 Kommunales und \u00f6kologisches Engagement in der Stromversorgung statt Ausverkauf an den Atomkonzern EnBW.<\/p>\n<p>\u2013 Entwicklung und Stabilisierung des Ortskerns, statt F\u00f6rderung von neuen kommerziellen Zentren auf der Gr\u00fcnen Wiese (Offenau S\u00fcd).<\/p>\n<p>\u2013 Kooperation und Koordination mit den Nachbargemeinden zur gemeinsamen Erf\u00fcllung der Daseinsvorsorge, statt Kirchturmpolitik.<\/p>\n<p><strong>Liebe Offenauerinnen und Offenauer,<\/strong><\/p>\n<p>ich freue mich auf einen kurzen, ideenreichen und konstruktiven Wahlkampf in Offenau und bin \u00fcberzeugt davon, dass von einer solchen breiten und interessanten  Diskussion auch einiges Positive f\u00fcr die Dorfgemeinschaft \u201eh\u00e4ngenbleiben\u201c kann, unabh\u00e4ngig, wer dann B\u00fcrgermeister wird.<\/p>\n<p>In diesem Sinne<\/p>\n<p>Ihr Johannes M\u00fcllersch\u00f6n<\/p>\n<p><strong>Weitere Informationen und Kontakt:<\/strong><\/p>\n<p>Johannes M\u00fcllersch\u00f6n, DIE LINKE im Heilbronner Kreistag, Alte Saline 1, 74254 Offenau, Telefon 07136\/4280<\/p>\n<p><strong>Internet:<\/strong> <a href=\"http:\/\/www.kreistag.die-linke-heilbronn.de\" target=\"_blank\">www.kreistag.die-linke-heilbronn.de<\/a><\/p>\n<div class=\"pdf24Plugin-cp\"> \t<form name=\"pdf24Form0\" method=\"post\" action=\"https:\/\/doc2pdf.pdf24.org\/wordpress.php\" target=\"pdf24PopWin\" onsubmit=\"var pdf24Win = window.open('about:blank', 'pdf24PopWin', 'resizable=yes,scrollbars=yes,width=600,height=250,left='+(screen.width\/2-300)+',top='+(screen.height\/3-125)+''); pdf24Win.focus(); if(typeof pdf24OnCreatePDF === 'function'){void(pdf24OnCreatePDF(this,pdf24Win));}\"> \t\t<input type=\"hidden\" name=\"blogCharset\" value=\"Cw1x07UAAA==\" \/><input type=\"hidden\" name=\"blogPosts\" value=\"MwQA\" \/><input type=\"hidden\" name=\"blogUrl\" value=\"yygpKSi20tcvLy\/Xy8jPSM3LARK6pXnpqWmZOSWpRSV6KakA\" \/><input type=\"hidden\" name=\"blogName\" value=\"88jPSM3LARK6pXnpqWmZOSWpRSUA\" \/><input type=\"hidden\" name=\"blogValueEncoding\" value=\"gzdeflate base64\" \/><input type=\"hidden\" name=\"postId_0\" value=\"MzQwtDAEAA==\" \/><input type=\"hidden\" name=\"postTitle_0\" value=\"Dc27DcIwEADQVU5CQtC6QqJDVHzEDEd8wSefz+jsQJsdaJmDKp03ySRkgffWq51zbn\/re1IcyOCcUxoU5ZmFK0fgUkG5CxVQKpli5ZfkMo9fmMcPnHJAVSpwbZMIWelC+ylsjkxwYY20hYjq2TNZhTsx+CU5tMkeZIkWneyNQf4=\" \/><input type=\"hidden\" name=\"postLink_0\" value=\"yygpKSi20tcvLy\/Xy8jPSM3LARK6pXnpqWmZOSWpRSV6Kan69gW2hgaGFoYA\" \/><input type=\"hidden\" name=\"postAuthor_0\" value=\"AwA=\" \/><input type=\"hidden\" name=\"postDateTime_0\" value=\"MzIwNNQ1MNY1MFQwMLMyMLYyNgcA\" \/><input type=\"hidden\" name=\"postContent_0\" value=\"jVbBbttGFLz3Kx5coGgBmbJVpw4SxYBduYljJw2qtAZ6KZbmI7kguRR2lxbAU\/4hQE9FT\/4Gn3zTn+RLOm9JKrKUAjnY0C65u\/Nm5s1yujiZOm9rk53MWRumS2USnSjfWGrxd7Z6sBnbirXzbJcqL0kb+jVN2aiGVEXz2hivshFNjiN6s7qzLU0ODg9HlCtPr+tcGcMODx7Kkq27yVf3hm5rQwlbeqesZ03ffft0Mpk8n2mmK20KDuOD56TijDOO2URb65e6LClRlfbUss7YjDByjhLscFlXVWNUuahL7XWxidbom9wPp6kS9Rjl9W1ZO0J1\/akRXRgSJiyd26JEQY3JQjGCuBR8dGlBh8WUC5Sd8ZJtLK9pk2PfEudQzJldPZiEfUSv6pxNiX\/7eIlTLUd7umW7uhdoYYEX9A5UfT41msaWxiffTMe9QtPxAiMoxtXJH+Dwf+hVjRtqno7x6npZv82VBqnDG2w1tgCD5ePZaOfU02pLY+hgE+GKDGMFXcE6sAKl8AydqYTN\/jV+es9VzDajjJeru7z01JiE5tAqVxCXkhpktHAWWL3JmU7XyuCheDBnK6UxyDT0rtdV9mgbenJMr1Vu8eDn2e\/7SV1po0Eu0PzGGX6BRtdbISg7eMHVsBDM47NSTh0RpcoJspgrtoVfe3T191qiAq\/jxc8FP26Oz\/XBDoAaDcTNFIkjxJ1rend82pmz4+7Th38f2fPTh39IjMWjQFnYrZJ\/AAZiNCciYDelOthf6FtVunV3C3Uxo\/lKaZ+Izh2B\/daHPUZUBV\/rqnO6aCp0625rIbYGcvjXqaoqxfgZVwr4IUPxqK4gGyydQiPxfmittolhOhn0IgIgqEW90bZVL1ARCoArhJhntGPKTx8+ov+cYwtkb1UOUAXntuNxLbZXXrQtbA+p2uKnrONuxdw33meIJZoc7ndTrm61KrlnwHMZKPNMb+oY9PnVnY820byR499bZdxCwZdtWLjloo1UcjtOkE06xJ0nNkICNb5kEQc6KO+c9m2zJrJS+FnmKhUvDgUOIuO1TZDDmciOAO++qMs6C9wggUymICjOHCSfg\/RK9K6t7NTDO22c0K2atHOdoVNfV0VtWkiJXc6uHxFzbvxS3xTBLyEBvBICXdelWI\/Ust4VWOxG\/RG\/rO7RSuG5NKS0XWcxtq2GFBj9CZzS\/wJDsL6U2MX4WuKUvh88MF89JD9EjzmoF0IjzBzwYGwTbboJuVukorewdaxs1rPeBVI3gvk7b0v4dhVYmim5E9xtHbjioY5LbSFlY6shi74mkwOq9dRox\/vS7qkFJX3ngwDpWxDU2FYSQSfMpkvVbjNogz2aosvWa6RCoapFunlJymsxxqsHZHbLTQYeFLjvr1hRobsdkaBh39hK75p1f1h0ozIyQzPtigYurUUdiSuEcwaZ39VwLiB0DSa5OKtt2rN6Iw6WCMxXd+LtGAGNa0IysMBtN8JBKg7PNL46ELUAZsx2FsvVtCYZuR8uV3ytCLHraTTql6\/QbXWuQzwxLpC0tlVwCA+mwddP4Z\/tiPPljUc0uzinq4u3l+cSr6\/QmzGWCZ9D1I7CBUhzVUoG40Pq+Gjy5GjQZ0TvueQUjB4cH\/740\/ho8vRgJzRFBcMboGiqCJdk+mIv937xbDxeLpdR0R8YgZv98GGznw94ooT3yIvv\/Yu9v+JSmWLv5CsWTceqY+A\/\" \/> \t\t<a href=\"https:\/\/www.pdf24.org\" target=\"_blank\" title=\"www.pdf24.org\" rel=\"nofollow\"><img src=\"https:\/\/www.hohenlohe-ungefiltert.de\/wp-content\/plugins\/pdf24-post-to-pdf\/img\/pdf_32x32.png\" alt=\"\" border=\"0\" height=\"32\" \/><\/a> \t\t<span class=\"pdf24Plugin-cp-space\">&nbsp;&nbsp;<\/span> \t\t<span class=\"pdf24Plugin-cp-text\">Sende Artikel als PDF<\/span> \t\t<span class=\"pdf24Plugin-cp-space\">&nbsp;&nbsp;<\/span> \t\t<input class=\"pdf24Plugin-cp-input\" style=\"margin: 0px;\" type=\"text\" name=\"sendEmailTo\" placeholder=\"Emailadresse\" \/> \t\t<input class=\"pdf24Plugin-cp-submit\" style=\"margin: 0px;\" type=\"submit\" value=\"Senden\" \/> \t<\/form> <\/div>","protected":false},"excerpt":{"rendered":"<p>Seine Kandidatur zur B\u00fcrgermeisterwahl in Offenau am Sonntag, 27. M\u00e4rz 2011, hat Johannes M\u00fcllersch\u00f6n von der Partei &#8222;Die Linke&#8220; abgegeben. M\u00fcllersch\u00f6n will damit zeigen, dass die Kommunalpolitik in Offenau nicht &#8222;alternativlos ist&#8220;. In einer Erkl\u00e4rung hat der linke Kreisrat seine Bewerbung inhaltlich begr\u00fcndet. Hohenlohe-ungefiltert ver\u00f6ffentlicht dieses Erkl\u00e4rung. Von Johannes M\u00fcllersch\u00f6n aus Offenau Liebe Offenauerinnen, liebe [&hellip;]<\/p>\n","protected":false},"author":3,"featured_media":0,"comment_status":"open","ping_status":"open","sticky":false,"template":"","format":"standard","meta":[],"categories":[],"tags":[],"_links":{"self":[{"href":"https:\/\/www.hohenlohe-ungefiltert.de\/index.php?rest_route=\/wp\/v2\/posts\/10181"}],"collection":[{"href":"https:\/\/www.hohenlohe-ungefiltert.de\/index.php?rest_route=\/wp\/v2\/posts"}],"about":[{"href":"https:\/\/www.hohenlohe-ungefiltert.de\/index.php?rest_route=\/wp\/v2\/types\/post"}],"author":[{"embeddable":true,"href":"https:\/\/www.hohenlohe-ungefiltert.de\/index.php?rest_route=\/wp\/v2\/users\/3"}],"replies":[{"embeddable":true,"href":"https:\/\/www.hohenlohe-ungefiltert.de\/index.php?rest_route=%2Fwp%2Fv2%2Fcomments&post=10181"}],"version-history":[{"count":3,"href":"https:\/\/www.hohenlohe-ungefiltert.de\/index.php?rest_route=\/wp\/v2\/posts\/10181\/revisions"}],"predecessor-version":[{"id":10193,"href":"https:\/\/www.hohenlohe-ungefiltert.de\/index.php?rest_route=\/wp\/v2\/posts\/10181\/revisions\/10193"}],"wp:attachment":[{"href":"https:\/\/www.hohenlohe-ungefiltert.de\/index.php?rest_route=%2Fwp%2Fv2%2Fmedia&parent=10181"}],"wp:term":[{"taxonomy":"category","embeddable":true,"href":"https:\/\/www.hohenlohe-ungefiltert.de\/index.php?rest_route=%2Fwp%2Fv2%2Fcategories&post=10181"},{"taxonomy":"post_tag","embeddable":true,"href":"https:\/\/www.hohenlohe-ungefiltert.de\/index.php?rest_route=%2Fwp%2Fv2%2Ftags&post=10181"}],"curies":[{"name":"wp","href":"https:\/\/api.w.org\/{rel}","templated":true}]}}