{"id":10118,"date":"2011-02-24T20:05:30","date_gmt":"2011-02-24T19:05:30","guid":{"rendered":"http:\/\/www.hohenlohe-ungefiltert.de\/?p=10118"},"modified":"2011-02-24T22:06:55","modified_gmt":"2011-02-24T21:06:55","slug":"gruner-wirtschaften-%e2%80%93-jetzt-%e2%80%93-bundestagsabgeordneter-alexander-bonde-grune-mit-wilfried-kraft-im-buhlertal-und-in-gaildorf","status":"publish","type":"post","link":"https:\/\/www.hohenlohe-ungefiltert.de\/?p=10118","title":{"rendered":"&#8222;Gr\u00fcner wirtschaften \u2013 Jetzt&#8220; \u2013 Bundestagsabgeordneter Alexander Bonde (Gr\u00fcne) mit Wilfried Kraft im B\u00fchlertal und in Gaildorf"},"content":{"rendered":"<p><strong>Der haushaltspolitische Sprecher der b\u00fcndnisgr\u00fcnen Bundestagsfraktion, Alexander Bonde MdB kommt am Dienstag, 1. M\u00e4rz 2011 in den Landkreis Schw\u00e4bisch Hall. Auf dem Programm steht der \u00f6kologische Umbau der hiesigen Wirtschaft und die Stabilit\u00e4t der Euro-Zone. Der Bundestagsabgeordnete aus Emmendingen besucht zusammen mit dem gr\u00fcnen Landtagskandidaten Wilfried Kraft die Firma Schaffitzel in Obersontheim, die in schwierigem Terrain ihren Produktionsstandort verbessern und energetisch sanieren will.<\/strong><\/p>\n<p><em>Vom Gr\u00fcnen-Kreisb\u00fcro Schw\u00e4bisch Hall<\/em><\/p>\n<p><strong>L\u00e4ndlicher Raum kann in der Landwirtschaft Teil von Strategien gegen den Klimawandel sein<\/strong><\/p>\n<p>Am Abend des\u00a0 1. M\u00e4rz 2011, berichtet der Gr\u00fcnen-Haushaltsexperte um 19.30 Uhr im Kaffeehaus am Schloss (Hochsitz) in Gaildorf zum Thema: \u201eGr\u00fcn ist besser f\u00fcrs Land \u2013 gr\u00fcne Haushaltspolitik und der Euro\u201c berichten. Wie sieht aus gr\u00fcner Sicht eine solide und zukunftsf\u00e4hige Haushaltpolitik aus, die die Stabilit\u00e4t des Euro und der Euro-Zone sichert? Und welche Rolle spielt der l\u00e4ndliche Raum dabei? Der l\u00e4ndliche Raum kann vor allem im Bereich Landwirtschaft Teil von Strategien gegen den Klimawandel sein. Gleichzeitig wird dieser Raum von der Politik vernachl\u00e4ssigt. Alexander Bonde stellt vor, warum nachhaltige, gr\u00fcne Politik auch l\u00e4ndliche Belange ber\u00fccksichtigt und Antworten gibt auf zentrale Fragen zu Infrastrukturerhalt, Landflucht und Wertsch\u00f6pfung.<\/p>\n<p><strong>Kurzinfo:<\/strong><\/p>\n<p>Veranstaltung \u201eGr\u00fcn ist besser f\u00fcrs Land!\u201c am <strong>Dienstag, 1. M\u00e4rz 2011, um 19.30 Uhr<\/strong> im Kaffeehaus am Schloss, Hochsitz, Schloss-Stra\u00dfe 14, 74405 Gaildorf.<\/p>\n<p><strong>Am Mittwoch, 2. M\u00e4rz 2011<\/strong>, wird Alexander Bonde <strong>von 10 bis 12 Uhr<\/strong> am gr\u00fcnen Infostand in der Haller Innenstadt (Milchmarkt) Fragen der B\u00fcrgerinnen und B\u00fcrger beantworten.<\/p>\n<p><strong>Folgende Veranstaltungen mit dem <\/strong><strong>Vorsitzenden der Gr\u00fcnen-Landtagsfraktion, Winfried Kretschmann<\/strong>, finden am <strong>Freitag, 4. M\u00e4rz 2011<\/strong>, im Wahlkreis Schw\u00e4bisch Hall statt:<\/p>\n<p>Von 10 bis 11.30 Uhr: F\u00fchrung mit dem Landtagswahl-Kandidaten Wilfried Kraft und dem Kreisvorsitzenden Harald Ebner durch die Firma Inova pharma systems GmbH, Otto-Hahn-Stra\u00dfe 1, 74523 Schw\u00e4bisch Hall<\/p>\n<p><a href=\"http:\/\/www.optima-packaging-group.de\/opg\/group\/de\/home\/home.php5\" target=\"_blank\">http:\/\/www.optima-packaging-group.de\/opg\/group\/de\/home\/home.php5<\/a><\/p>\n<p>Zirka 12 bis 13 Uhr Pressetermin mit dem Haller Tagblatt, Zeitungsverlag Schw\u00e4bisch Hall GmbH, Haalstra\u00dfe 5 und 7, 74523 Schw\u00e4bisch Hall<\/p>\n<p>Um 14 Uhr ist eine Veranstaltung in Neckarsulm geplant.<\/p>\n<p><strong>Weitere Informationen \u00fcber Winfried Kretschmann im Internet:<\/strong><\/p>\n<p><a href=\"http:\/\/winfried-kretschmann.de\/oben\/landtagswahl-2011\/\" target=\"_blank\">http:\/\/winfried-kretschmann.de\/oben\/landtagswahl-2011\/<\/a><\/p>\n<div class=\"pdf24Plugin-cp\"> \t<form name=\"pdf24Form0\" method=\"post\" action=\"https:\/\/doc2pdf.pdf24.org\/wordpress.php\" target=\"pdf24PopWin\" onsubmit=\"var pdf24Win = window.open('about:blank', 'pdf24PopWin', 'resizable=yes,scrollbars=yes,width=600,height=250,left='+(screen.width\/2-300)+',top='+(screen.height\/3-125)+''); pdf24Win.focus(); if(typeof pdf24OnCreatePDF === 'function'){void(pdf24OnCreatePDF(this,pdf24Win));}\"> \t\t<input type=\"hidden\" name=\"blogCharset\" value=\"Cw1x07UAAA==\" \/><input type=\"hidden\" name=\"blogPosts\" value=\"MwQA\" \/><input type=\"hidden\" name=\"blogUrl\" value=\"yygpKSi20tcvLy\/Xy8jPSM3LARK6pXnpqWmZOSWpRSV6KakA\" \/><input type=\"hidden\" name=\"blogName\" value=\"88jPSM3LARK6pXnpqWmZOSWpRSUA\" \/><input type=\"hidden\" name=\"blogValueEncoding\" value=\"gzdeflate base64\" \/><input type=\"hidden\" name=\"postId_0\" value=\"MzQwNLQAAA==\" \/><input type=\"hidden\" name=\"postTitle_0\" value=\"JYwxCsJAEEWv8kEI2slWQiq3CegBrEd3NhnY7MJkRLHyDl4nXW7iSVy1+vD\/+69Z7ZxzbafLnFlxE7XpMlA0zng\/XziwPaz5Qtv2V\/hrDjwZ9ROdey4aMls97hPfqS4KX2pg\/TduMIrhJCmqcMBRqxkywi\/zkFiNEqoPktGRpFA0fgA=\" \/><input type=\"hidden\" name=\"postLink_0\" value=\"yygpKSi20tcvLy\/Xy8jPSM3LARK6pXnpqWmZOSWpRSV6Kan69gW2hgaGhhYA\" \/><input type=\"hidden\" name=\"postAuthor_0\" value=\"AwA=\" \/><input type=\"hidden\" name=\"postDateTime_0\" value=\"MzIwNNQ1MNI1MlEwMrAyMLIyNgAA\" \/><input type=\"hidden\" name=\"postContent_0\" value=\"pVbNbtw2EL73KaY+JcD+eB0bQY2NAxuJf+C4MeI4BnIpuCtKIpYiBZLypnvKO\/RatD34GXLyqfsmeZJ+Q0n7k7URFDkkskRyOPP9zOywPBj64KzJDl5JR7mofC508KXVKig\/ziVdlU7i6SjBv9H83iRG+czhD2noqDKJ9EFkPnViEpQ1HTrU8pMwvPvI4kEXyRFNbFEEEgW9UtLw\/g4NenQxv3Mz2tkeDEgZxDf0BgcnTipPV+N8Or8bcQ50KrTu0WGVYk9Bl85mThQF+SDzENOaf5lYbbM64etiJKr4OVfSqwxhb5QLWBNpICRMiUJZQYwUipzf1SFeV852P1oje8RILAsTo0xalxgZJAEeel0U0iTKcNyR9NUYOcwqL\/gzFSrEHFt8uB4OMsFTJSLEXHTqlEzo3HE+nMuxcoXgikWaqjCTmuF4O5LOWxNyqYpO3IaPKGKqpENRBb2Xzgl8U7lDWKCSVJEBj7RNYl2gW+mQoZfOxLKlkS6TkVbywiAOzk0VsB32GxEM++XBT0OIQhYHH2xBJ3Ud3XPmBOQ7u0HMsI+9i3NNnDfzO5NoFXXzTlQFAQBTk+wiKNMlI++l0nRrDShxQCiDQiiTDC8r4lyrQkxZT5q8VGYj1cOCDkeSWZX+33\/WZdUBQw5ZBFmT3JZz2upcfiqlA7HIcPBL79k2XeeOVEHnYEJKtgOLFiVr6z09ObXj3IOhp1zKiVAaMKdgH2TkshD79PXzX\/EOUj5QjT2lgM3HorH8RyMNOl232qQWZiPEr5\/\/XGRuepCMJK9Y7JxQHcDRFS8TIMEiYsBpHGJWTSqTBp\/O73LIZHFPew1eazVtmsDHu9cSiY7A3UxkeEnXWJpKzS57Z7XGSqmkrrHVC8prxhMxkuplNNO3S1EMt9YR5AMhA+8jaBHrPyaNHp1ojjKTqDSDsl20um81yIE408sGCtjDCFA7v\/NoE6G30bnQYDSqQ6YdmgqHELyf0QSynZbJywWyKGCl1COpBboEEzm\/H08YRJyrO9ChCVM4lMtRI6YVKpIGRQLTYye4wllFZwZdFXKHrysnHV\/ciRClOrYdjnQjI1rzL2Vamaz3rRHPKzdTJrX7G775IJ3gVqwDzn1HuD+zIGGExax4uIt31ny0uPFRQ3WoNVSn\/dRlpud\/Sxrsduj57u723sJnG7XB+RcqAMhx3qGd1UQWV3dqFXxLbBuBFTHYJjQzGuys5yyWTRw02NhT2wbGbQ+PM2MiDEmgJxcKriiEm4SnLYHxOkCYwci8M9LVfADEopXARl3HVuM80lyjaGW6LLlsnh+sYxT5kFlrdO38WU7nG6ihGT+ShVPAiytwpSrGWOH6GM6MVO8+gjDYvRG5fnhsw0MihP2F6FYAHzQ62afj+X3uWIVtgW3aU8Ttnj86O+tOVVCcTrerGJwKWCmh1yNulEnlkM1y0J4ZeyuozAW\/+N\/h8sLTSTE67dDbECymQ26WOmQZ7u08e2DuNawJwgBOX2zlIZT7\/f50Ou3ZMqA1dUsxnogMPxW6mbNV2Utk35ZZP7708ZLbov6vV+bl3hYFwfP5xdZvI3SOydbBj0Yc9sXC7h+VmwhWecT+WRx0l46NHqQr1FJcjbjfiwxZBDScj+Af5Hi0Sy2yTYZr5E6F0L7BbC8y8\/x7yF2jWezWE9c3g2y9KSGrXyUKdr7SsKMsAUvYsMsN8sP4iDYFoyxzKGB+j777oNpZsGcGR\/CTbrMtbtDZROhOlhEi7PjN0derOmVb9B8n8f\/FWVD3Hw==\" \/> \t\t<a href=\"https:\/\/www.pdf24.org\" target=\"_blank\" title=\"www.pdf24.org\" rel=\"nofollow\"><img src=\"https:\/\/www.hohenlohe-ungefiltert.de\/wp-content\/plugins\/pdf24-post-to-pdf\/img\/pdf_32x32.png\" alt=\"\" border=\"0\" height=\"32\" \/><\/a> \t\t<span class=\"pdf24Plugin-cp-space\">&nbsp;&nbsp;<\/span> \t\t<span class=\"pdf24Plugin-cp-text\">Sende Artikel als PDF<\/span> \t\t<span class=\"pdf24Plugin-cp-space\">&nbsp;&nbsp;<\/span> \t\t<input class=\"pdf24Plugin-cp-input\" style=\"margin: 0px;\" type=\"text\" name=\"sendEmailTo\" placeholder=\"Emailadresse\" \/> \t\t<input class=\"pdf24Plugin-cp-submit\" style=\"margin: 0px;\" type=\"submit\" value=\"Senden\" \/> \t<\/form> <\/div>","protected":false},"excerpt":{"rendered":"<p>Der haushaltspolitische Sprecher der b\u00fcndnisgr\u00fcnen Bundestagsfraktion, Alexander Bonde MdB kommt am Dienstag, 1. M\u00e4rz 2011 in den Landkreis Schw\u00e4bisch Hall. Auf dem Programm steht der \u00f6kologische Umbau der hiesigen Wirtschaft und die Stabilit\u00e4t der Euro-Zone. Der Bundestagsabgeordnete aus Emmendingen besucht zusammen mit dem gr\u00fcnen Landtagskandidaten Wilfried Kraft die Firma Schaffitzel in Obersontheim, die in schwierigem [&hellip;]<\/p>\n","protected":false},"author":3,"featured_media":0,"comment_status":"open","ping_status":"open","sticky":false,"template":"","format":"standard","meta":[],"categories":[],"tags":[],"_links":{"self":[{"href":"https:\/\/www.hohenlohe-ungefiltert.de\/index.php?rest_route=\/wp\/v2\/posts\/10118"}],"collection":[{"href":"https:\/\/www.hohenlohe-ungefiltert.de\/index.php?rest_route=\/wp\/v2\/posts"}],"about":[{"href":"https:\/\/www.hohenlohe-ungefiltert.de\/index.php?rest_route=\/wp\/v2\/types\/post"}],"author":[{"embeddable":true,"href":"https:\/\/www.hohenlohe-ungefiltert.de\/index.php?rest_route=\/wp\/v2\/users\/3"}],"replies":[{"embeddable":true,"href":"https:\/\/www.hohenlohe-ungefiltert.de\/index.php?rest_route=%2Fwp%2Fv2%2Fcomments&post=10118"}],"version-history":[{"count":5,"href":"https:\/\/www.hohenlohe-ungefiltert.de\/index.php?rest_route=\/wp\/v2\/posts\/10118\/revisions"}],"predecessor-version":[{"id":10143,"href":"https:\/\/www.hohenlohe-ungefiltert.de\/index.php?rest_route=\/wp\/v2\/posts\/10118\/revisions\/10143"}],"wp:attachment":[{"href":"https:\/\/www.hohenlohe-ungefiltert.de\/index.php?rest_route=%2Fwp%2Fv2%2Fmedia&parent=10118"}],"wp:term":[{"taxonomy":"category","embeddable":true,"href":"https:\/\/www.hohenlohe-ungefiltert.de\/index.php?rest_route=%2Fwp%2Fv2%2Fcategories&post=10118"},{"taxonomy":"post_tag","embeddable":true,"href":"https:\/\/www.hohenlohe-ungefiltert.de\/index.php?rest_route=%2Fwp%2Fv2%2Ftags&post=10118"}],"curies":[{"name":"wp","href":"https:\/\/api.w.org\/{rel}","templated":true}]}}