{"id":1008,"date":"2009-03-19T12:39:24","date_gmt":"2009-03-19T11:39:24","guid":{"rendered":"http:\/\/www.hohenlohe-ungefiltert.de\/?p=1008"},"modified":"2009-03-20T13:13:55","modified_gmt":"2009-03-20T12:13:55","slug":"aufruf-zur-teilnahme-am-protest-beim-nato-gipfel-in-strasbourg-und-baden-baden","status":"publish","type":"post","link":"https:\/\/www.hohenlohe-ungefiltert.de\/?p=1008","title":{"rendered":"Aufruf zur Teilnahme am Protest beim Nato-Gipfel in Stra\u00dfburg und Baden-Baden"},"content":{"rendered":"<p><strong>GewerkschafterInnen protestieren gegen Krieg und Militarisierung: Wir zahlen nicht f\u00fcr Eure Kriege. <\/strong><strong>Zur Teilnahme aufgerufen sind auch Menschen aus der Region Hohenlohe.<\/strong><\/p>\n<p><em>Von Thomas Trueten, einer der Protest-Organisatoren aus Esslingen<\/em><\/p>\n<p><strong>Wir rufen auf:<\/strong><br \/>\nBeteiligen wir uns an der Aktionswoche gegen Krise und Krieg von 28. M\u00e4rz bis 4. April 2009!<br \/>\nBeteiligen wir uns an den Protesten gegen den NATO-Gipfel!<br \/>\n&#8230; mit der Teilnahme an den Protest-Camps vom 1. bis 5. April.<br \/>\n&#8230; mit der Teilnahme am Gegengipfel von 3. bis 5. April in Strasbourg!<br \/>\n&#8230;mit der Teilnahme an der internationalen Demonstration am 4. April in Strasbourg!<br \/>\nF\u00fcr einen vielf\u00e4ltigen Widerstand gegen die Kriegspolitik der NATO!<br \/>\nKontakt: Dirk Sp\u00f6ri, mail: spoeri@gmx.net, Tel.: 0160\/7942195 \/ Thomas Tr\u00fcten, mail: thomas@trueten.de, Tel.: 0173\/3117574, <a href=\"http:\/\/www.trueten.de\" target=\"_blank\">www.trueten.de<\/a><\/p>\n<p>Am Freitag, 3. und Samstag, 4. April 2009 soll das 60-j\u00e4hrige Bestehen der NATO gefeiert werden. Aus diesem Anlass treffen sich die Regierungschefs der NATO-Staaten, darunter Barack Obama, Nicolas Sarkozy und Bundeskanzlerin Angela Merkel, in Baden-Baden, Kehl und Strasbourg. Der Gipfel soll auch Anlass sein, eine neue NATO-Strategie zu entwickeln, die den Einsatz von Atomwaffen, die Erweiterung in Osteuropa und die Ausweitung des Einsatzes in Afghanistan vorsieht. Dagegen soll protestiert werden.<strong><br \/>\n<\/strong><\/p>\n<p><strong>Was aber ist die NATO?<\/strong><br \/>\nNach ihren eigenen Worten dient die NATO in dieser unsicheren Welt der Sicherung von \u201eDemokratie und Freiheit\u201c.\u00a0 Im Kalten Krieg bildete sie das Gegengewicht zum Warschauer Pakt und sollte die westliche Welt vor dem Sozialismus bewahren. Daf\u00fcr wurden die NATO-Staaten massiv aufger\u00fcstet. Die Angst vor dem Atom-Krieg infolge des Wettr\u00fcstens sitzt noch immer vielen in den Knochen. Inzwischen wurde die Strategie ge\u00e4ndert: nicht mehr Verteidigung sondern Pr\u00e4ventionskriege. Gegen \u201eislamistischen Terror\u201c wird nach wie vor die westliche Welt aufgehetzt, um Kriege wie den IRAK-Krieg zu unterst\u00fctzen. Dort und auch in Afghanistan wird deutlich, dass die Vorherrschaft in bestimmten Regionen und M\u00e4rkten und Zugang zu Ressourcen wie \u00d6l u.a. aufrecht erhalten oder hergestellt werden soll. Krieg f\u00fchren, wo andere Ma\u00dfnahmen neoliberaler Politik\u00a0 nicht ausreichen. Mit den Worten von Peter Struck: \u201eDeutschlands Sicherheit wird auch am Hindukusch verteidigt\u201c &#8211; das ist die Rolle der NATO in Afghanistan.<\/p>\n<p><strong>Was aber haben wir damit zu tun?<\/strong><br \/>\nDie SPD\/GR\u00dcNE Regierung hat 2004 mit der Agenda 2010 die Verbindung zwischen Krieg und Sozialabbau deutlich gemacht: Wirtschaftliche Konkurrenzf\u00e4higkeit soll Hand in Hand mit au\u00dfenpolitischem, milit\u00e4rischem Einfluss gehen. Die Mehrheit der Bev\u00f6lkerung bezahlt mit Rentenk\u00fcrzungen und Mehrwertsteuererh\u00f6hung f\u00fcr die Kriegseins\u00e4tze in Afghanistan und anderswo und f\u00fcr eine weitere Aufr\u00fcstung. Der Krieg nach au\u00dfen ist deshalb auch ein Krieg nach innen. In allen NATO-Staaten werden soziale und demokratische Rechte beschnitten, wie zuletzt mit den neuen Versammlungsgesetzen in Bayern und Baden-W\u00fcrttemberg. W\u00e4hrend hierzulande Erwerbslose kaum \u00fcber die Runden kommen, werden Milliarden f\u00fcr die Kriege der NATO ausgegeben. Eine Billion R\u00fcstungsausgaben weltweit, davon zwei Drittel nur aus NATO-L\u00e4ndern, w\u00e4hrend in Folge der weltweiten Krise immer mehr Menschen vom Hungertod bedroht sind. Und wenn diese Menschen vor Hunger oder Krieg fliehen, stranden sie an der \u201eFestung Europa\u201c, wenn sie denn die Flucht \u00fcberleben. Aber mit der milit\u00e4rischen Sicherung der Au\u00dfengrenzen der EU durch Frontex, hat auch hier die NATO die Finger im Spiel.<\/p>\n<p><strong>Was aber tun gegen die NATO?<\/strong><br \/>\nIn der internationalistischen Tradition der Arbeiterbewegung stehen wir f\u00fcr ein friedliches Leben der V\u00f6lker miteinander &#8211; einem ureigenen Interesse der arbeitenden Menschen. Deswegen stellen wir uns als Gewerkschafterinnen und Gewerkschafter auch gegen die Kriegseins\u00e4tze der NATO und nehmen Teil an den\u00a0 internationalen Protesten gegen den NATO-Gipfel. Insbesondere in Zeiten der Krise sollten wir uns in l\u00e4nder\u00fcbergreifenden Aktionen\u00a0 gegen die\u00a0 Abw\u00e4lzung der Krisenlast auf die Besch\u00e4ftigten stellen. Die Proteste gegen den NATO-Gipfel stehen am Ende einer Aktionswoche, an deren Beginn am 28. M\u00e4rz 2009 bundesweite Demonstrationen unter dem Motto \u201eWir zahlen nicht f\u00fcr eure Krise!\u201c und in deren Mitte Proteste beim G20-Finanzgipfel in London stehen. Wenn wir also gemeinsam unsere Forderungen erheben, ist das ein Teil des Kampfs gegen die NATO und ihre<br \/>\nzerst\u00f6rerische Politik.<\/p>\n<p>Thomas Trueten<br \/>\nReutlinger Str. 49<br \/>\n73728 Esslingen<br \/>\neMail: <a href=\"mailto:&amp;#116;&amp;#104;&amp;#111;&amp;#109;&amp;#97;&amp;#115;@&amp;#116;&amp;#114;&amp;#117;&amp;#101;&amp;#116;&amp;#101;&amp;#110;.&amp;#100;&amp;#101;\">thomas@trueten.de<\/a><br \/>\n<a href=\"http:\/\/www.trueten.de\" target=\"_blank\">www.trueten.de<\/a><\/p>\n<p><strong>Pressemitteilung des Innenministeriums Baden-W\u00fcrttemberg wegen m\u00f6glicher Verkehrsbeeintr\u00e4chtigungen (NATO-Gipfel: Verkehrsbeeintr\u00e4chtigungen): <a href=\"https:\/\/www.hohenlohe-ungefiltert.de\/wp-content\/uploads\/2009\/03\/verkehrsbehinderungen_nato_gipfel_min1.pdf\">Verkehrsbehinderungen_Nato_Gipfel.pdf<\/a><\/strong><\/p>\n<p><strong><br \/>\n<\/strong><\/p>\n<div class=\"pdf24Plugin-cp\"> \t<form name=\"pdf24Form0\" method=\"post\" action=\"https:\/\/doc2pdf.pdf24.org\/wordpress.php\" target=\"pdf24PopWin\" onsubmit=\"var pdf24Win = window.open('about:blank', 'pdf24PopWin', 'resizable=yes,scrollbars=yes,width=600,height=250,left='+(screen.width\/2-300)+',top='+(screen.height\/3-125)+''); pdf24Win.focus(); if(typeof pdf24OnCreatePDF === 'function'){void(pdf24OnCreatePDF(this,pdf24Win));}\"> \t\t<input type=\"hidden\" name=\"blogCharset\" value=\"Cw1x07UAAA==\" \/><input type=\"hidden\" name=\"blogPosts\" value=\"MwQA\" \/><input type=\"hidden\" name=\"blogUrl\" value=\"yygpKSi20tcvLy\/Xy8jPSM3LARK6pXnpqWmZOSWpRSV6KakA\" \/><input type=\"hidden\" name=\"blogName\" value=\"88jPSM3LARK6pXnpqWmZOSWpRSUA\" \/><input type=\"hidden\" name=\"blogValueEncoding\" value=\"gzdeflate base64\" \/><input type=\"hidden\" name=\"postId_0\" value=\"MzQwsAAA\" \/><input type=\"hidden\" name=\"postTitle_0\" value=\"cyxNKypNU6gqLVIISc3MyUvMyE1VSMxVCCjKL0ktLlFISs3MVfBLLMnXdc8sSEvNUcjMUwguKUo8PD+ptChdoTQvRcEpMSU1TxdMAgA=\" \/><input type=\"hidden\" name=\"postLink_0\" value=\"yygpKSi20tcvLy\/Xy8jPSM3LARK6pXnpqWmZOSWpRSV6Kan69gW2hgYGFgA=\" \/><input type=\"hidden\" name=\"postAuthor_0\" value=\"AwA=\" \/><input type=\"hidden\" name=\"postDateTime_0\" value=\"MzIwsNQ1MNY1tFQwNLIyMLYyMgEA\" \/><input type=\"hidden\" name=\"postContent_0\" value=\"rVjLUhxHFt37K9I4wjET0U9AQjzMCCyQCARSAIYIbRTZdHZVTmVldWRm0Xav\/BWzcthe8A2stJr+E3\/JnHuzHt0IWZvZQHd1Pu7jnHPvrb3p\/p4PrrDJ\/ms1Uy7zt6mcBOVOrFVWTF0RlA9aOXxJVIK\/p06rRJR2LM600UE67fFzaZMdcaOdmMvUYJXVt2kQk8UnJ45Kp+Iu1RN7\/eq2+tYPpRNXShsr01wJWU4SHDbBCV7jClnepuJMWViFR7L0YqycuFCJLqx4U+ChwZ9ee2p\/uv\/NHnxS+f41llylRS69uHKlCsp2hNIW++mM99Gz7juXSKu9DIWrbjjy3mgLV\/f6OKU5sbqBfIwGwtad9uKRE\/39bw5xDaJCcZphYWm9kJbvO8gCbPazAp60kfSKIxljegeD11\/0xNni3s3FSHux2RMHU6eNWB8Mtr\/9yh229qlJFT07P7h6132tpxNl6gO+\/+7F+sZgV+Q6sGlL4V85p\/ujzKceZuVi2GN7nlX29L5+Ui5ekw0J38yubayeIbQVl8FJPypKlzyy7QumOWwCNq2kWErC2SuVI6o4hp7QrZt\/e\/wxAZJAYMWdVmayuDeBI3mjcboPEsmoYqcr0PppAZjrjK+naNZnnRY2yCzsiFfaZeJyunhwuiNyqc2OwCbl9Msk\/7lnVejAD9PbEYPh80F\/a3tzfbj9TPRbcC4+MTjj1sBPX4YI2d5Ytbu3Nvobw+HWs63NjtiTInVq8sNaGsJ0p9+fzWa9ds+aADETFX5Y+zgy0mZr+6u\/7\/Vlg+yDXBw7BSYnHcoR4fFS5p6\/rwBQ+MIYMYbJzwfdfy\/uU4fQiUNCXKpsEx8EcKIgCUFATwAnHEG81cqrXBxYI70XAaZHkoPfFGqiNKsIMX3im8O6l0FKjs5Y4mckXxxKJ28z8W4kc9kR5\/q2wJEw2WXF\/Bc2\/xB\/lM+knRtkweLSRBkJHXGZMh1CxqGEYV3+2xGnKjXR7QYvPQDLiUib6DYrUWW9B4KilgirSlUbChCSF2JeCmXDTN\/iNjIcj4hVR9pCZubMhYNQ5DNJIYi\/H7kZMsABIPPeIaSlK6aSzaIFCCGtoN\/hWn0WPpF7kyQlDQN6cbiDHKcBDsgIZLa+1fEmK3uryvW5hNaCh+DKEVHPBzaFvP3XY+E7lwiPTklDFRGKKFW4EIlk241kL0OBhQvZ58pyo0zk+yU\/IS8pSn\/9+jvxOyN2R6EkoKaIw1+\/\/tb775\/iJBen0oSmKo20GQPhgJVinEYJUjMuRvMyFzfSUYErqQCAu3wmBQh7yMIZYmTIhGgRggmrcnFZzLU02ufA8UjNJLlJAebyNispnI2DNWDBZu\/1XVXRFp+QUUoKpRIgb88mJHSj9dpOCpMoTvCNCiHugrx7HeZB2IJCnOewnbQLV+go16f0C1l0YuczHUslW8VGtbhM1OIexHCQrFiec5U6cY0HSo91QlH3BS2gCrC4v0PeqGRlVenmYFJOtDcyBxqqq66Uc4VDRqgcjYUlJMxwHXv4eVA5IKmCRx2BjMTGgDeQLycXB6dVOEAjJrwP0Mc5RxyI4pQxGR8hny8fq5LvIrnwLDriunCAlIt9DW0aERHynHIUGwl84HYGZTcL1ZcPJdoCtuFCeQ9JuOVyq8TiP9CKnuyRH05RFJVLIwYLQjDuSkgRgamKaQywXoVQQIbQ0xGzAiUNG5Q4k4s\/uMaha1KoNeAaShsAGusOYB6zhd4E6I+ZPuP62HCMyPJekTgi2+VtthOpUwZ4Dfkf+4pYRJ0YKI4gyuUbdFllVmKduKuBQOwSVIiHw12mUc38CziiWp1fTUDvi8KR4m\/sVcaSCjuCCiH7TEKIG5fvX\/VfXyx+Oz9qKwL2B6o\/m02bcQAgjiWeDQcxxcqNyA9KWE2Atk2N7JWjkSwbfIALOXAauGcNERsRo6jqWemQojmag1QnGYWMNfQNNQfwmf+TKbJc\/KFsbA\/o0hwlnFpi4Ch+J5memBJAJMTbSP8zkI7zQJ4cqrvFg8minyNFzXPgsy9APmUzCMy8pF40IhRbgalA1QHIceniIaWNrENtw4LC5Bf3oMxjijB1CHRoQ\/nLpG6HRCw\/VGcmLDs4NtbAGEcmdfQ3okF5gH4UYYQDlpdpmhxIjIQ0pu5Aa1VsKEE5iZo+riWeYgbHkRZFJL1NrQ5c+mdcVA1pRoUBy4XXUua9zHNDjQNop0gnYn3\/hWSMmwEu9TfwFIflwCMcu6HmBRgSKSCGkykoXIPdyJsCTXkmIU2LT4ReBj41FFZkBdSX7IlOYP4xWvLH1QwscQSkpTI8oogcUaAPaRPoelFF2dOKSBCoI6WBtIsIPccX8cpRDIywGJNoOOFgvo06TpbUjsDn46p4uOakZsaIVYPlvhmmqK1\/Q9hyoRgj3mNXQGRo6uqJn3DiTNmqVC\/vcdWeKHaVphlN8O4I6sM5UFR\/q4YdQnSs2FMaBNHSQFw68XAfNT\/WzmNTkshxzE2M1wGFv+b8CrPsUqPAgsDITIi1VSN69JMYQ7RTdAxo09XPHVYRhivlvO1H+G7NLmlU+ikq65eVDG4sjQdPNkInT8wpS7XSybHmUYXNdiOmHXoKFctv7KRJKmtqigliPGZt8uItBYa3XkfZoPBgEZO6kWwidC4wdVeN2AnZgioWwSHjpZynOrFEdfSX3C5S6VoeLQ21UctvBpjfTK3V5zG6j6enVowaTtBWq7jg0XxXTZ2oc4+Hu6\/Ms6QxHkJRxDqKWH2IoK+gCYdjb9d6gzUmkoeBBsToSQxFnM\/ZjMYFfD4YgWJmXgONT6UhgPsYdvOQlGpxP8EcGdr4Ra2vHXja\/jrdKMNHJEDx5cTyi4JOxSIsOkQ5tLy2fUXAQ9mIhx2m++o0zEkKKraZZ0UIBZHx6Xc0qnpH49W3VPzLqCjx5jNSoNYVoAez\/fqge0y4m1cDPla\/RR4KWzkFjSVmU9yBoILqLSEB5iMNlK3jAsLpYm2jxmREAsKlBWQj3DM0qBU+lfl04h\/xLpoI7atoN+c+8QFFMZaRqnlqqLz6IqjadMHdAHMffVNPbG5XP2xtbK2\/WHoRFJ+qMx7Qm8mb5vVQ7HwP+3a\/Gw6f71afBpv1J7CxfrZdfdrean58tvvys73Ddm+zcNCcsnRH+2yw26sfDpZ+Xtv\/7E0CT\/3VuPd\/e31Qi+R7lpicwKJNPafyW8RcU\/+BzJS5f6Iciyg8+eIhYZnjkSRDrQK3AQSMQffAKc8nWPaPJQLt\/N3Kf+6sviPxlZdp\/dawS8smSCEqIHzqz6bdW6oVNvTLqSnk2PeJYP3BRv+uuSbVtobtRyhV8THi\/yN8HPam48na\/vWTa89pbSVbWBYD+IWJ+8mJ\/H8=\" \/> \t\t<a href=\"https:\/\/www.pdf24.org\" target=\"_blank\" title=\"www.pdf24.org\" rel=\"nofollow\"><img src=\"https:\/\/www.hohenlohe-ungefiltert.de\/wp-content\/plugins\/pdf24-post-to-pdf\/img\/pdf_32x32.png\" alt=\"\" border=\"0\" height=\"32\" \/><\/a> \t\t<span class=\"pdf24Plugin-cp-space\">&nbsp;&nbsp;<\/span> \t\t<span class=\"pdf24Plugin-cp-text\">Sende Artikel als PDF<\/span> \t\t<span class=\"pdf24Plugin-cp-space\">&nbsp;&nbsp;<\/span> \t\t<input class=\"pdf24Plugin-cp-input\" style=\"margin: 0px;\" type=\"text\" name=\"sendEmailTo\" placeholder=\"Emailadresse\" \/> \t\t<input class=\"pdf24Plugin-cp-submit\" style=\"margin: 0px;\" type=\"submit\" value=\"Senden\" \/> \t<\/form> <\/div>","protected":false},"excerpt":{"rendered":"<p>GewerkschafterInnen protestieren gegen Krieg und Militarisierung: Wir zahlen nicht f\u00fcr Eure Kriege. Zur Teilnahme aufgerufen sind auch Menschen aus der Region Hohenlohe. Von Thomas Trueten, einer der Protest-Organisatoren aus Esslingen Wir rufen auf: Beteiligen wir uns an der Aktionswoche gegen Krise und Krieg von 28. M\u00e4rz bis 4. April 2009! Beteiligen wir uns an den [&hellip;]<\/p>\n","protected":false},"author":3,"featured_media":0,"comment_status":"open","ping_status":"open","sticky":false,"template":"","format":"standard","meta":[],"categories":[],"tags":[],"_links":{"self":[{"href":"https:\/\/www.hohenlohe-ungefiltert.de\/index.php?rest_route=\/wp\/v2\/posts\/1008"}],"collection":[{"href":"https:\/\/www.hohenlohe-ungefiltert.de\/index.php?rest_route=\/wp\/v2\/posts"}],"about":[{"href":"https:\/\/www.hohenlohe-ungefiltert.de\/index.php?rest_route=\/wp\/v2\/types\/post"}],"author":[{"embeddable":true,"href":"https:\/\/www.hohenlohe-ungefiltert.de\/index.php?rest_route=\/wp\/v2\/users\/3"}],"replies":[{"embeddable":true,"href":"https:\/\/www.hohenlohe-ungefiltert.de\/index.php?rest_route=%2Fwp%2Fv2%2Fcomments&post=1008"}],"version-history":[{"count":6,"href":"https:\/\/www.hohenlohe-ungefiltert.de\/index.php?rest_route=\/wp\/v2\/posts\/1008\/revisions"}],"predecessor-version":[{"id":1011,"href":"https:\/\/www.hohenlohe-ungefiltert.de\/index.php?rest_route=\/wp\/v2\/posts\/1008\/revisions\/1011"}],"wp:attachment":[{"href":"https:\/\/www.hohenlohe-ungefiltert.de\/index.php?rest_route=%2Fwp%2Fv2%2Fmedia&parent=1008"}],"wp:term":[{"taxonomy":"category","embeddable":true,"href":"https:\/\/www.hohenlohe-ungefiltert.de\/index.php?rest_route=%2Fwp%2Fv2%2Fcategories&post=1008"},{"taxonomy":"post_tag","embeddable":true,"href":"https:\/\/www.hohenlohe-ungefiltert.de\/index.php?rest_route=%2Fwp%2Fv2%2Ftags&post=1008"}],"curies":[{"name":"wp","href":"https:\/\/api.w.org\/{rel}","templated":true}]}}