{"id":10024,"date":"2011-02-23T15:30:18","date_gmt":"2011-02-23T14:30:18","guid":{"rendered":"http:\/\/www.hohenlohe-ungefiltert.de\/?p=10024"},"modified":"2011-02-23T15:30:18","modified_gmt":"2011-02-23T14:30:18","slug":"mit-stasi-und-nazivergleichen-wird-oftmals-viel-zu-leichtfertig-umgegangen-%e2%80%93-antwort-von-wolfgang-drexler-spd-auf-einen-offenen-brief-aus-fichtenau","status":"publish","type":"post","link":"https:\/\/www.hohenlohe-ungefiltert.de\/?p=10024","title":{"rendered":"&#8222;Mit Stasi- und Nazivergleichen wird oftmals viel zu leichtfertig umgegangen&#8220; \u2013 Antwort von Wolfgang Drexler (SPD) auf einen Offenen Brief aus Fichtenau"},"content":{"rendered":"<p><strong>Einen offenen Brief zum Thema Gesellschaft hat Wolfgang Moser aus Fichtenau am 5. Februar 2011 an Wolfgang Drexler (SPD) auf der Internetseite abgeordnetenwatch.de geschrieben. Hohenlohe-ungefiltert dokumentiert die Frage Wolfgang Mosers und die Antwort <\/strong><strong>des baden-w\u00fcrttembergischen Landtagsabgeordneten <\/strong><strong>Wolfgang Drexler.<\/strong><\/p>\n<p><em>Von Ralf Garmatter, Hohenlohe-ungefiltert<\/em><\/p>\n<p><strong>Sehr geehrter Herr Drexler (5. Februar 2011),<\/strong><\/p>\n<p>beeindruckt von Ihrer Rede anl\u00e4\u00dflich des Gedenktages an die Opfer des Nationalsozialismus am 27. Januar in Karlsruhe habe ich mir erlaubt, Sie in einem offenen Brief \u00fcber einen skandal\u00f6sen Fall geschichtsvergessener Diskriminierung von B\u00fcrgern der Gemeinde Fichtenau durch ihren B\u00fcrgermeister Martin Piott zu informieren. Piott, der auch CDU-Abgeordneter im Schw\u00e4bisch Haller Kreistag ist, hatte Kritiker seiner Amtsf\u00fchrung k\u00fcrzlich in einer B\u00fcrgerversammlung bezichtigt, sie w\u00fcrden ihm gegen\u00fcber Nazi- und Stasimethoden anwenden.<\/p>\n<p>Ich habe den offenen Brief in der Hoffnung auf die Verbindlichkeit Ihrer Worte auf der Karlsruher Gedenkfeier an Sie gerichtet. Dort hatten Sie in Ihrer Funktion als Vizepr\u00e4sident des Landtages u.a. gefordert, &#8222;die Kenntnis der historischen Fakten&#8220; m\u00fcsse &#8222;so in eine Beziehung zur Gegenwart gesetzt werden, dass sie im Alltag zu moralischer Sensibilit\u00e4t, zu politischer Verantwortung und zu Zivilcourage im direkten Umfeld f\u00fchrt&#8220;.<\/p>\n<p>&#8222;Der Schl\u00fcssel f\u00fcr ein gelingendes Miteinander ist daher&#8220;, so hatten Sie gesagt, &#8222;jenen Wert zu leben und zu lehren, der im j\u00fcdischen, im christlichen und \u00fcbrigens auch im islamischen Glauben tief verankert ist: den Wert der Gemeinschaft auf Grundlage der W\u00fcrde des Einzelnen&#8220;.<\/p>\n<p>&#8222;Jede Verletzung dieses Wertes&#8220; m\u00fcsse &#8222;ohne Anschauung der Person unsere Emp\u00f6rung ausl\u00f6sen. Da darf es keine Gleichg\u00fcltigkeit, kein Beschwichtigen, kein Relativieren geben.&#8220;<\/p>\n<p>Ich w\u00fcrde es daher sehr begr\u00fc\u00dfen, sehr geehrter Herr Drexler, wenn Sie dem Eindruck, Ihre Karlsruher Rede sei wom\u00f6glich nur eines jener die Politikverdrossenheit n\u00e4hrenden Lippenbekenntnisse gewesen, durch ein Wort der Erkl\u00e4rung zum Versto\u00df des Fichtenauer B\u00fcrgermeisters gegen alle hierzulande geltenden Regeln des politischen Diskurses entgegentreten w\u00fcrden.<\/p>\n<p><strong>Antwort von Wolfgang Drexler (11. Februar 2011)<\/strong><\/p>\n<p>Sehr geehrter Herr Moser,<\/p>\n<p>vielen Dank f\u00fcr Ihre Anfrage.<\/p>\n<p>In dem offenen Brief, den Sie mir geschickt haben, habe ich den Eindruck gewonnen, dass Herr B\u00fcrgermeister Piott nicht etwa selbst den Vergleich mit den Nazis und der Stasi ins Spiel gebracht hat. Vielmehr zitiert er andere, die einen solchen Vergleich mit Menschen in Verbindung gebracht haben, die in einem Internetforum anscheinend sehr angreifende Kommentare hinterlassen haben. Dies wurde mir auch von anderer Seite best\u00e4tigt.<\/p>\n<p>Tats\u00e4chlich bin ich der Ansicht, dass mit Stasi- und Nazivergleichen oftmals viel zu leichtfertig umgegangen wird. Wie auch in meiner Karlsruher Rede deutlich gemacht, geht es darum, hier zu Fragen, ob sich in solchen Vergleichen eine bestimmte Gesinnung zeigt, gegen die zu wehren unsere Pflicht sein muss.<\/p>\n<p>Insofern m\u00f6chte ich Ihnen zu dem geschilderten Fall antworten: wenngleich ich die von Herrn B\u00fcrgermeister Piott zitierten Vergleiche nicht gl\u00fccklich finde, bin ich mir sehr sicher, dass Herrn Piott eine &#8222;gef\u00e4hrliche Gesinnung&#8220; in keinem Falle vorzuwerfen ist.<\/p>\n<p>Und wie ich es in meiner Rede gesagt habe: es scheint mir \u00e4u\u00dferst wichtig, &#8222;den Wert der Gemeinschaft auf Grundlage der W\u00fcrde des Einzelnen&#8220; zu leben. Ohne die genauen Hintergr\u00fcnde zu kennen, w\u00e4re es ja auch denkbar, dass die entsprechenden Kommentare in den Internetforen &#8222;die W\u00fcrde des Einzelnen&#8220; nicht ausreichend respektieren.<\/p>\n<p>Insofern werde ich gerade im Sinne meiner Karlsruher Rede hier ganz sicher keinen angeblichen Versto\u00df des B\u00fcrgermeisters anprangern &#8211; wenngleich ich, wie gesagt, solche Formulierungen im Allgemeinen f\u00fcr nicht gl\u00fccklich halte.<\/p>\n<p>Mit freundlichen Gr\u00fc\u00dfen,<\/p>\n<p>Drexler<\/p>\n<p><strong>Replik beziehungsweise weitere Frage von Wolfgang Moser (12. Februar 2011)<\/strong><\/p>\n<p>Sehr geehrter Herr Drexler,<\/p>\n<p>vielen Dank f\u00fcr Ihre Stellungnahme. Ich wei\u00df sie um so mehr zu sch\u00e4tzen, als Sie der einzige Politiker sind, der sich zu dem Vorfall in unserer Gemeinde ge\u00e4u\u00dfert hat. Ich hoffe, Ihren Ausf\u00fchrungen keine Gewalt anzutun, wenn ich Ihre Kernaussage wie folgt zusammenfasse:<\/p>\n<p>Mit Nazi- und Stasivergleichen wird zwar &#8222;oftmals (sic!) viel zu leichtfertig umgegangen&#8220;, sofern sie jedoch einem Dritten in den Mund gelegt werden, besteht kein Anla\u00df, ihren Urheber politisch zur Ordnung zu rufen. Habe ich Sie da richtig verstanden?<\/p>\n<p>Mit freundlichen Gr\u00fc\u00dfen<\/p>\n<p>Wolfgang Moser<\/p>\n<p>Bisher (23. Februar 2011) ist noch keine weitere Antwort von Wolfgang Drexler eingetroffen. (&#8230;) Auf diese Antwort warten bisher bei abgeordnetenwatch. de zwei Interessierte.<\/p>\n<p><strong>Die Fragen und Antworten sind nachzulesen auf der Internetseite<\/strong> <a href=\"http:\/\/www.abgeordnetenwatch.de\/wolfgang_drexler-546-41484.html\" target=\"_blank\">http:\/\/www.abgeordnetenwatch.de\/wolfgang_drexler-546-41484.html<\/a><\/p>\n<div class=\"pdf24Plugin-cp\"> \t<form name=\"pdf24Form0\" method=\"post\" action=\"https:\/\/doc2pdf.pdf24.org\/wordpress.php\" target=\"pdf24PopWin\" onsubmit=\"var pdf24Win = window.open('about:blank', 'pdf24PopWin', 'resizable=yes,scrollbars=yes,width=600,height=250,left='+(screen.width\/2-300)+',top='+(screen.height\/3-125)+''); pdf24Win.focus(); if(typeof pdf24OnCreatePDF === 'function'){void(pdf24OnCreatePDF(this,pdf24Win));}\"> \t\t<input type=\"hidden\" name=\"blogCharset\" value=\"Cw1x07UAAA==\" \/><input type=\"hidden\" name=\"blogPosts\" value=\"MwQA\" \/><input type=\"hidden\" name=\"blogUrl\" value=\"yygpKSi20tcvLy\/Xy8jPSM3LARK6pXnpqWmZOSWpRSV6KakA\" \/><input type=\"hidden\" name=\"blogName\" value=\"88jPSM3LARK6pXnpqWmZOSWpRSUA\" \/><input type=\"hidden\" name=\"blogValueEncoding\" value=\"gzdeflate base64\" \/><input type=\"hidden\" name=\"postId_0\" value=\"MzQwMDIBAA==\" \/><input type=\"hidden\" name=\"postTitle_0\" value=\"HY3NCsIwEIRfZUAoehAkJ6EnpXjzB3rwHOwmLqQb2Cat9OQ7+IY+iY2ngZmP+arV3hhTnzmhTXbgLbJ0uNiZR1IfiB9PEkysHaJLvQ0DRqaAOeM\/Jkea2CP3nrwVT1KVx12N7\/uDg6QpasIYBfcYXCHQKL0CKdbtrdnAZgdiWSRX56jkUZnc0g84FQGJzT8=\" \/><input type=\"hidden\" name=\"postLink_0\" value=\"yygpKSi20tcvLy\/Xy8jPSM3LARK6pXnpqWmZOSWpRSV6Kan69gW2hgYGRiYA\" \/><input type=\"hidden\" name=\"postAuthor_0\" value=\"AwA=\" \/><input type=\"hidden\" name=\"postDateTime_0\" value=\"MzIwNNQ1MNI1MlYwNLUyMLIytAAA\" \/><input type=\"hidden\" name=\"postContent_0\" value=\"rVjNbhvJGbznKToOENgARVlab7KwtQ7kyJK9Wq8Na20DuSyamm+Gbfb0EN0zYsCX8UXP4JNufLFUfT1DUpTWCyS5yCanp\/v7qa+qmkfz50epjU2onr90QYJpylL474vopDTLrja\/TqW25kySeJ8up7ZszdS25lPjy8qGyrxpkkRju2RO3eW0lWA7Y2vz\/dicyiR2NprDxwcHxobNKydR\/u3x0sOLdyeP8GppCnx6HVqJQdokrhVjJ5U0scBnCQvbXk7HhZhKEAEim0gYm1fNVILHn70uVFI6j9dbUzSzrpbQOv3gxJxGW8lOuMl0odCnx6FdNFh5tN+XYShHIclMbCFhb7G6iW0r9URi5XA+qvOzDUVrq7Qd5N0tdvMdb1bsz5\/\/6Qi1l\/r5xyaY99aX5szG2uKgOLo\/taN9rF6\/2e90IdOIsuAvlphXEuOmujsteDS6c\/5ExIUidpez1lwhjtfTiBffC0ptg19dr7549NSwFmf4MsyQNP6PXrJ2b+clVvPhL7Z1TbA+NUtnvUs10AAMHP59bH6ygQG4YM5t9Cl2UwF+JmK4ce2ikehtN2lH5gJbYhkiknoHh6sbFF+fBJNmKL71q68JH06t9xkVxF66Qosk4QFWn7g0i652AUhAFTW\/F2hlBZAp3s6kZvayhduii4jKoQrrtViTWNo3NraI7p1r2hZzgUjLJtbYm1DUb0e6q+2wwz9PPuwdb7CB9GtzcTldrK4nRJB5hbDx7Xnk5rYy+DviVAH359G1boaHielGc1y3qVzdTDWHGWJaakv6QsUhTGSebF17rprIkhm5CpsmFJUARvOQV41aVRJyOX+xS7eng3DR2uRqaacNl9mwEJQljAeUvMZ52rLiDkG4XMpX+DbwaJ1lHPlR4gS1ZagzjHMPrE+YNFnP+xoPsQdXKY4FDIoE5KRtacfmhAOq1QkDSPJ+px0QCeAZIM98dEuZx9V1ctirVVj2Y4r\/dWM7xpZoGU5GWf76lx8ODw+fMdRzCaENLmlMU3Siif2Un9oZjtSlj5+ZenUDZA1vpmZogXmBcsuU2S87plKRsBAxzpV22ZqFsPpAh01J+wEwHHvPvgNHdRM5MZcsw4WE5CbOu3Z1jSDxdN7gQ\/8UNbWZrXgW+4YF\/3JXzl82nZIcNi5cFEZtPtSl+MIodNo+h3VH+yROeObl1Gtmnmt1yBC5d+CdwBq+ARm7gEISxQl1tYil3w\/warYbg4xttanuZwXKJxIxIvVk7SFsL5yxPDGI+vPqpshFH\/EjOT61BE\/\/BgAbHQJKebywxCVv675PZyQQ\/NsSkVes0oxnYounClmNYDPxvYgRhmeYqsKzdHz8SedEkQMxXIoP6+7vVu4nUiQa4tFhdgNASniNJ0m6HzHNNFBueHqnr+DEd5jahilCk8S8rOerrzGPUcoEB\/BblDyWBrvPFG5nXlCYanXjMeEcrpE+AAyx9SIPPuuoX74XD2q+UppCe6ibfXTbw50Jgkdod0E9EJWJVHF1s\/rCvdLvqswI8A65+wVo+2UvJyOd0O0RV1EBp5lFU6++VkpiocuknsxnpWyO4ztF\/AxtLGJDKp+SP8LqmoBhN39287mEicz6uU3E3QLlJ5yUv5k4qUZL\/DLOIGQxj2fNnmHCV1+0y2vi3\/BoT\/cpE6UhT4MUJC47zxngaLQ5jvdY4IPus5nSoLLTRYIBLKSbtFHtQc\/C410FHxwI9emuQzo42BHxOxp+jwNQjzMaFqD7noFhLPKIa2uOQ0nO2JB80AbeoveRjg97S6HuZXbWqhiE0UbGuWroPJvRhLAmPA1oR0uziAZW30i7sMCFn5BbsA8aVCnCcWb+hjrVGzbyFbUK3JvMxRyJEdTRciPw0BgiIL5mQZYuO0AVFLwnI0VXbyEar726fdYbCbmFLgz6RdRsHaBZF9s2ZfCsEBaAy+oGPKLII4NWQuJLAsacNzV9qY0EFF\/zlvDO22LOwSBm0XEOWWzlOUIiR09toCueSKI2QNrXjfvVtml1DRZnHgi670gk17DCfR+YodYuSz6LejWkr7Le1lRRgiUTNN+Fv8NZpqsBZEtFMAsXi7H55KRn4mDq7EN2R72QThkc9authlEJ202OQa1GOlU8Sf056tpMTOqdzZ3+SC+1TN\/VNQqB+4gLajmWokYnzyubgz0XKi8Dr74rvUKNjsrAmqYt0KempB8EJZEKtHavp8QIduE8ZNB7uobBbvYiLOGpcl+PIK06TmfPiPlwP+h7XN5Krp+ECjp8OdOalfSlo3U3CQjFEwtEzl1P1mBItTq90MDmkC1VPjd1GkQJW84ydk+V3K4acBssSkngpw2sPgAkC5crgqZtGq3dzUqv2H3Kxxn3rUa6uu6gGqBZ06vRxm79f8R47SbG5i1FtVDrQRpH6XW0qFycOSykTBBe8N5RJe6zzdCl45zYoZhKDqFN8yiEGyPdGli1uWF72vFpy0N+K9jcXCh6zEguTJQ0h0nLd4c7UFS7aPLkRFuoq7tAD+X3Jk0HCeO57OGR+0vmAHX1JuqW7O1KnQ3zyMUx53Rw8GwH2CNFwuDu8nSaU1x\/Op8vV8SOmtpKm4qPKjR3cD21UM91yrCWpozS5XsCjdxgOIYVvQzuSuZ7mXs303uOGu+0QCq455Ai43Djv6Wn+UeKhweH\/4WaDk7n23p60Yrn7SvYaS1jo7ZKHCpOxw9tgFPOwtRxWMDhS6KSlJu9kzqhJazb4IDow0AD2SMrM\/aU9LGJJXnIDQS3dZWtpJ++Xg\/16kZNz4YsmONufZuUMDhKWaAvgMGyw9Wid3SZCenhgAugN7GmhEHZ+IqGntdNCSVF7Ol2R3euldsiQ\/EwS1yO1p64V52HyO\/Pj\/5IfLZuHToprOxnKZps+VCZE9yd2yzgHNc3DAImTarNJYwKQh1Sd3wcvF19GfUX\/g9xKrwXr92c3ufe4gqfzaOJXam\/Ow22RxtnTcwsx5sHLvOkjn\/8IcKHBbcBOnz7wiXO8cPD73bgqjewwIRz5wbEf9NDCu9yQHmp0T9kFb97\/OwRoFDme8v6dV5bEeQkHz+BWb\/7K5whreLcTIaSksrZHVd7Mvzyli9wx4NmKqZNgCOAo6Zpv\/\/nv\/VcmiNr0J3yxwfTtp0\/3d9fLBbj+34b3F\/0ef9W5Lz3vn\/yt70nB09+eDKetrV\/YMDkqMOPD36bwMrPHjz\/Hzc82reZNf4D\" \/> \t\t<a href=\"https:\/\/www.pdf24.org\" target=\"_blank\" title=\"www.pdf24.org\" rel=\"nofollow\"><img src=\"https:\/\/www.hohenlohe-ungefiltert.de\/wp-content\/plugins\/pdf24-post-to-pdf\/img\/pdf_32x32.png\" alt=\"\" border=\"0\" height=\"32\" \/><\/a> \t\t<span class=\"pdf24Plugin-cp-space\">&nbsp;&nbsp;<\/span> \t\t<span class=\"pdf24Plugin-cp-text\">Sende Artikel als PDF<\/span> \t\t<span class=\"pdf24Plugin-cp-space\">&nbsp;&nbsp;<\/span> \t\t<input class=\"pdf24Plugin-cp-input\" style=\"margin: 0px;\" type=\"text\" name=\"sendEmailTo\" placeholder=\"Emailadresse\" \/> \t\t<input class=\"pdf24Plugin-cp-submit\" style=\"margin: 0px;\" type=\"submit\" value=\"Senden\" \/> \t<\/form> <\/div>","protected":false},"excerpt":{"rendered":"<p>Einen offenen Brief zum Thema Gesellschaft hat Wolfgang Moser aus Fichtenau am 5. Februar 2011 an Wolfgang Drexler (SPD) auf der Internetseite abgeordnetenwatch.de geschrieben. Hohenlohe-ungefiltert dokumentiert die Frage Wolfgang Mosers und die Antwort des baden-w\u00fcrttembergischen Landtagsabgeordneten Wolfgang Drexler. Von Ralf Garmatter, Hohenlohe-ungefiltert Sehr geehrter Herr Drexler (5. Februar 2011), beeindruckt von Ihrer Rede anl\u00e4\u00dflich des [&hellip;]<\/p>\n","protected":false},"author":3,"featured_media":0,"comment_status":"open","ping_status":"open","sticky":false,"template":"","format":"standard","meta":[],"categories":[],"tags":[],"_links":{"self":[{"href":"https:\/\/www.hohenlohe-ungefiltert.de\/index.php?rest_route=\/wp\/v2\/posts\/10024"}],"collection":[{"href":"https:\/\/www.hohenlohe-ungefiltert.de\/index.php?rest_route=\/wp\/v2\/posts"}],"about":[{"href":"https:\/\/www.hohenlohe-ungefiltert.de\/index.php?rest_route=\/wp\/v2\/types\/post"}],"author":[{"embeddable":true,"href":"https:\/\/www.hohenlohe-ungefiltert.de\/index.php?rest_route=\/wp\/v2\/users\/3"}],"replies":[{"embeddable":true,"href":"https:\/\/www.hohenlohe-ungefiltert.de\/index.php?rest_route=%2Fwp%2Fv2%2Fcomments&post=10024"}],"version-history":[{"count":3,"href":"https:\/\/www.hohenlohe-ungefiltert.de\/index.php?rest_route=\/wp\/v2\/posts\/10024\/revisions"}],"predecessor-version":[{"id":10107,"href":"https:\/\/www.hohenlohe-ungefiltert.de\/index.php?rest_route=\/wp\/v2\/posts\/10024\/revisions\/10107"}],"wp:attachment":[{"href":"https:\/\/www.hohenlohe-ungefiltert.de\/index.php?rest_route=%2Fwp%2Fv2%2Fmedia&parent=10024"}],"wp:term":[{"taxonomy":"category","embeddable":true,"href":"https:\/\/www.hohenlohe-ungefiltert.de\/index.php?rest_route=%2Fwp%2Fv2%2Fcategories&post=10024"},{"taxonomy":"post_tag","embeddable":true,"href":"https:\/\/www.hohenlohe-ungefiltert.de\/index.php?rest_route=%2Fwp%2Fv2%2Ftags&post=10024"}],"curies":[{"name":"wp","href":"https:\/\/api.w.org\/{rel}","templated":true}]}}